{"id":318032,"date":"2025-08-14T07:00:11","date_gmt":"2025-08-14T07:00:11","guid":{"rendered":"https:\/\/www.europesays.com\/fr\/318032\/"},"modified":"2025-08-14T07:00:11","modified_gmt":"2025-08-14T07:00:11","slug":"les-cimetieres-temoins-visibles-de-notre-passe-il-fait-vivre-lame-raphaeloise-a-travers-ce-nouveau-livre","status":"publish","type":"post","link":"https:\/\/www.europesays.com\/fr\/318032\/","title":{"rendered":"\u00ab\u00a0Les cimeti\u00e8res, t\u00e9moins visibles de notre pass\u00e9\u00a0\u00bb: il fait vivre l\u2019\u00e2me rapha\u00ebloise \u00e0 travers ce nouveau livre"},"content":{"rendered":"<p>Sous-titr\u00e9 \u2018\u2018Hommage \u00e0 nos disparus\u2019\u2019, ce nouvel ouvrage vient enrichir une collection d\u00e9j\u00e0 foisonnante de livres sur le riche pass\u00e9 et pr\u00e9sent de Saint-Rapha\u00ebl. Et l\u2019id\u00e9e de d\u00e9part a beau sembler un peu d\u00e9primante, voire lugubre \u2013 parcourir les tombes et fouiller les cimeti\u00e8res \u2013 mais elle n\u2019en reste pas moins ing\u00e9nieuse et bien efficace pour mettre au jour des noms, des familles et des personnalit\u00e9s qui ont marqu\u00e9, pour diverses raisons, la ville et son patrimoine. Et faire revivre ainsi l\u2019\u00e2me de la cit\u00e9.<\/p>\n<p>In Memoriam, sorti jeudi dernier, est le fruit de longues recherches pour agr\u00e9menter un ouvrage facile \u00e0 lire, bien compartiment\u00e9 en chapitres (lire ci-dessous), avec des photos souvent in\u00e9dites et des documents parfois peu connus du grand public. Un travail de fourmi, ou plut\u00f4t d\u2019enqu\u00eateur, sous la direction de Jean-Luc Guillet, qui s\u2019appuie sur l\u2019expertise d\u2019un comit\u00e9 scientifique de grande qualit\u00e9 \u2013 Alain Droguet, Fr\u00e9d\u00e9ric de Giraud d\u2019Agay, Laurence Lassalle, Annie Butard et Olivier Rolland, pour signer un livre, \u00e9dit\u00e9 par la Ville, riche, d\u00e9taill\u00e9 et tr\u00e8s instructif, m\u00eame pour ceux qui connaissent d\u00e9j\u00e0 certaines histoires de famille.<\/p>\n<p>\u00ab\u00a0Les cimeti\u00e8res, t\u00e9moins visibles de notre pass\u00e9\u00a0\u00bb<\/p>\n<p>\u00ab\u00a0Ce livre raconte l\u2019\u00e9volution de notre cit\u00e9, ses \u00e9preuves, ses mutations, ses figures illustres comme ses anonymes, sous un angle original mais profond\u00e9ment \u00e9vocateur, estime le maire Fr\u00e9d\u00e9ric Masquelier. Saint-Rapha\u00ebl est h\u00e9riti\u00e8re d\u2019histoires multiples, notre identit\u00e9 se nourrit autant de la pierre des monuments que des r\u00e9cits grav\u00e9s dans le marbre des cimeti\u00e8res. Ce livre est un outil de connaissance, mais aussi un acte de fid\u00e9lit\u00e9 envers ceux qui nous ont pr\u00e9c\u00e9d\u00e9s. [&#8230;] Nos cimeti\u00e8res sont bien plus que des lieux de silence. Ils sont les t\u00e9moins visibles de notre pass\u00e9, la m\u00e9moire \u00e0 ciel ouvert de notre ville, les gardiens de destins qui, chacun \u00e0 leur mani\u00e8re, ont fa\u00e7onn\u00e9 Saint-Rapha\u00ebl.\u00a0\u00bb<\/p>\n<p>Et que ce soit le cimeti\u00e8re Alphonse-Karr, celui de l\u2019Asp\u00e9 ou celui de la n\u00e9cropole, \u00ab\u00a0ils ont tous r\u00e9v\u00e9l\u00e9 des histoires, des anecdotes et des \u00e9v\u00e9nements qu\u2019il nous est donc aujourd\u2019hui possible de restituer dans cet ouvrage, r\u00e9v\u00e8le Jean-Luc Guillet. Et nous sommes all\u00e9s d\u2019explorations en d\u00e9couvertes! Certaines tombes n\u2019ont pas de nom mais juste un num\u00e9ro dans un listing. C\u2019\u00e9tait vraiment passionnant d\u2019investir certaines pistes et d\u2019en apprendre plus sur ces gens qui ont fait ce que la ville est aujourd\u2019hui. Il faut aussi remercier les gardiens des cimeti\u00e8res qui ont \u00e9t\u00e9 pr\u00e9cieux!\u00a0\u00bb<\/p>\n<p>In Memoriam pourrait aussi susciter, dit-on, un int\u00e9r\u00eat pour des visites guid\u00e9es des cimeti\u00e8res de la ville. Qui pourraient bien se mettre en place un jour.<\/p>\n<p>\u00ab\u00a0Il n\u2019y a pas de cimeti\u00e8re assez grand pour engloutir le pass\u00e9\u00a0\u00bb, disait l\u2019\u00e9crivain finlandais Arvi Kivimaa. Ces lieux ont tellement de choses \u00e0 raconter! Un tr\u00e8s instructif condens\u00e9 peut se d\u00e9vorer, d\u00e8s aujourd\u2019hui, dans In Memoriam.<\/p>\n<p>Familles d\u2019agriculteurs, de p\u00eacheurs ou de commer\u00e7ants. Des militaires, des entrepreneurs, des artistes, des r\u00e9sistants&#8230; Mais aussi les communaut\u00e9s anglaise, italienne, arm\u00e9nienne, juive: le livre offre une bien large palette de grands noms qui ont fait Saint-Rapha\u00ebl.<\/p>\n<p>En ces jours o\u00f9 l\u2019on c\u00e9l\u00e8bre le 81e anniversaire du D\u00e9barquement en Provence, faisons un zoom sur certains de ces h\u00e9ros qu\u2019In Memoriam a su mettre en lumi\u00e8re. \u00ab\u00a0Parmi les ouvrages des Collections de la Ville, on a bien s\u00fbr eu l\u2019occasion d\u2019aborder en d\u00e9tail le D\u00e9barquement de Provence et les r\u00e9sistants, rappelle Jean-Luc Guillet. Mais dans In Memoriam, on a d\u00e9velopp\u00e9 encore un peu plus la vie et le quotidien de ces h\u00e9ros.\u00a0\u00bb<\/p>\n<p>D\u00e8s 1940 et l\u2019armistice conclu entre le IIIe Reich et le gouvernement de P\u00e9tain, \u00ab\u00a0les premiers actes de r\u00e9sistance se sont exprim\u00e9s \u00e0 Saint-Rapha\u00ebl, d\u00e9taille le livre en introduction de ce chapitre. On peut ainsi lire \u2018\u2018 bas P\u00e9tain\u2019\u2019 sur la devanture de l\u2019\u00e9tablissement de bain La R\u00e9serve.\u00a0\u00bb<\/p>\n<p>Les fr\u00e8res Artufel \u00e0 l\u2019honneur<\/p>\n<p>Quelques pages plus loin, on peut y lire le destin de Jacques Artufel, Rapha\u00eblois membre du mouvement Combat. \u00ab\u00a0vingt ans, il est particuli\u00e8rement actif dans la diffusion des tracts gaullistes et le collage des messages anti-P\u00e9tain [&#8230;] Il participe aux combats du 16 ao\u00fbt 1944 pour lib\u00e9rer la commune. Il est tu\u00e9 ce jour-l\u00e0 aux Iscles, o\u00f9 r\u00e9side alors sa famille.\u00a0\u00bb On y \u00e9voque aussi le destin de son jeune fr\u00e8re Jean, qui est lui inhum\u00e9 \u00e0 Barjols.<\/p>\n<p>L\u2019ouvrage retrace \u00e9galement les parcours de Gabriel Os\u00e9e, propri\u00e9taire avec sa m\u00e8re de l\u2019h\u00f4tel Les Ar\u00e8nes et qui participera \u00e0 la lib\u00e9ration de Saint-Rapha\u00ebl, ou encore Eug\u00e8ne Martin, Pierre-Jean Herbinger, Am\u00e9d\u00e9e Peironne, Roger Landini, Jean Charlot&#8230; Difficile de devoir n\u2019en retenir que quelques-uns! \u00ab\u00a0On ne s\u2019y attendait pas trop, mais on a quand-m\u00eame d\u00e9couvert onze Compagnons de la Lib\u00e9ration\u00a0\u00bb, s\u2019enthousiasme Jean-Luc Guillet.<\/p>\n","protected":false},"excerpt":{"rendered":"Sous-titr\u00e9 \u2018\u2018Hommage \u00e0 nos disparus\u2019\u2019, ce nouvel ouvrage vient enrichir une collection d\u00e9j\u00e0 foisonnante de livres sur le&hellip;\n","protected":false},"author":2,"featured_media":318033,"comment_status":"","ping_status":"","sticky":false,"template":"","format":"standard","meta":{"footnotes":""},"categories":[1357],"tags":[1379,58,59,1011,27,937,1351,1380,3366],"class_list":{"0":"post-318032","1":"post","2":"type-post","3":"status-publish","4":"format-standard","5":"has-post-thumbnail","7":"category-livres","8":"tag-books","9":"tag-divertissement","10":"tag-entertainment","11":"tag-fr","12":"tag-france","13":"tag-histoire","14":"tag-litterature","15":"tag-livres","16":"tag-vie-locale"},"share_on_mastodon":{"url":"https:\/\/pubeurope.com\/@fr\/115025833076473367","error":""},"_links":{"self":[{"href":"https:\/\/www.europesays.com\/fr\/wp-json\/wp\/v2\/posts\/318032","targetHints":{"allow":["GET"]}}],"collection":[{"href":"https:\/\/www.europesays.com\/fr\/wp-json\/wp\/v2\/posts"}],"about":[{"href":"https:\/\/www.europesays.com\/fr\/wp-json\/wp\/v2\/types\/post"}],"author":[{"embeddable":true,"href":"https:\/\/www.europesays.com\/fr\/wp-json\/wp\/v2\/users\/2"}],"replies":[{"embeddable":true,"href":"https:\/\/www.europesays.com\/fr\/wp-json\/wp\/v2\/comments?post=318032"}],"version-history":[{"count":0,"href":"https:\/\/www.europesays.com\/fr\/wp-json\/wp\/v2\/posts\/318032\/revisions"}],"wp:featuredmedia":[{"embeddable":true,"href":"https:\/\/www.europesays.com\/fr\/wp-json\/wp\/v2\/media\/318033"}],"wp:attachment":[{"href":"https:\/\/www.europesays.com\/fr\/wp-json\/wp\/v2\/media?parent=318032"}],"wp:term":[{"taxonomy":"category","embeddable":true,"href":"https:\/\/www.europesays.com\/fr\/wp-json\/wp\/v2\/categories?post=318032"},{"taxonomy":"post_tag","embeddable":true,"href":"https:\/\/www.europesays.com\/fr\/wp-json\/wp\/v2\/tags?post=318032"}],"curies":[{"name":"wp","href":"https:\/\/api.w.org\/{rel}","templated":true}]}}