{"id":318036,"date":"2025-08-14T07:02:10","date_gmt":"2025-08-14T07:02:10","guid":{"rendered":"https:\/\/www.europesays.com\/fr\/318036\/"},"modified":"2025-08-14T07:02:10","modified_gmt":"2025-08-14T07:02:10","slug":"taylor-swift-annonce-la-sortie-de-son-douzieme-album-pour-le-3-octobre-prochain","status":"publish","type":"post","link":"https:\/\/www.europesays.com\/fr\/318036\/","title":{"rendered":"Taylor Swift annonce la sortie de son douzi\u00e8me album pour le 3\u00a0octobre prochain"},"content":{"rendered":"<p class=\"paragraph text_align_left lp-f-body-02\">Bonne nouvelle pour les fans de <a href=\"https:\/\/www.leparisien.fr\/culture-loisirs\/musique\/taylor-swift\/\" target=\"_blank\" rel=\"noreferrer nofollow noopener\">Taylor Swift<\/a>. Apr\u00e8s avoir<a href=\"https:\/\/www.leparisien.fr\/culture-loisirs\/musique\/taylor-swift-annonce-la-sortie-de-son-nouvel-album-the-life-of-a-showgirl-12-08-2025-YZBLUG75HZFUTJQ2NP5E7KPXEQ.php\" target=\"_blank\" rel=\"noreferrer nofollow noopener\"> annonc\u00e9 par surprise la sortie prochaine d\u2019un nouvel opus mardi<\/a>, la star am\u00e9ricaine de la pop a d\u00e9voil\u00e9 la date et la pochette de ce douzi\u00e8me album. Il sortira le 3 octobre prochain, a-t-elle r\u00e9v\u00e9l\u00e9 mercredi sur son site Internet et ses r\u00e9seaux sociaux.<\/p>\n<p class=\"paragraph text_align_left lp-f-body-02\">\u00ab The Life of a Showgirl \u00bb comprendra 12 titres, dont un duo avec Sabrina Carpenter, que le tube plan\u00e9taire \u00ab Espresso \u00bb a aussi hiss\u00e9 au rang de superstar de la pop. Taylor Swift avait fait trembler Internet mardi en annon\u00e7ant la sortie d\u2019un nouvel <a href=\"https:\/\/www.leparisien.fr\/culture-loisirs\/musique\/taylor-swift-rachete-les-droits-de-ses-premiers-albums-recit-dune-brouille-qui-a-bouleverse-lindustrie-musicale-30-05-2025-A5EWRIXK6BH2ZN2NR2ZX3QMQ5I.php\" target=\"_blank\" rel=\"noreferrer nofollow noopener\">album<\/a> disponible en \u00ab pr\u00e9 pr\u00e9commande \u00bb.<\/p>\n<p class=\"paragraph text_align_left lp-f-body-02\">\u00ab C\u2019est l\u2019album que j\u2019avais envie de faire depuis tr\u00e8s longtemps \u00bb, a confi\u00e9 la chanteuse de 35 ans dans le podcast New Heights, pr\u00e9sent\u00e9 par son petit ami <a href=\"https:\/\/www.leparisien.fr\/international\/etats-unis\/faux-couple-super-bowl-truque-taylor-swift-et-travis-kelce-au-coeur-dune-theorie-du-complot-des-pro-trump-31-01-2024-HTEV4QMZE5GZFEEVPYLO46WRX4.php\" target=\"_blank\" rel=\"noreferrer nofollow noopener\">Travis Kelce<\/a>, un joueur de football am\u00e9ricain, ainsi que le fr\u00e8re de celui-ci, Jason Kelce.<\/p>\n<p>\u00ab Maintenir la barre tr\u00e8s haut \u00bb<\/p>\n<p class=\"paragraph text_align_left lp-f-body-02\">\u00ab Il fallait que chaque chanson de cet album y soit pour mille raisons, et qu\u2019on ne puisse ni en retirer ni en ajouter une seule sans que \u00e7a change tout l\u2019album \u00bb, a-t-elle dit. \u00ab Cette forme de discipline dans la cr\u00e9ation d\u2019un album, en maintenant la barre tr\u00e8s haut, c\u2019est quelque chose que je voulais faire depuis tr\u00e8s longtemps. \u00bb<\/p>\n<p class=\"paragraph text_align_left lp-f-body-02\">Mercredi, l\u2019ex-chanteuse de country <a href=\"https:\/\/www.leparisien.fr\/culture-loisirs\/musique\/149-concerts-2-milliards-de-dollars-la-tournee-de-tous-les-records-de-taylor-swift-prend-fin-08-12-2024-HPUN2U6HTFFDBBK2VXKN3JJOGQ.php\" target=\"_blank\" rel=\"noreferrer nofollow noopener\">devenue star mondiale<\/a> a \u00e9galement r\u00e9v\u00e9l\u00e9 la pochette de \u00ab The Life of a Showgirl \u00bb sur laquelle on la voit en robe \u00e0 strass dans une baignoire avec seulement une partie du visage \u00e9mergeant de l\u2019eau. Toujours ce m\u00e9lange de glamour et de m\u00e9lancolie qui a conquis ses fans \u00e0 travers le monde, les fameux \u00ab swifties \u00bb.<\/p>\n<p class=\"paragraph text_align_left lp-f-body-02\">Le onzi\u00e8me et pr\u00e9c\u00e9dent album de Taylor Swift, \u00ab The Tortured Poets Department \u00bb, s\u2019\u00e9tait vendu \u00e0 1,4 million d\u2019exemplaires au premier jour de sa sortie, le 19 avril 2024.<\/p>\n<p class=\"paragraph text_align_left lp-f-body-02\">En t\u00eate du palmar\u00e8s des <a href=\"https:\/\/www.leparisien.fr\/societe\/beyonce-kendrick-lamar-taylor-swift-pourquoi-leurs-fans-shabillent-tous-pareil-17-07-2025-H3WUGDKME5FMBGOQXPWDVKKJAQ.php\" target=\"_blank\" rel=\"noreferrer nofollow noopener\">artistes les plus \u00e9cout\u00e9s<\/a> en 2024 selon la F\u00e9d\u00e9ration internationale de l\u2019industrie phonographique (IFPI), l\u2019interpr\u00e8te de \u00ab Anti-Hero \u00bb, \u00ab Shake It Off \u00bb et \u00ab Blank Space \u00bb pourrait une nouvelle fois exploser les records de l\u2019industrie musicale.<\/p>\n","protected":false},"excerpt":{"rendered":"Bonne nouvelle pour les fans de Taylor Swift. Apr\u00e8s avoir annonc\u00e9 par surprise la sortie prochaine d\u2019un nouvel&hellip;\n","protected":false},"author":2,"featured_media":318037,"comment_status":"","ping_status":"","sticky":false,"template":"","format":"standard","meta":{"footnotes":""},"categories":[1355],"tags":[872,58,59,1011,27,1361,873],"class_list":{"0":"post-318036","1":"post","2":"type-post","3":"status-publish","4":"format-standard","5":"has-post-thumbnail","7":"category-musique","8":"tag-culture-et-loisirs","9":"tag-divertissement","10":"tag-entertainment","11":"tag-fr","12":"tag-france","13":"tag-music","14":"tag-musique"},"share_on_mastodon":{"url":"https:\/\/pubeurope.com\/@fr\/115025840876537317","error":""},"_links":{"self":[{"href":"https:\/\/www.europesays.com\/fr\/wp-json\/wp\/v2\/posts\/318036","targetHints":{"allow":["GET"]}}],"collection":[{"href":"https:\/\/www.europesays.com\/fr\/wp-json\/wp\/v2\/posts"}],"about":[{"href":"https:\/\/www.europesays.com\/fr\/wp-json\/wp\/v2\/types\/post"}],"author":[{"embeddable":true,"href":"https:\/\/www.europesays.com\/fr\/wp-json\/wp\/v2\/users\/2"}],"replies":[{"embeddable":true,"href":"https:\/\/www.europesays.com\/fr\/wp-json\/wp\/v2\/comments?post=318036"}],"version-history":[{"count":0,"href":"https:\/\/www.europesays.com\/fr\/wp-json\/wp\/v2\/posts\/318036\/revisions"}],"wp:featuredmedia":[{"embeddable":true,"href":"https:\/\/www.europesays.com\/fr\/wp-json\/wp\/v2\/media\/318037"}],"wp:attachment":[{"href":"https:\/\/www.europesays.com\/fr\/wp-json\/wp\/v2\/media?parent=318036"}],"wp:term":[{"taxonomy":"category","embeddable":true,"href":"https:\/\/www.europesays.com\/fr\/wp-json\/wp\/v2\/categories?post=318036"},{"taxonomy":"post_tag","embeddable":true,"href":"https:\/\/www.europesays.com\/fr\/wp-json\/wp\/v2\/tags?post=318036"}],"curies":[{"name":"wp","href":"https:\/\/api.w.org\/{rel}","templated":true}]}}