{"id":318038,"date":"2025-08-14T07:03:10","date_gmt":"2025-08-14T07:03:10","guid":{"rendered":"https:\/\/www.europesays.com\/fr\/318038\/"},"modified":"2025-08-14T07:03:10","modified_gmt":"2025-08-14T07:03:10","slug":"le-festival-du-film-de-toronto-dement-avoir-censure-un-documentaire-sur-le-7-octobre","status":"publish","type":"post","link":"https:\/\/www.europesays.com\/fr\/318038\/","title":{"rendered":"Le Festival Du Film De Toronto D\u00e9ment Avoir Censur\u00e9 Un Documentaire Sur Le 7 Octobre"},"content":{"rendered":"<p class=\"\" data-is=\"component-paragraph\">Le directeur g\u00e9n\u00e9ral du Festival international du film de Toronto (TIFF), Cameron Bailey, est sorti de son silence jeudi soir apr\u00e8s 24 heures de vives critiques. Le festival avait retir\u00e9 de sa programmation le documentaire \u00ab\u00a0The Road Between Us: The Ultimate Rescue\u00a0\u00bb du r\u00e9alisateur canadien Barry Avrich, suscitant une vague d&rsquo;indignation.<\/p>\n<p class=\"\" data-is=\"component-paragraph\">Le film retrace l&rsquo;histoire h\u00e9ro\u00efque du colonel \u00e0 la retraite Naom Tibon, p\u00e8re du journaliste Amir Tibon, membre du kibboutz Nahal Oz. Le 7 octobre 2023, ce grand-p\u00e8re s&rsquo;est lanc\u00e9 dans une mission de sauvetage d\u00e9sesp\u00e9r\u00e9e pour secourir sa famille, notamment ses deux petites-filles. Au cours de cette journ\u00e9e tragique, il a \u00e9galement secouru des survivants du massacre du festival Nova et port\u00e9 assistance \u00e0 des soldats bless\u00e9s.<\/p>\n<p>Une justification controvers\u00e9e<\/p>\n<p class=\"\" data-is=\"component-paragraph\">Initialement, les organisateurs avaient justifi\u00e9 cette annulation par des probl\u00e8mes de droits d&rsquo;auteur concernant les images film\u00e9es par les terroristes du Hamas lors du massacre. Une explication qui a provoqu\u00e9 l&rsquo;indignation : fallait-il vraiment demander l&rsquo;autorisation aux bourreaux pour montrer leurs crimes ?<\/p>\n<p class=\"\" data-is=\"component-paragraph\">Les cr\u00e9ateurs du documentaire ont d\u00e9nonc\u00e9 cette justification comme un \u00ab\u00a0pr\u00e9texte\u00a0\u00bb, accusant le festival de c\u00e9der \u00e0 la pression et \u00e0 la peur des manifestations pro-palestiniennes.<\/p>\n<p>Bailey d\u00e9ment et promet des solutions<\/p>\n<p class=\"\" data-is=\"component-paragraph\">Dans une d\u00e9claration exclusive accord\u00e9e au site Variety, Cameron Bailey a cat\u00e9goriquement d\u00e9menti les accusations de censure. \u00ab\u00a0Les affirmations selon lesquelles le film a \u00e9t\u00e9 retir\u00e9 en raison de la censure sont absolument fausses\u00a0\u00bb, a-t-il d\u00e9clar\u00e9.<\/p>\n<p class=\"\" data-is=\"component-paragraph\">Le dirigeant s&rsquo;est montr\u00e9 conciliant, reconnaissant les pr\u00e9occupations de la communaut\u00e9 juive et s&rsquo;excusant pour \u00ab\u00a0toute douleur que cette situation pourrait causer\u00a0\u00bb. Il a affirm\u00e9 son intention de maintenir la projection du documentaire et a demand\u00e9 \u00e0 son \u00e9quipe juridique de \u00ab\u00a0travailler avec les cr\u00e9ateurs pour explorer toutes les options disponibles\u00a0\u00bb.<\/p>\n<p class=\"\" data-is=\"component-paragraph\">Bailey a soulign\u00e9 l&rsquo;importance du sujet trait\u00e9 par le film, estimant qu&rsquo;il \u00ab\u00a0raconte une histoire importante\u00a0\u00bb qui contribue \u00e0 la diversit\u00e9 des perspectives pr\u00e9sent\u00e9es au festival.<\/p>\n<p>Un climat tendu<\/p>\n<p class=\"\" data-is=\"component-paragraph\">Cette pol\u00e9mique intervient dans un contexte de tensions croissantes autour des questions li\u00e9es au conflit isra\u00e9lo-palestinien dans les milieux culturels. Le festival craignait apparemment des manifestations perturbatrices lors de l&rsquo;\u00e9v\u00e9nement pr\u00e9vu du 4 au 14 septembre.<\/p>\n","protected":false},"excerpt":{"rendered":"Le directeur g\u00e9n\u00e9ral du Festival international du film de Toronto (TIFF), Cameron Bailey, est sorti de son silence&hellip;\n","protected":false},"author":2,"featured_media":318039,"comment_status":"","ping_status":"","sticky":false,"template":"","format":"standard","meta":{"footnotes":""},"categories":[1354],"tags":[58,59,1346,1011,27,1360],"class_list":{"0":"post-318038","1":"post","2":"type-post","3":"status-publish","4":"format-standard","5":"has-post-thumbnail","7":"category-films","8":"tag-divertissement","9":"tag-entertainment","10":"tag-films","11":"tag-fr","12":"tag-france","13":"tag-movies"},"share_on_mastodon":{"url":"","error":""},"_links":{"self":[{"href":"https:\/\/www.europesays.com\/fr\/wp-json\/wp\/v2\/posts\/318038","targetHints":{"allow":["GET"]}}],"collection":[{"href":"https:\/\/www.europesays.com\/fr\/wp-json\/wp\/v2\/posts"}],"about":[{"href":"https:\/\/www.europesays.com\/fr\/wp-json\/wp\/v2\/types\/post"}],"author":[{"embeddable":true,"href":"https:\/\/www.europesays.com\/fr\/wp-json\/wp\/v2\/users\/2"}],"replies":[{"embeddable":true,"href":"https:\/\/www.europesays.com\/fr\/wp-json\/wp\/v2\/comments?post=318038"}],"version-history":[{"count":0,"href":"https:\/\/www.europesays.com\/fr\/wp-json\/wp\/v2\/posts\/318038\/revisions"}],"wp:featuredmedia":[{"embeddable":true,"href":"https:\/\/www.europesays.com\/fr\/wp-json\/wp\/v2\/media\/318039"}],"wp:attachment":[{"href":"https:\/\/www.europesays.com\/fr\/wp-json\/wp\/v2\/media?parent=318038"}],"wp:term":[{"taxonomy":"category","embeddable":true,"href":"https:\/\/www.europesays.com\/fr\/wp-json\/wp\/v2\/categories?post=318038"},{"taxonomy":"post_tag","embeddable":true,"href":"https:\/\/www.europesays.com\/fr\/wp-json\/wp\/v2\/tags?post=318038"}],"curies":[{"name":"wp","href":"https:\/\/api.w.org\/{rel}","templated":true}]}}