{"id":318040,"date":"2025-08-14T07:04:16","date_gmt":"2025-08-14T07:04:16","guid":{"rendered":"https:\/\/www.europesays.com\/fr\/318040\/"},"modified":"2025-08-14T07:04:16","modified_gmt":"2025-08-14T07:04:16","slug":"je-suis-plus-piquee-ici-que-dans-le-marais-poitevin-a-saint-maur-ils-nen-peuvent-plus-des-moustiques","status":"publish","type":"post","link":"https:\/\/www.europesays.com\/fr\/318040\/","title":{"rendered":"\u00ab\u00a0Je suis plus piqu\u00e9e ici que dans le Marais poitevin\u00a0!\u00a0\u00bb\u00a0: \u00e0 Saint-Maur, ils n\u2019en peuvent plus des moustiques"},"content":{"rendered":"<p class=\"paragraph text_align_left lp-f-body-02\">D\u2019habitude, quand les enfants parisiens d\u2019Emmanuel viennent passer les vacances chez sa nouvelle compagne, Audrey, ils jouent dans le jardin \u00e0 longueur de journ\u00e9e. Mais cette ann\u00e9e, ils n\u2019osent plus franchir la porte qui m\u00e8ne \u00e0 l\u2019ext\u00e9rieur de la petite maison de <a href=\"https:\/\/www.leparisien.fr\/val-de-marne-94\/saint-maur-des-fosses-94100\/\" target=\"_self\" rel=\"noopener\">Saint-Maur-des-Foss\u00e9s<\/a>. Il a suffi d\u2019une tentative, sold\u00e9e par des dizaines de piq\u00fbres \u00e0 eux deux, pour que les petits de 4 et 6 ans renoncent au jardin.<\/p>\n<p class=\"paragraph text_align_left lp-f-body-02\">\u00ab On ne sort plus, je ne vais plus dans mon jardin que pour \u00e9tendre le linge \u00bb, se d\u00e9sole Audrey. <a href=\"https:\/\/www.leparisien.fr\/societe\/sante\/les-moustiques-sont-la-quelles-pistes-pour-stopper-lennemi-public-numero-1-11-07-2025-S53QQ7QI45HSJPIJABBK6XWJTQ.php\" target=\"_self\" rel=\"noopener\">Les moustiques<\/a>, peut-\u00eatre tigres puisqu\u2019ils piquent toute la journ\u00e9e et sont difficiles \u00e0 voir, sont en train de g\u00e2cher l\u2019\u00e9t\u00e9 de cette Val-de-Marnaise et de la plupart de ses voisins. Une p\u00e9tition vient d\u2019\u00eatre relanc\u00e9e par des habitants de la commune entour\u00e9e par la Marne. Sur les r\u00e9seaux sociaux, ils r\u00e9clament <a href=\"https:\/\/www.leparisien.fr\/environnement\/dengue-on-a-suivi-une-operation-nocturne-pour-eliminer-les-moustiques-tigres-30-09-2023-FLD3B7TZ4VBTHL6OMXG6JA2ZKE.php\" target=\"_self\" rel=\"noopener\">une op\u00e9ration de d\u00e9moustication<\/a> ou toute autre mesure qui leur permette de remettre le nez dehors.<\/p>\n","protected":false},"excerpt":{"rendered":"D\u2019habitude, quand les enfants parisiens d\u2019Emmanuel viennent passer les vacances chez sa nouvelle compagne, Audrey, ils jouent dans&hellip;\n","protected":false},"author":2,"featured_media":318041,"comment_status":"","ping_status":"","sticky":false,"template":"","format":"standard","meta":{"footnotes":""},"categories":[10],"tags":[1011,27,72,1944,71,1125],"class_list":{"0":"post-318040","1":"post","2":"type-post","3":"status-publish","4":"format-standard","5":"has-post-thumbnail","7":"category-sante","8":"tag-fr","9":"tag-france","10":"tag-health","11":"tag-ma-ville","12":"tag-sante","13":"tag-val-de-marne"},"share_on_mastodon":{"url":"https:\/\/pubeurope.com\/@fr\/115025848839158569","error":""},"_links":{"self":[{"href":"https:\/\/www.europesays.com\/fr\/wp-json\/wp\/v2\/posts\/318040","targetHints":{"allow":["GET"]}}],"collection":[{"href":"https:\/\/www.europesays.com\/fr\/wp-json\/wp\/v2\/posts"}],"about":[{"href":"https:\/\/www.europesays.com\/fr\/wp-json\/wp\/v2\/types\/post"}],"author":[{"embeddable":true,"href":"https:\/\/www.europesays.com\/fr\/wp-json\/wp\/v2\/users\/2"}],"replies":[{"embeddable":true,"href":"https:\/\/www.europesays.com\/fr\/wp-json\/wp\/v2\/comments?post=318040"}],"version-history":[{"count":0,"href":"https:\/\/www.europesays.com\/fr\/wp-json\/wp\/v2\/posts\/318040\/revisions"}],"wp:featuredmedia":[{"embeddable":true,"href":"https:\/\/www.europesays.com\/fr\/wp-json\/wp\/v2\/media\/318041"}],"wp:attachment":[{"href":"https:\/\/www.europesays.com\/fr\/wp-json\/wp\/v2\/media?parent=318040"}],"wp:term":[{"taxonomy":"category","embeddable":true,"href":"https:\/\/www.europesays.com\/fr\/wp-json\/wp\/v2\/categories?post=318040"},{"taxonomy":"post_tag","embeddable":true,"href":"https:\/\/www.europesays.com\/fr\/wp-json\/wp\/v2\/tags?post=318040"}],"curies":[{"name":"wp","href":"https:\/\/api.w.org\/{rel}","templated":true}]}}