{"id":318048,"date":"2025-08-14T07:08:10","date_gmt":"2025-08-14T07:08:10","guid":{"rendered":"https:\/\/www.europesays.com\/fr\/318048\/"},"modified":"2025-08-14T07:08:10","modified_gmt":"2025-08-14T07:08:10","slug":"le-bitcoin-depasse-124-000-dollars-un-nouveau-record-porte-par-wall-street-et-la-legislation-americaine","status":"publish","type":"post","link":"https:\/\/www.europesays.com\/fr\/318048\/","title":{"rendered":"Le Bitcoin d\u00e9passe 124\u00a0000\u00a0dollars, un nouveau record port\u00e9 par Wall Street et la l\u00e9gislation am\u00e9ricaine"},"content":{"rendered":"<p>                          <img loading=\"lazy\" decoding=\"async\" src=\"https:\/\/www.europesays.com\/fr\/wp-content\/uploads\/2025\/08\/37a0e0b_ftp-import-images-1-jgkgtegge7a2-5624367-01-06.jpg\" alt=\"Dans la salle des \u00e9changes de Wall Street, \u00e0 New York, mercredi 13\u00a0ao\u00fbt, \u00e0 l\u2019occasion de l\u2019entr\u00e9e en bourse de la plateforme de cryptomonnaie Bullish.\"   width=\"664\" height=\"443\"\/>    Dans la salle des \u00e9changes de Wall Street, \u00e0 New York, mercredi 13\u00a0ao\u00fbt, \u00e0 l\u2019occasion de l\u2019entr\u00e9e en bourse de la plateforme de cryptomonnaie Bullish.  MICHAEL M. SANTIAGO \/ AFP                            <\/p>\n<p class=\"article__paragraph  \">Le bitcoin a atteint un nouveau plus haut, jeudi 14\u00a0ao\u00fbt au matin, dans les premiers \u00e9changes asiatiques, d\u00e9passant pour la premi\u00e8re fois le seuil des 124\u00a0000\u00a0dollars (soit 106\u00a0355,61\u00a0euros).<\/p>\n<p class=\"article__paragraph  \">La cryptomonnaie affiche depuis plusieurs mois une nette progression, encourag\u00e9e notamment par le cadre l\u00e9gislatif favorable mis en place par le pr\u00e9sident am\u00e9ricain Donald Trump et la perspective d\u2019une baisse des taux par la Fed d\u2019ici \u00e0 la fin de l\u2019\u00e9t\u00e9. Sur le plan r\u00e9glementaire, les derni\u00e8res batailles juridiques majeures men\u00e9es par l\u2019autorit\u00e9 am\u00e9ricaine de r\u00e9gulation du secteur sont d\u00e9sormais closes.<\/p>\n<p class=\"article__paragraph  \">La star des cryptomonnaies a battu son pr\u00e9c\u00e9dent record du 14\u00a0juillet dernier (123\u00a0205\u00a0dollars, soit 105\u00a0673,73\u00a0euros), d\u00e9passant m\u00eame bri\u00e8vement les 124\u00a0500\u00a0dollars (soit 106\u00a0784,46\u00a0euros) avant de refluer. Vers 4\u00a0heures, heures de Paris, le bitcoin s\u2019\u00e9changeait pour quelque 123\u00a0600\u00a0dollars (soit 106\u00a0012,52\u00a0euros).<\/p>\n<p class=\"article__paragraph  \">Les actions am\u00e9ricaines ont termin\u00e9 en forte hausse mercredi \u00e0 la Bourse de New York, l\u2019indice S&amp;P 500 atteignant un nouveau plus haut, tout comme le Nasdaq \u00e0 forte coloration technologique, contribuant \u00e0 la hausse de la cryptomonnaie.<\/p>\n<p>                                         Lire aussi |  Article r\u00e9serv\u00e9 \u00e0 nos abonn\u00e9s  <a href=\"https:\/\/www.lemonde.fr\/economie\/article\/2025\/07\/18\/donald-trump-pourrait-promulguer-vendredi-18-juillet-la-premiere-loi-d-encadrement-des-monnaies-numeriques_6621925_3234.html\" class=\"js-article-read-also catcher--favoris__link\" data-premium=\"1\" id=\"article-title-3431984\" rel=\"nofollow noopener\" target=\"_blank\">Une premi\u00e8re loi d\u2019encadrement des cryptomonnaies aux Etats-Unis<\/a>    <\/p>\n<p>   Lire plus tard  <\/p>\n<p class=\"author__detail\">  Le Monde avec AFP  <\/p>\n<p>                  <a href=\"https:\/\/www.lemonde.fr\/syndication\/\" class=\"reuse__content\" title=\"R\u00e9utiliser ce contenu\" target=\"_blank\" rel=\"nofollow noopener\">R\u00e9utiliser ce contenu<\/a>      <\/p>\n","protected":false},"excerpt":{"rendered":"Dans la salle des \u00e9changes de Wall Street, \u00e0 New York, mercredi 13\u00a0ao\u00fbt, \u00e0 l\u2019occasion de l\u2019entr\u00e9e en&hellip;\n","protected":false},"author":2,"featured_media":318049,"comment_status":"","ping_status":"","sticky":false,"template":"","format":"standard","meta":{"footnotes":""},"categories":[6],"tags":[35,33,34,1011,27],"class_list":{"0":"post-318048","1":"post","2":"type-post","3":"status-publish","4":"format-standard","5":"has-post-thumbnail","7":"category-economie","8":"tag-business","9":"tag-economie","10":"tag-economy","11":"tag-fr","12":"tag-france"},"share_on_mastodon":{"url":"https:\/\/pubeurope.com\/@fr\/115025864591246438","error":""},"_links":{"self":[{"href":"https:\/\/www.europesays.com\/fr\/wp-json\/wp\/v2\/posts\/318048","targetHints":{"allow":["GET"]}}],"collection":[{"href":"https:\/\/www.europesays.com\/fr\/wp-json\/wp\/v2\/posts"}],"about":[{"href":"https:\/\/www.europesays.com\/fr\/wp-json\/wp\/v2\/types\/post"}],"author":[{"embeddable":true,"href":"https:\/\/www.europesays.com\/fr\/wp-json\/wp\/v2\/users\/2"}],"replies":[{"embeddable":true,"href":"https:\/\/www.europesays.com\/fr\/wp-json\/wp\/v2\/comments?post=318048"}],"version-history":[{"count":0,"href":"https:\/\/www.europesays.com\/fr\/wp-json\/wp\/v2\/posts\/318048\/revisions"}],"wp:featuredmedia":[{"embeddable":true,"href":"https:\/\/www.europesays.com\/fr\/wp-json\/wp\/v2\/media\/318049"}],"wp:attachment":[{"href":"https:\/\/www.europesays.com\/fr\/wp-json\/wp\/v2\/media?parent=318048"}],"wp:term":[{"taxonomy":"category","embeddable":true,"href":"https:\/\/www.europesays.com\/fr\/wp-json\/wp\/v2\/categories?post=318048"},{"taxonomy":"post_tag","embeddable":true,"href":"https:\/\/www.europesays.com\/fr\/wp-json\/wp\/v2\/tags?post=318048"}],"curies":[{"name":"wp","href":"https:\/\/api.w.org\/{rel}","templated":true}]}}