{"id":318050,"date":"2025-08-14T07:09:09","date_gmt":"2025-08-14T07:09:09","guid":{"rendered":"https:\/\/www.europesays.com\/fr\/318050\/"},"modified":"2025-08-14T07:09:09","modified_gmt":"2025-08-14T07:09:09","slug":"en-direct-gaza-legypte-condamne-lideologie-du-grand-israel-le-monde-fr","status":"publish","type":"post","link":"https:\/\/www.europesays.com\/fr\/318050\/","title":{"rendered":"En direct, Gaza : l\u2019Egypte condamne l\u2019id\u00e9ologie du \u00ab Grand Isra\u00ebl \u00bb &#8211; Le Monde.fr"},"content":{"rendered":"<ol>\n<li><a href=\"https:\/\/news.google.com\/rss\/articles\/CBMiywFBVV95cUxNaF9zQlZmTkZ4QTg2OWJtZzVIQ052UGQ4WUVObjUtX2Fkc29vUGMzOFpjX2ducVB1ak1YNHFTZVRFeDNPY0lBWG9SWmdlT1BMOGlObzlEYVZfc0ZCRVgzWFF1Q2pBSE9iTFJTZXdQZ0d0QmFySmRXcUhvSEpVQ2ZuWGZqVC1DbzNmT0hESlRHU0JWaUNUTGNYbFBWRXNuNDN0djVaZGNmbm1la01LaVJqX2RNRTVKUUFHNlRXaEpPM2NfbnJUTEdsMkpzMA?oc=5\" target=\"_blank\" rel=\"nofollow noopener\">En direct, Gaza : l\u2019Egypte condamne l\u2019id\u00e9ologie du \u00ab Grand Isra\u00ebl \u00bb<\/a>&nbsp;&nbsp;Le Monde.fr<\/li>\n<li><a href=\"https:\/\/news.google.com\/rss\/articles\/CBMi7AFBVV95cUxNVmYxQmxpMVNEcjlKNERJeTFRZk5jUXIwbWZXWENBenBwV2VvSFp2cnFlZlN0eTZQVFl3ZDg3bk1zYVAtMzAzR2NOQS1Md1U5UThfT2ZEMHllNkxZcnllNzBYUGlFWERibWx4bkxpd0NVeXgwc21sWlJMZV9tT1JsSFVxV25aOUlTRDAwMmx2WkxOMGtfVzFValllQWFTZlNpa21VLVpyUFQ5RElKLXhqRGhKV09jdzYxWUJMRGpLbkxwdk1obmlkYlZoczJWSmpXWG13YVRNc3Rhb0hrYUxycTJlXzJiTDY4VHJJdw?oc=5\" target=\"_blank\" rel=\"nofollow noopener\">Vives r\u00e9actions des pays arabes apr\u00e8s les propos de Netanyahou sur la vision d\u2019un \u00ab\u00a0Grand Isra\u00ebl\u00a0\u00bb<\/a>&nbsp;&nbsp;i24NEWS<\/li>\n<li><a href=\"https:\/\/news.google.com\/rss\/articles\/CBMi1AFBVV95cUxObTlya0o3WVBVVUtiOUxlREMyOHJvMEJ4MUNmZDljc2dNem1WMGlDY29TeFNGUE1GQkMwOG40TDFjVVUydFozWXNKT1h0b2oxQ2lNYkdWZ0g0d3I4d3FhbFVCWWJDV1ozSWtVYUEyS3V3U0JBQWRQc29yaEdkS0lESFp0amF2MGY1ckY0SnpHczNQbHVKdExyejdWLXh5MXpaY3Z4VFZvWUxGRmdKZXJpaER5aDVNRlF5c1laRk5MNmExNDlGZDJ3Z2NwYWVlSGozakVKYg?oc=5\" target=\"_blank\" rel=\"nofollow noopener\">L&rsquo;\u00c9gypte demande \u00e0 Isra\u00ebl des explications sur l&rsquo;id\u00e9ologie du \u00abGrand Isra\u00ebl\u00bb<\/a>&nbsp;&nbsp;RFI<\/li>\n<li><a href=\"https:\/\/news.google.com\/rss\/articles\/CBMizwFBVV95cUxOY0tsT2V3dFhvY0s0Z0dxNmc4aWp0Ujd6VWJTbnNjZVJ5ZlQ2LVVQeVlaUmIwenhTd3dlNnJlZ0xBc05mUXhTdHNUWGlGTE1ndEluZkhPOFoxTFJ1WTV6RDRDa1lMc1o5bkoydVowbGJXSXQ0V0Izc1ZWZ1RpN1RnWWhFbl95YjlvdXY4LW9IOG9vMlZqUE1VUURBdHZwaEtzdzFGdm5yeFBLV2pSNmpFdXRhWjQ0RE4zRW1WNEJLOGxhUTIwdlBMYXFfcllqRzA?oc=5\" target=\"_blank\" rel=\"nofollow noopener\">C\u2019est quoi l\u2019id\u00e9ologie du \u00ab Grand Isra\u00ebl \u00bb d\u00e9nonc\u00e9e par les pays arabes et d\u00e9fendue Benjamin Netanyahu<\/a>&nbsp;&nbsp;La Voix du Nord<\/li>\n<li><a href=\"https:\/\/news.google.com\/rss\/articles\/CBMiwAFBVV95cUxNdVJxWkV6cmpBYVpfbnBGd3hOdG9LaW9Fa1paMzRFV3hXMXFTVHpsZGdxTERxaWpsUGhFSmNRQ0lFMDNWbVFEd3paMy1JLVA4amxhZ1ZqUWNLX0QzV2lhVnJRaEwyWmhhRXlLclJjM0F2VkRCcDI2LVlfN0xyb1ZCLXdjWm93MlgtTlRBQXRFbW0zdEtpYzlrMEtSMGY0dW4wVFNiZWtfNjB0OU41aFVqc3JjelhFT0hYNFBZZVBTVG0?oc=5\" target=\"_blank\" rel=\"nofollow noopener\">Guerre \u00e0 Gaza, jour 678 : l\u2019\u00c9gypte d\u00e9nonce l\u2019id\u00e9ologie du \u00ab Grand Isra\u00ebl \u00bb, frappes houtistes<\/a>&nbsp;&nbsp;La Croix<\/li>\n<\/ol>\n","protected":false},"excerpt":{"rendered":"En direct, Gaza : l\u2019Egypte condamne l\u2019id\u00e9ologie du \u00ab Grand Isra\u00ebl \u00bb&nbsp;&nbsp;Le Monde.fr Vives r\u00e9actions des pays arabes&hellip;\n","protected":false},"author":2,"featured_media":318051,"comment_status":"","ping_status":"","sticky":false,"template":"","format":"standard","meta":{"footnotes":""},"categories":[5],"tags":[11,1011,27,14,12,28],"class_list":{"0":"post-318050","1":"post","2":"type-post","3":"status-publish","4":"format-standard","5":"has-post-thumbnail","7":"category-international","8":"tag-actualites","9":"tag-fr","10":"tag-france","11":"tag-international","12":"tag-news","13":"tag-world"},"share_on_mastodon":{"url":"https:\/\/pubeurope.com\/@fr\/115025868431066107","error":""},"_links":{"self":[{"href":"https:\/\/www.europesays.com\/fr\/wp-json\/wp\/v2\/posts\/318050","targetHints":{"allow":["GET"]}}],"collection":[{"href":"https:\/\/www.europesays.com\/fr\/wp-json\/wp\/v2\/posts"}],"about":[{"href":"https:\/\/www.europesays.com\/fr\/wp-json\/wp\/v2\/types\/post"}],"author":[{"embeddable":true,"href":"https:\/\/www.europesays.com\/fr\/wp-json\/wp\/v2\/users\/2"}],"replies":[{"embeddable":true,"href":"https:\/\/www.europesays.com\/fr\/wp-json\/wp\/v2\/comments?post=318050"}],"version-history":[{"count":0,"href":"https:\/\/www.europesays.com\/fr\/wp-json\/wp\/v2\/posts\/318050\/revisions"}],"wp:featuredmedia":[{"embeddable":true,"href":"https:\/\/www.europesays.com\/fr\/wp-json\/wp\/v2\/media\/318051"}],"wp:attachment":[{"href":"https:\/\/www.europesays.com\/fr\/wp-json\/wp\/v2\/media?parent=318050"}],"wp:term":[{"taxonomy":"category","embeddable":true,"href":"https:\/\/www.europesays.com\/fr\/wp-json\/wp\/v2\/categories?post=318050"},{"taxonomy":"post_tag","embeddable":true,"href":"https:\/\/www.europesays.com\/fr\/wp-json\/wp\/v2\/tags?post=318050"}],"curies":[{"name":"wp","href":"https:\/\/api.w.org\/{rel}","templated":true}]}}