{"id":318052,"date":"2025-08-14T07:10:13","date_gmt":"2025-08-14T07:10:13","guid":{"rendered":"https:\/\/www.europesays.com\/fr\/318052\/"},"modified":"2025-08-14T07:10:13","modified_gmt":"2025-08-14T07:10:13","slug":"80-departements-places-en-vigilance-orange-la-chaleur-gagne-la-bretagne","status":"publish","type":"post","link":"https:\/\/www.europesays.com\/fr\/318052\/","title":{"rendered":"80 d\u00e9partements plac\u00e9s en vigilance Orange, la chaleur gagne la Bretagne\u2026"},"content":{"rendered":"<p>Le ventilateur peut-il vraiment nous faire tomber malade\u00a0? <\/p>\n<p>Encore une question, encore une r\u00e9ponse. Est-ce que \u00e7a va \u00eatre le petit jeu de la journ\u00e9e\u00a0? Une question qui va rester probablement sans r\u00e9ponse cette fois.<\/p>\n<p><img decoding=\"async\" class=\"c-img c-read-also__visual\" alt=\"Canicule\u00a0: Le ventilateur peut-il vraiment nous faire tomber malade\u00a0?\" loading=\"eager\" width=\"110\" height=\"70\"  src=\"https:\/\/img.20mn.fr\/-Om-QtWbTZKkPxENYTbQlCk\/110x70\" \/>La r\u00e9ponse \u00e0 la question que vous vous posez apr\u00e8s avoir lu le post de 7h57<\/p>\n<p>Et pour celles et ceux qui se demandent \u00ab\u00a0Pourquoi fortes chaleurs et pics de pollution \u00e0 l\u2019ozone sont li\u00e9s\u00a0?\u00a0\u00bb, Mathilde Durand vous apporte la r\u00e9ponse.<\/p>\n<p><img decoding=\"async\" class=\"c-img c-read-also__visual\" alt=\"Canicule\u00a0: Pourquoi fortes chaleurs et pics de pollution \u00e0 l\u2019ozone sont li\u00e9s\u00a0?\" loading=\"eager\" width=\"110\" height=\"70\"  src=\"https:\/\/img.20mn.fr\/f8AvVpWhTfec878DAYL6Yik\/110x70\" \/>L\u2019\u00cele-de-France restreint la circulation pour limiter la pollution \u00e0 l\u2019ozone li\u00e9e \u00e0 la chaleur<\/p>\n<p>La vitesse est abaiss\u00e9e \u00e0 partir de ce jeudi sur les routes d\u2019\u00cele-de-France pour tenter de limiter la forte d\u00e9gradation de la qualit\u00e9 de l\u2019air.<\/p>\n<p><img decoding=\"async\" class=\"c-img c-read-also__visual\" alt=\"Canicule\u00a0: Face \u00e0 la pollution \u00e0 l\u2019ozone, l\u2019\u00cele-de-France restreint la circulation\" loading=\"eager\" width=\"110\" height=\"70\"  src=\"https:\/\/img.20mn.fr\/upURJaAmTYm_Yd41BFxonik\/110x70\" \/><br \/>La canicule a un impact sur les vaches et vos yaourts<\/p>\n<p>La chaleur affecte les humains mais aussi les animaux. Dans le Lot, \u00e0 Ginouillac, o\u00f9 le thermom\u00e8tre est mont\u00e9 \u00e0 41\u00a0\u00b0C, les vaches de Christophe Bonnet produisent moins de lait que d\u2019habitude, explique cet \u00e9leveur de 54 ans \u00e0 l\u2019AFP.<\/p>\n<p>\u00ab\u00a0Les vaches souffrent de la chaleur. Durant ces p\u00e9riodes, elles mangent moins et produisent moins. En moyenne, une vache fait 25 litres par jour, mais quand il fait chaud on perd 10\u00a0%\u00a0\u00bb, d\u00e9taille-t-il, ajoutant qu\u2019il y a aussi \u00ab\u00a0plus de risques au v\u00ealage car les vaches peuvent faire une infection\u00a0\u00bb, ce qui \u00ab\u00a0demande une plus grande surveillance.\u00a0\u00bb<\/p>\n<p>Les temp\u00e9ratures record enregistr\u00e9es mercredi<\/p>\n<p>Comme les jours pr\u00e9c\u00e9dents, des temp\u00e9ratures record ont \u00e9t\u00e9 enregistr\u00e9es mercredi\u00a0: 41,7\u00a0\u00b0C \u00e0 Ch\u00e2teaumeillant (Cher)\u00a0; 39,8\u00a0\u00b0C \u00e0 Nevers (Ni\u00e8vre) ou encore 39,7\u00a0\u00b0C \u00e0 Saint-Michel-de-Maurienne (Savoie), \u00e0 698\u00a0m d\u2019altitude, selon M\u00e9t\u00e9o-France.<\/p>\n<p>En plus de la chaleur, les bouchons vont progressivement s\u2019inviter sur les routes<\/p>\n<p>Bison Fut\u00e9 vous fait un point sur la circulation \u00e0 venir ces prochains jours\u00a0:<\/p>\n<p class=\"mb-xxl@xs color-ultramarine font-weight-semi-bold@xs font-source-serif-pro heading-s@xs\">L\u2019acc\u00e8s \u00e0 ce contenu a \u00e9t\u00e9 bloqu\u00e9 afin de respecter votre choix de consentement<\/p>\n<p class=\"mb-m@xs text-l@xs\">En cliquant sur\u00ab J\u2019accepte \u00bb, vous acceptez le d\u00e9p\u00f4t de cookies par des services externes et aurez ainsi acc\u00e8s aux contenus de nos partenaires.<\/p>\n<p class=\"mb-xl@xs text-s@xs\">Plus d\u2019informations sur la page<a href=\"https:\/\/www.20minutes.fr\/gestion-cookies\" class=\"mx-xxs@xs color-ultramarine\" target=\"_blank\" rel=\"noopener\">Politique de gestion des cookies<\/a><\/p>\n<p>J\u2019accepteVigilance orange \u00e9tendue \u00e0 80 d\u00e9partements vendredi<\/p>\n<p>Le niveau d\u2019alerte orange canicule concernera vendredi 80 d\u00e9partements, contre 75 ce jeudi. \u00ab\u00a0Ce vendredi, la chaleur s\u2019accentue \u00e0 nouveau notablement dans le Sud-Ouest o\u00f9 des temp\u00e9ratures sup\u00e9rieures \u00e0 40\u00a0\u00b0C sont encore une fois attendues. La canicule gagne \u00e9galement la Bretagne, jusqu\u2019ici \u00e9pargn\u00e9e\u00a0\u00bb, indique M\u00e9t\u00e9o-France dans son bulletin de 06 heures. Sur les 80 d\u00e9partements en alerte orange vendredi, deux (Val-d\u2019Oise et Marne) ne le seront plus apr\u00e8s 06 heures, tandis que d\u2019autres, dans l\u2019Ouest, ne le seront qu\u2019\u00e0 partir de midi.<\/p>\n<p>Fin de la vigilance rouge confirm\u00e9e<\/p>\n<p>La vigilance rouge canicule, qui touchait encore quatre d\u00e9partements du Centre-Est et l\u2019Aude, a \u00e9t\u00e9 lev\u00e9e sur tout le territoire ce jeudi matin, vient d\u2019annoncer M\u00e9t\u00e9o-France dans son dernier bulletin.<\/p>\n<p>Des temp\u00e9ratures l\u00e9g\u00e8rement en baisse mais pas partout<\/p>\n<p>Si les temp\u00e9ratures doivent baisser \u00ab\u00a0provisoirement d\u2019un cran par rapport \u00e0 mercredi\u00a0\u00bb, notamment dans le Centre-Est, elles resteront ce jeudi \u00ab\u00a0\u00e0 des niveaux caniculaires sur une grande partie du pays\u00a0\u00bb, en particulier sur les trois quarts sud et est du pays, pr\u00e9vient M\u00e9t\u00e9o-France. En revanche, les temp\u00e9ratures seront en l\u00e9g\u00e8re hausse sur le Sud-Ouest, en particulier dans l\u2019Aude, o\u00f9 la canicule met \u00e0 rude \u00e9preuve les cultures.<\/p>\n<p>Bienvenue dans ce nouveau Live<\/p>\n<p>Bonjour \u00e0 toutes et \u00e0 tous. Une nouvelle fois, la r\u00e9daction de 20 Minutes s\u2019agrippe \u00e0 ses bouteilles d\u2019eau pour s\u2019hydrater au mieux tout en vous donnant l\u2019ensemble des informations sur la vague de chaleur pr\u00e9sente sur une grande partie de l\u2019Hexagone depuis une semaine. Et ce jeudi, c\u2019est toujours la surchauffe qui domine sur 75 d\u00e9partements.<\/p>\n","protected":false},"excerpt":{"rendered":"Le ventilateur peut-il vraiment nous faire tomber malade\u00a0? Encore une question, encore une r\u00e9ponse. Est-ce que \u00e7a va&hellip;\n","protected":false},"author":2,"featured_media":318053,"comment_status":"","ping_status":"","sticky":false,"template":"","format":"standard","meta":{"footnotes":""},"categories":[4],"tags":[47,11,6698,13208,2883,1011,27,2487,2357,12,4594,52,25,104,133],"class_list":{"0":"post-318052","1":"post","2":"type-post","3":"status-publish","4":"format-standard","5":"has-post-thumbnail","7":"category-france","8":"tag-actualite","9":"tag-actualites","10":"tag-canicule","11":"tag-chaleur","12":"tag-ete","13":"tag-fr","14":"tag-france","15":"tag-meteo","16":"tag-meteo-france","17":"tag-news","18":"tag-orages","19":"tag-planete","20":"tag-republique-francaise","21":"tag-societe","22":"tag-video"},"share_on_mastodon":{"url":"https:\/\/pubeurope.com\/@fr\/115025872523280645","error":""},"_links":{"self":[{"href":"https:\/\/www.europesays.com\/fr\/wp-json\/wp\/v2\/posts\/318052","targetHints":{"allow":["GET"]}}],"collection":[{"href":"https:\/\/www.europesays.com\/fr\/wp-json\/wp\/v2\/posts"}],"about":[{"href":"https:\/\/www.europesays.com\/fr\/wp-json\/wp\/v2\/types\/post"}],"author":[{"embeddable":true,"href":"https:\/\/www.europesays.com\/fr\/wp-json\/wp\/v2\/users\/2"}],"replies":[{"embeddable":true,"href":"https:\/\/www.europesays.com\/fr\/wp-json\/wp\/v2\/comments?post=318052"}],"version-history":[{"count":0,"href":"https:\/\/www.europesays.com\/fr\/wp-json\/wp\/v2\/posts\/318052\/revisions"}],"wp:featuredmedia":[{"embeddable":true,"href":"https:\/\/www.europesays.com\/fr\/wp-json\/wp\/v2\/media\/318053"}],"wp:attachment":[{"href":"https:\/\/www.europesays.com\/fr\/wp-json\/wp\/v2\/media?parent=318052"}],"wp:term":[{"taxonomy":"category","embeddable":true,"href":"https:\/\/www.europesays.com\/fr\/wp-json\/wp\/v2\/categories?post=318052"},{"taxonomy":"post_tag","embeddable":true,"href":"https:\/\/www.europesays.com\/fr\/wp-json\/wp\/v2\/tags?post=318052"}],"curies":[{"name":"wp","href":"https:\/\/api.w.org\/{rel}","templated":true}]}}