{"id":318056,"date":"2025-08-14T07:12:11","date_gmt":"2025-08-14T07:12:11","guid":{"rendered":"https:\/\/www.europesays.com\/fr\/318056\/"},"modified":"2025-08-14T07:12:11","modified_gmt":"2025-08-14T07:12:11","slug":"saint-etienne-un-restaurant-burger-king-ferme-apres-un-incendie","status":"publish","type":"post","link":"https:\/\/www.europesays.com\/fr\/318056\/","title":{"rendered":"Saint-\u00c9tienne : un restaurant Burger King ferm\u00e9 apr\u00e8s un incendie"},"content":{"rendered":"<p>Touch\u00e9 par un incendie ce mercredi 13 ao\u00fbt, le Burger King du Rond-Point, \u00e0 Saint-\u00c9tienne, doit temporairement fermer ses portes.<\/p>\n<p>Ses tables vont rester vides un certain temps. Le <a class=\"url\" href=\"https:\/\/www.radioscoop.com\/infos\/saint-etienne-burger-king-ouvre-un-nouveau-restaurant-ce-jeudi_310359\" target=\"_blank\" rel=\"noopener\">Burger King install\u00e9 sur le site du Rond-Point<\/a>, \u00e0 <b>Saint-\u00c9tienne<\/b>, est ferm\u00e9 temporairement apr\u00e8s un <b>incendie<\/b> survenu ce mercredi, en milieu de journ\u00e9e.\u00a0<\/p>\n<p>Selon <a class=\"url\" href=\"https:\/\/www.leprogres.fr\/faits-divers-justice\/2025\/08\/13\/incendie-au-burger-king-du-rond-point-le-restaurant-doit-fermer-provisoirement\" target=\"_blank\" rel=\"noopener\">le Progr\u00e8s<\/a>, le feu s&rsquo;est d&rsquo;abord d\u00e9clench\u00e9 dans un local situ\u00e9 \u00e0 proximit\u00e9, boulevard Alexandre-de-Fraissinette.\u00a0<\/p>\n<p>Des travaux avant la r\u00e9ouverture<\/p>\n<p>Il est parti d&rsquo;une climatisation avant, donc, de se propager au <b>restaurant<\/b>.\u00a0<\/p>\n<p>Les personnes pr\u00e9sentes sur place ont d\u00fb quitter les lieux. L&rsquo;\u00e9tablissement rouvrira apr\u00e8s des <b>travaux de r\u00e9habilitation<\/b>.<\/p>\n<p><img loading=\"lazy\" decoding=\"async\" src=\"https:\/\/www.europesays.com\/fr\/wp-content\/uploads\/2025\/08\/1755155531_416_img\" width=\"350\" height=\"200\" border=\"0\" title=\"Le nouveau camion-citerne du SDIS de la Loire\"\/><\/p>\n<p>\u25baPlan\u00e8te<\/p>\n<p style=\"font-size: 22px;\"><b>Fauchage, travaux&#8230; Des mesures pour lutter contre les incendies dans la Loire<\/b><\/p>\n<p>Alors que plusieurs incendies se sont d\u00e9clench\u00e9s&#8230;<\/p>\n<p><\/p>\n","protected":false},"excerpt":{"rendered":"Touch\u00e9 par un incendie ce mercredi 13 ao\u00fbt, le Burger King du Rond-Point, \u00e0 Saint-\u00c9tienne, doit temporairement fermer&hellip;\n","protected":false},"author":2,"featured_media":318057,"comment_status":"","ping_status":"","sticky":false,"template":"","format":"standard","meta":{"footnotes":""},"categories":[9653],"tags":[1111,11,2430,21039,1777,674,13407,1312,1011,27,1310,12,25,9920,4001],"class_list":{"0":"post-318056","1":"post","2":"type-post","3":"status-publish","4":"format-standard","5":"has-post-thumbnail","7":"category-saint-etienne","8":"tag-actu","9":"tag-actualites","10":"tag-auvergne-rhone-alpes","11":"tag-burger-king","12":"tag-eu","13":"tag-europe","14":"tag-fermeture","15":"tag-feu","16":"tag-fr","17":"tag-france","18":"tag-incendie","19":"tag-news","20":"tag-republique-francaise","21":"tag-saint-tienne","22":"tag-saint-etienne"},"share_on_mastodon":{"url":"https:\/\/pubeurope.com\/@fr\/115025880280635993","error":""},"_links":{"self":[{"href":"https:\/\/www.europesays.com\/fr\/wp-json\/wp\/v2\/posts\/318056","targetHints":{"allow":["GET"]}}],"collection":[{"href":"https:\/\/www.europesays.com\/fr\/wp-json\/wp\/v2\/posts"}],"about":[{"href":"https:\/\/www.europesays.com\/fr\/wp-json\/wp\/v2\/types\/post"}],"author":[{"embeddable":true,"href":"https:\/\/www.europesays.com\/fr\/wp-json\/wp\/v2\/users\/2"}],"replies":[{"embeddable":true,"href":"https:\/\/www.europesays.com\/fr\/wp-json\/wp\/v2\/comments?post=318056"}],"version-history":[{"count":0,"href":"https:\/\/www.europesays.com\/fr\/wp-json\/wp\/v2\/posts\/318056\/revisions"}],"wp:featuredmedia":[{"embeddable":true,"href":"https:\/\/www.europesays.com\/fr\/wp-json\/wp\/v2\/media\/318057"}],"wp:attachment":[{"href":"https:\/\/www.europesays.com\/fr\/wp-json\/wp\/v2\/media?parent=318056"}],"wp:term":[{"taxonomy":"category","embeddable":true,"href":"https:\/\/www.europesays.com\/fr\/wp-json\/wp\/v2\/categories?post=318056"},{"taxonomy":"post_tag","embeddable":true,"href":"https:\/\/www.europesays.com\/fr\/wp-json\/wp\/v2\/tags?post=318056"}],"curies":[{"name":"wp","href":"https:\/\/api.w.org\/{rel}","templated":true}]}}