{"id":318063,"date":"2025-08-14T07:17:13","date_gmt":"2025-08-14T07:17:13","guid":{"rendered":"https:\/\/www.europesays.com\/fr\/318063\/"},"modified":"2025-08-14T07:17:13","modified_gmt":"2025-08-14T07:17:13","slug":"on-fait-le-bilan-des-premieres-escales-toulonnaises-le-marche-nocturne-de-commercants-et-createurs-locaux-sur-le-port","status":"publish","type":"post","link":"https:\/\/www.europesays.com\/fr\/318063\/","title":{"rendered":"On fait le bilan des premi\u00e8res Escales toulonnaises, le march\u00e9 nocturne de commer\u00e7ants et cr\u00e9ateurs locaux sur le port"},"content":{"rendered":"<p>\u00ab\u00a0C\u2019est une r\u00e9ussite, toutes les cases sont coch\u00e9es\u00a0\u00bb, voici les conclusions de Christophe Moreno, adjoint au commerce, sur les Escales toulonnaises. Accompagn\u00e9 de Jos\u00e9e Massi, maire de Toulon, il s\u2019est rendu \u00e0 la derni\u00e8re \u00e9dition. Au fil des \u00e9changes, il a pu r\u00e9colter l\u2019avis des diff\u00e9rents acteurs de l\u2019\u00e9v\u00e8nement: \u00ab\u00a0les retours des commer\u00e7ants sont tr\u00e8s positifs, les visiteurs sont ravis, tout le monde est heureux de ces festivit\u00e9s sur le port!\u00a0\u00bb.<\/p>\n<p>Des paroles qui font \u00e9cho \u00e0 celle de V\u00e9ronique Lautier, g\u00e9rante de Off Toulon qui propose des produits \u00e0 l\u2019effigie de la ville. Elle est ravie de l\u2019exp\u00e9rience: \u00ab\u00a0j\u2019ai pu faire un bain de foule avec les clients, \u00e9changer avec eux\u00a0\u00bb. La commer\u00e7ante avait \u00e9t\u00e9 demandeuse d\u2019un tel dispositif aupr\u00e8s de la mairie: \u00ab\u00a0j\u2019avais demand\u00e9 \u00e0 la mairie une initiative de ce genre, le centre-ville m\u00e9rite un peu d\u2019animation\u00a0\u00bb.<\/p>\n<p>Pour Matthieu Priol, de l\u2019association No\/Id en charge de l\u2019organisation des Escales toulonnaises, l\u2019objectif \u00e9tait de \u00ab\u00a0cr\u00e9er un rendez-vous r\u00e9cr\u00e9atif sur un site embl\u00e9matique, \u00e0 l\u2019image des Nuits blanches \u00e0 Hy\u00e8res\u00a0\u00bb. Pari tenu, \u00ab\u00a0l\u2019\u00e9v\u00e8nement a attir\u00e9 un public nombreux en continu et jusqu\u2019\u00e0 la fin de la soir\u00e9e\u00a0\u00bb.<\/p>\n<p>Vers une \u00e9dition 2026<\/p>\n<p>\u00ab\u00a0L\u2019objectif est d\u2019ancrer l\u2019\u00e9v\u00e8nement dans l\u2019esprit des Toulonnais et des touristes comme un rendez-vous incontournable de l\u2019\u00e9t\u00e9 varois \u00ab\u00a0, d\u00e9clare Matthieu.<\/p>\n<p>Pour Christophe Moreno, \u00ab\u00a0l\u2019\u00e9v\u00e8nement sera probablement reconduit l\u2019ann\u00e9e prochaine, nous devons nous r\u00e9unir pour le rendre encore meilleur\u00a0\u00bb. Parmi les demandes des exposants, une dur\u00e9e plus longue: \u00ab\u00a0moi je signe \u00e0 300% pour l\u2019ann\u00e9e prochaine et surtout davantage de vendredis, pourquoi s\u2019arr\u00eater le 8 ao\u00fbt?\u00a0\u00bb, d\u00e9clare V\u00e9ronique Lautier. L\u2019association No\/Id confirme le ressenti: \u00ab\u00a0du c\u00f4t\u00e9 des commer\u00e7ants, il y a une demande claire pour multiplier les dates et dynamiser ce secteur qui manquait d\u2019animation ces derniers temps\u00a0\u00bb.<\/p>\n<p>La possibilit\u00e9 d\u2019augmenter le nombre de stands est aussi \u00e0 l\u2019\u00e9tude malgr\u00e9 la place r\u00e9duite que le port offre. Il est aussi envisag\u00e9, selon les organisateurs, de commencer les festivit\u00e9s d\u00e8s 18 heures au lieu de 19 heures cette ann\u00e9e. \u00e9l\u00e9onore Moreau<\/p>\n","protected":false},"excerpt":{"rendered":"\u00ab\u00a0C\u2019est une r\u00e9ussite, toutes les cases sont coch\u00e9es\u00a0\u00bb, voici les conclusions de Christophe Moreno, adjoint au commerce, sur&hellip;\n","protected":false},"author":2,"featured_media":318064,"comment_status":"","ping_status":"","sticky":false,"template":"","format":"standard","meta":{"footnotes":""},"categories":[9619],"tags":[1111,11,215,1777,674,1011,27,12,882,25,2310,3366],"class_list":{"0":"post-318063","1":"post","2":"type-post","3":"status-publish","4":"format-standard","5":"has-post-thumbnail","7":"category-toulon","8":"tag-actu","9":"tag-actualites","10":"tag-commerce","11":"tag-eu","12":"tag-europe","13":"tag-fr","14":"tag-france","15":"tag-news","16":"tag-provence-alpes-cote-dazur","17":"tag-republique-francaise","18":"tag-toulon","19":"tag-vie-locale"},"share_on_mastodon":{"url":"https:\/\/pubeurope.com\/@fr\/115025899885814622","error":""},"_links":{"self":[{"href":"https:\/\/www.europesays.com\/fr\/wp-json\/wp\/v2\/posts\/318063","targetHints":{"allow":["GET"]}}],"collection":[{"href":"https:\/\/www.europesays.com\/fr\/wp-json\/wp\/v2\/posts"}],"about":[{"href":"https:\/\/www.europesays.com\/fr\/wp-json\/wp\/v2\/types\/post"}],"author":[{"embeddable":true,"href":"https:\/\/www.europesays.com\/fr\/wp-json\/wp\/v2\/users\/2"}],"replies":[{"embeddable":true,"href":"https:\/\/www.europesays.com\/fr\/wp-json\/wp\/v2\/comments?post=318063"}],"version-history":[{"count":0,"href":"https:\/\/www.europesays.com\/fr\/wp-json\/wp\/v2\/posts\/318063\/revisions"}],"wp:featuredmedia":[{"embeddable":true,"href":"https:\/\/www.europesays.com\/fr\/wp-json\/wp\/v2\/media\/318064"}],"wp:attachment":[{"href":"https:\/\/www.europesays.com\/fr\/wp-json\/wp\/v2\/media?parent=318063"}],"wp:term":[{"taxonomy":"category","embeddable":true,"href":"https:\/\/www.europesays.com\/fr\/wp-json\/wp\/v2\/categories?post=318063"},{"taxonomy":"post_tag","embeddable":true,"href":"https:\/\/www.europesays.com\/fr\/wp-json\/wp\/v2\/tags?post=318063"}],"curies":[{"name":"wp","href":"https:\/\/api.w.org\/{rel}","templated":true}]}}