{"id":318065,"date":"2025-08-14T07:18:10","date_gmt":"2025-08-14T07:18:10","guid":{"rendered":"https:\/\/www.europesays.com\/fr\/318065\/"},"modified":"2025-08-14T07:18:10","modified_gmt":"2025-08-14T07:18:10","slug":"toulon-le-var-en-vigilance-jaune-orages-a-partir-de-12h","status":"publish","type":"post","link":"https:\/\/www.europesays.com\/fr\/318065\/","title":{"rendered":"TOULON : Le Var en vigilance jaune ORAGES, \u00e0 partir de 12h"},"content":{"rendered":"<p><strong>Le Var en vigilance jaune ORAGES avec situation m\u00e9t\u00e9orologique \u00e0 surveiller \u00e0 partir de 12h, jeudi 14 ao\u00fbt.<\/strong><\/p>\n<p>M\u00c9T\u00c9O \u2013 Jeudi 14 ao\u00fbt, le Var est plac\u00e9 en vigilance JAUNE orages avec situation m\u00e9t\u00e9orologique \u00e0 surveiller \u00e0 partir de 12h.<\/p>\n<p>Jeudi 14 ao\u00fbt, M\u00e9t\u00e9o France place le d\u00e9partement du Var en vigilance JAUNE avec situation m\u00e9t\u00e9orologique \u00e0 surveiller pour orages de 12h \u00e0 20h.<\/p>\n<p><strong>Bulletin m\u00e9t\u00e9o<\/strong><\/p>\n<p>Des orages se d\u00e9veloppent \u00e0 nouveau cet apr\u00e8s-midi de jeudi sur les Alpes et glissent vers le sud.<\/p>\n<p><strong>Les secteurs les plus impact\u00e9s se situent dans l\u2019int\u00e9rieur des terres, approximativement au nord d\u2019une ligne Sainte Baume-Vidauban-Grasse-Sospel, o\u00f9 l\u2019on peut s\u2019attendre \u00e0 :<\/strong><\/p>\n<p>\u2022 De fortes de cumuls de pluie, de 10\/20mm voire localement 40\/60 mm en peu de temps.<br \/>\u2022 De la gr\u00eale ainsi qu\u2019une forte activit\u00e9 \u00e9lectrique.<br \/>\u2022 Des rafales de vent sous orages, jusqu\u2019\u00e0 80\/90 km\/h.<br \/>\u2022 Attention toutefois, au sud de cette ligne et jusqu\u2019au littoral, m\u00eame si les orages seront moins intenses, les rafales de vent, de secteur nord, pourront tout de m\u00eame atteindre localement les 80 km\/h.<br \/>Une am\u00e9lioration g\u00e9n\u00e9ralis\u00e9e est pr\u00e9vue en d\u00e9but de nuit.<br \/>Le pr\u00e9fet du Var appelle \u00e0 la vigilance lors de vos d\u00e9placements et \u00e0 proximit\u00e9 des cours d\u2019eau.<br \/>La s\u00e9cheresse des sols peut entra\u00eener des ruissellements importants.<\/p>\n<p><strong>Consignes de prudence lors d\u2019orages :<\/strong><\/p>\n<p>\u2013 s\u2019\u00e9loigner des arbres et des cours d\u2019eau ;<br \/>\u2013 s\u2019abriter dans un b\u00e2timent en dur ;<br \/>\u2013 se tenir inform\u00e9 et \u00e9viter de se d\u00e9placer<br \/>\u2013 prot\u00e9ger ses biens expos\u00e9s au vent ou qui peuvent \u00eatre inond\u00e9s ;<br \/>\u2013 \u00e9viter d\u2019utiliser son t\u00e9l\u00e9phone et les appareils \u00e9lectriques.<\/p>\n","protected":false},"excerpt":{"rendered":"Le Var en vigilance jaune ORAGES avec situation m\u00e9t\u00e9orologique \u00e0 surveiller \u00e0 partir de 12h, jeudi 14 ao\u00fbt.&hellip;\n","protected":false},"author":2,"featured_media":317073,"comment_status":"","ping_status":"","sticky":false,"template":"","format":"standard","meta":{"footnotes":""},"categories":[9619],"tags":[1111,11,1777,674,1011,27,12,882,25,2310],"class_list":{"0":"post-318065","1":"post","2":"type-post","3":"status-publish","4":"format-standard","5":"has-post-thumbnail","7":"category-toulon","8":"tag-actu","9":"tag-actualites","10":"tag-eu","11":"tag-europe","12":"tag-fr","13":"tag-france","14":"tag-news","15":"tag-provence-alpes-cote-dazur","16":"tag-republique-francaise","17":"tag-toulon"},"share_on_mastodon":{"url":"https:\/\/pubeurope.com\/@fr\/115025903815803061","error":""},"_links":{"self":[{"href":"https:\/\/www.europesays.com\/fr\/wp-json\/wp\/v2\/posts\/318065","targetHints":{"allow":["GET"]}}],"collection":[{"href":"https:\/\/www.europesays.com\/fr\/wp-json\/wp\/v2\/posts"}],"about":[{"href":"https:\/\/www.europesays.com\/fr\/wp-json\/wp\/v2\/types\/post"}],"author":[{"embeddable":true,"href":"https:\/\/www.europesays.com\/fr\/wp-json\/wp\/v2\/users\/2"}],"replies":[{"embeddable":true,"href":"https:\/\/www.europesays.com\/fr\/wp-json\/wp\/v2\/comments?post=318065"}],"version-history":[{"count":0,"href":"https:\/\/www.europesays.com\/fr\/wp-json\/wp\/v2\/posts\/318065\/revisions"}],"wp:featuredmedia":[{"embeddable":true,"href":"https:\/\/www.europesays.com\/fr\/wp-json\/wp\/v2\/media\/317073"}],"wp:attachment":[{"href":"https:\/\/www.europesays.com\/fr\/wp-json\/wp\/v2\/media?parent=318065"}],"wp:term":[{"taxonomy":"category","embeddable":true,"href":"https:\/\/www.europesays.com\/fr\/wp-json\/wp\/v2\/categories?post=318065"},{"taxonomy":"post_tag","embeddable":true,"href":"https:\/\/www.europesays.com\/fr\/wp-json\/wp\/v2\/tags?post=318065"}],"curies":[{"name":"wp","href":"https:\/\/api.w.org\/{rel}","templated":true}]}}