{"id":318072,"date":"2025-08-14T07:25:10","date_gmt":"2025-08-14T07:25:10","guid":{"rendered":"https:\/\/www.europesays.com\/fr\/318072\/"},"modified":"2025-08-14T07:25:10","modified_gmt":"2025-08-14T07:25:10","slug":"circulation-tres-tendue-autour-de-grenoble","status":"publish","type":"post","link":"https:\/\/www.europesays.com\/fr\/318072\/","title":{"rendered":"circulation tr\u00e8s tendue autour de Grenoble"},"content":{"rendered":"<p itemprop=\"description\"><strong>Avec le week-end prolong\u00e9 du 15 ao\u00fbt tombant un vendredi, Bison Fut\u00e9 d\u00e9cline ses pr\u00e9visions pour la circulation autour de la r\u00e9gion grenobloise.<\/strong><\/p>\n<p>Ses recommandations sont sans appel : c&rsquo;est <strong>rouge dans les deux sens<\/strong> d\u00e8s samedi 16 ao\u00fbt \u2014 une situation particuli\u00e8rement probl\u00e9matique pour les axes en direction du sud et ceux menant vers Grenoble, Chamb\u00e9ry, et les massifs alpins.<\/p>\n<p>Retour : le plus difficile d\u00e8s vendredi soir<\/p>\n<p>D\u00e8s <strong>vendredi 15 ao\u00fbt<\/strong>, la vigilance est d\u00e9j\u00e0 jaune dans notre r\u00e9gion pour les retours. Les axes comme l\u2019<strong>A7 entre Orange et Lyon<\/strong> ainsi que la <strong>RN205 menant au tunnel du Mont-Blanc<\/strong> sont identifi\u00e9s comme points de congestion majeurs et le resteront jusqu&rsquo;au lundi suivant.<\/p>\n<p>Samedi 16 ao\u00fbt : la journ\u00e9e la plus d\u00e9licate<\/p>\n<p>La situation s\u2019aggrave d\u00e8s le samedi, class\u00e9 <strong>orange<\/strong> pour les d\u00e9parts au niveau national mais <strong>rouge<\/strong> pour les retours. En <strong>Auvergne-Rh\u00f4ne-Alpes<\/strong>, les difficult\u00e9s vont crescendo : embouteillages massifs sur les grands axes, dont l\u2019<strong>A7<\/strong>, mais aussi sur les routes d\u2019acc\u00e8s \u00e0 Grenoble. Bison Fut\u00e9 \u00e9voque explicitement la <strong>travers\u00e9e du Massif Central (A71)<\/strong>, point de passage, comme particuli\u00e8rement satur\u00e9e.<\/p>\n<blockquote class=\"twitter-tweet\"><p>&#13;<\/p>\n<p dir=\"ltr\" lang=\"fr\"><a href=\"https:\/\/twitter.com\/hashtag\/BisonFut%C3%A9?src=hash&amp;ref_src=twsrc%5Etfw\" target=\"_blank\" rel=\"noopener\">#BisonFut\u00e9<\/a> | Ce week-end, la circulation sera particuli\u00e8rement difficile en Auvergne-Rh\u00f4ne-Alpes : <\/p>\n<p>\ud83d\udfe0A7, Lyon  Marseille<br \/>\ud83d\udfe0 A7, Orange  Lyon<br \/>\ud83d\udd34 A71, Orl\u00e9ans  Clermont-Ferrand<br \/>\ud83d\udd34 A71, Clermont-Ferrand  Vierzon<br \/>\ud83d\udd34 A75, B\u00e9ziers  Clermont-Ferrand<br \/>\ud83d\udd34 Acc\u00e8s au tunnel du\u2026 <a href=\"https:\/\/t.co\/NnXETffuJN\">pic.twitter.com\/NnXETffuJN<\/a><\/p>\n<p>&#13;<br \/>\n\u2014 Pr\u00e9f\u00e8te de r\u00e9gion Auvergne-Rh\u00f4ne-Alpes et du Rh\u00f4ne (@prefetrhone) <a href=\"https:\/\/twitter.com\/prefetrhone\/status\/1955620623780360443?ref_src=twsrc%5Etfw\" target=\"_blank\" rel=\"noopener\">August 13, 2025<\/a><\/p><\/blockquote>\n<p>Dimanche et lundi : la circulation reste dense<\/p>\n<p>Dimanche 17 ao\u00fbt, bien que la tendance au d\u00e9part reste rouge en Rh\u00f4ne-Alpes et sur le pourtour m\u00e9diterran\u00e9en, le retour est seulement class\u00e9 orange au niveau national. Malgr\u00e9 tout, les axes principaux tels que l\u2019<strong>A7<\/strong>, l\u2019<strong>A8<\/strong>, l\u2019<strong>A9<\/strong> et l&rsquo;acc\u00e8s au <strong>tunnel du Mont\u2011Blanc<\/strong> continuent d\u2019\u00eatre tr\u00e8s emprunt\u00e9s.<br \/>Lundi 18 ao\u00fbt marque une am\u00e9lioration relative : si Les d\u00e9parts retrouvent un peu de fluidit\u00e9 en r\u00e9gion, les retours restent <strong>rouges<\/strong> dans le Sud-Est, en particulier autour de l\u2019A7, A8, A9 et l\u2019entr\u00e9e dans la vall\u00e9e du Rh\u00f4ne. Les flux depuis l\u2019Italie via le Mont-Blanc restent encombr\u00e9s pendant toute la journ\u00e9e.<\/p>\n<p>Conseils pratiques pour \u00e9viter la gal\u00e8re<br \/>\n&#13;<br \/>\n&#13;<\/p>\n<tr>&#13;<br \/>\nJour&#13;<br \/>\nRecommandations&#13;<br \/>\n<\/tr>\n<p>&#13;<br \/>\n&#13;<br \/>\n&#13;<\/p>\n<tr>&#13;<\/p>\n<td>Vendredi 15<\/td>\n<p>&#13;<\/p>\n<td>D\u00e9parts : plut\u00f4t matin ou tardive soir\u00e9e ; Retours : \u00e9viter A7 et RN205 en fin de journ\u00e9e<\/td>\n<p>&#13;<br \/>\n<\/tr>\n<p>&#13;<\/p>\n<tr>&#13;<\/p>\n<td>Samedi 16<\/td>\n<p>&#13;<\/p>\n<td>Matin tr\u00e8s dense : \u00e9viter Grenoble d\u00e8s 8h ou apr\u00e8s 18h<\/td>\n<p>&#13;<br \/>\n<\/tr>\n<p>&#13;<\/p>\n<tr>&#13;<\/p>\n<td>Dimanche 17<\/td>\n<p>&#13;<\/p>\n<td>Dates moins charg\u00e9es, mais prudence sur A7\/A8\/A9 et Mont-Blanc<\/td>\n<p>&#13;<br \/>\n<\/tr>\n<p>&#13;<\/p>\n<tr>&#13;<\/p>\n<td>Lundi 18<\/td>\n<p>&#13;<\/p>\n<td>D\u00e9parts fluides, mais retours toujours compliqu\u00e9s dans la r\u00e9gion<\/td>\n<p>&#13;<br \/>\n<\/tr>\n<p>&#13;<br \/>\n&#13;<\/p>\n<p>En r\u00e9sum\u00e9<\/p>\n<p>Ce week-end dans la r\u00e9gion grenobloise s\u2019annonce particuli\u00e8rement difficile sur les routes, avec des densit\u00e9s de circulation exceptionnelles d\u00e8s vendredi soir et jusqu\u2019au lundi. Sortez t\u00f4t, via des itin\u00e9raires alternatifs ou aux heures creuses\u2026 et surtout, planifiez votre retour avec parcimonie pour \u00e9viter que Grenoble ne soit prise au pi\u00e8ge d\u2019un embouteillage sans fin.<\/p>\n<p>\t\t\t\t\t\t\t\t\t\t\t\t\t\t\t\t\t\t\t<script async src=\"https:\/\/platform.twitter.com\/widgets.js\" charset=\"utf-8\"><\/script><\/p>\n","protected":false},"excerpt":{"rendered":"Avec le week-end prolong\u00e9 du 15 ao\u00fbt tombant un vendredi, Bison Fut\u00e9 d\u00e9cline ses pr\u00e9visions pour la circulation&hellip;\n","protected":false},"author":2,"featured_media":318073,"comment_status":"","ping_status":"","sticky":false,"template":"","format":"standard","meta":{"footnotes":""},"categories":[9566],"tags":[1111,11,7733,8279,2430,7736,650,7734,2889,2263,1777,674,1011,27,2731,8280,6417,1114,108,4662,12,3725,1825,25,7737],"class_list":{"0":"post-318072","1":"post","2":"type-post","3":"status-publish","4":"format-standard","5":"has-post-thumbnail","7":"category-grenoble","8":"tag-actu","9":"tag-actualites","10":"tag-alpes","11":"tag-alpes1","12":"tag-auvergne-rhone-alpes","13":"tag-cds","14":"tag-cinema","15":"tag-ecoute","16":"tag-emission","17":"tag-equipe","18":"tag-eu","19":"tag-europe","20":"tag-fr","21":"tag-france","22":"tag-grenoble","23":"tag-haute","24":"tag-information","25":"tag-infos","26":"tag-isere","27":"tag-journal","28":"tag-news","29":"tag-podcast","30":"tag-radio","31":"tag-republique-francaise","32":"tag-winamp"},"share_on_mastodon":{"url":"https:\/\/pubeurope.com\/@fr\/115025931328239034","error":""},"_links":{"self":[{"href":"https:\/\/www.europesays.com\/fr\/wp-json\/wp\/v2\/posts\/318072","targetHints":{"allow":["GET"]}}],"collection":[{"href":"https:\/\/www.europesays.com\/fr\/wp-json\/wp\/v2\/posts"}],"about":[{"href":"https:\/\/www.europesays.com\/fr\/wp-json\/wp\/v2\/types\/post"}],"author":[{"embeddable":true,"href":"https:\/\/www.europesays.com\/fr\/wp-json\/wp\/v2\/users\/2"}],"replies":[{"embeddable":true,"href":"https:\/\/www.europesays.com\/fr\/wp-json\/wp\/v2\/comments?post=318072"}],"version-history":[{"count":0,"href":"https:\/\/www.europesays.com\/fr\/wp-json\/wp\/v2\/posts\/318072\/revisions"}],"wp:featuredmedia":[{"embeddable":true,"href":"https:\/\/www.europesays.com\/fr\/wp-json\/wp\/v2\/media\/318073"}],"wp:attachment":[{"href":"https:\/\/www.europesays.com\/fr\/wp-json\/wp\/v2\/media?parent=318072"}],"wp:term":[{"taxonomy":"category","embeddable":true,"href":"https:\/\/www.europesays.com\/fr\/wp-json\/wp\/v2\/categories?post=318072"},{"taxonomy":"post_tag","embeddable":true,"href":"https:\/\/www.europesays.com\/fr\/wp-json\/wp\/v2\/tags?post=318072"}],"curies":[{"name":"wp","href":"https:\/\/api.w.org\/{rel}","templated":true}]}}