{"id":318078,"date":"2025-08-14T07:30:18","date_gmt":"2025-08-14T07:30:18","guid":{"rendered":"https:\/\/www.europesays.com\/fr\/318078\/"},"modified":"2025-08-14T07:30:18","modified_gmt":"2025-08-14T07:30:18","slug":"la-prefecture-prend-des-dispositions-pour-eviter-les-debordements-lors-du-derby-entre-le-fc-metz-et-le-rc-strasbourg","status":"publish","type":"post","link":"https:\/\/www.europesays.com\/fr\/318078\/","title":{"rendered":"La pr\u00e9fecture prend des dispositions pour \u00e9viter les d\u00e9bordements lors du derby entre le FC Metz et le RC Strasbourg"},"content":{"rendered":"<p style=\"margin: 0;\">jeudi 14 ao\u00fbt 2025 \u00e0 07:37<\/p>\n<p>\t<img decoding=\"async\" src=\"https:\/\/www.europesays.com\/fr\/wp-content\/uploads\/2025\/08\/15865-la-prefecture-prend-des-dispositions-pour-eviter-les-debordements-lors-du-derby-entre-le-fc-me.jpeg\" class=\"blur\" alt=\"La pr\u00e9fecture prend des dispositions pour \u00e9viter les d\u00e9bordements lors du derby entre le FC Metz et le RC Strasbourg\"\/><br \/>\n\t<img decoding=\"async\" src=\"https:\/\/www.europesays.com\/fr\/wp-content\/uploads\/2025\/08\/15865-la-prefecture-prend-des-dispositions-pour-eviter-les-debordements-lors-du-derby-entre-le-fc-me.jpeg\" class=\"main\" alt=\"La pr\u00e9fecture prend des dispositions pour \u00e9viter les d\u00e9bordements lors du derby entre le FC Metz et le RC Strasbourg\"\/><\/p>\n<p>Une premi\u00e8re journ\u00e9e de championnat de Ligue 1 sous haute tension entre la Lorraine et l\u2019Alsace ce dimanche.<\/p>\n<p>&#13;<\/p>\n<p>En raison de l\u2019usage massif d\u2019engins pyrotechniques au stade Saint-Symphorien lors du match face \u00e0 l\u2019USL Dunkerque en mai dernier, le FC Metz a \u00e9t\u00e9 sanctionn\u00e9 par la Commission de Discipline de la Ligue de Football Professionnel.<\/p>\n<p>&#13;<\/p>\n<p>Pour des raisons d\u2019ordre public et de s\u00e9curit\u00e9, les supporters ultras du club grenat seront repositionn\u00e9s en Tribune Ouest Haute \u00e0 l\u2019occasion de ce derby du Grand Est.<\/p>\n","protected":false},"excerpt":{"rendered":"jeudi 14 ao\u00fbt 2025 \u00e0 07:37 Une premi\u00e8re journ\u00e9e de championnat de Ligue 1 sous haute tension entre&hellip;\n","protected":false},"author":2,"featured_media":318079,"comment_status":"","ping_status":"","sticky":false,"template":"","format":"standard","meta":{"footnotes":""},"categories":[2820],"tags":[1111,11,1777,674,1011,27,775,12,25,640],"class_list":{"0":"post-318078","1":"post","2":"type-post","3":"status-publish","4":"format-standard","5":"has-post-thumbnail","7":"category-strasbourg","8":"tag-actu","9":"tag-actualites","10":"tag-eu","11":"tag-europe","12":"tag-fr","13":"tag-france","14":"tag-grand-est","15":"tag-news","16":"tag-republique-francaise","17":"tag-strasbourg"},"share_on_mastodon":{"url":"https:\/\/pubeurope.com\/@fr\/115025951315684472","error":""},"_links":{"self":[{"href":"https:\/\/www.europesays.com\/fr\/wp-json\/wp\/v2\/posts\/318078","targetHints":{"allow":["GET"]}}],"collection":[{"href":"https:\/\/www.europesays.com\/fr\/wp-json\/wp\/v2\/posts"}],"about":[{"href":"https:\/\/www.europesays.com\/fr\/wp-json\/wp\/v2\/types\/post"}],"author":[{"embeddable":true,"href":"https:\/\/www.europesays.com\/fr\/wp-json\/wp\/v2\/users\/2"}],"replies":[{"embeddable":true,"href":"https:\/\/www.europesays.com\/fr\/wp-json\/wp\/v2\/comments?post=318078"}],"version-history":[{"count":0,"href":"https:\/\/www.europesays.com\/fr\/wp-json\/wp\/v2\/posts\/318078\/revisions"}],"wp:featuredmedia":[{"embeddable":true,"href":"https:\/\/www.europesays.com\/fr\/wp-json\/wp\/v2\/media\/318079"}],"wp:attachment":[{"href":"https:\/\/www.europesays.com\/fr\/wp-json\/wp\/v2\/media?parent=318078"}],"wp:term":[{"taxonomy":"category","embeddable":true,"href":"https:\/\/www.europesays.com\/fr\/wp-json\/wp\/v2\/categories?post=318078"},{"taxonomy":"post_tag","embeddable":true,"href":"https:\/\/www.europesays.com\/fr\/wp-json\/wp\/v2\/tags?post=318078"}],"curies":[{"name":"wp","href":"https:\/\/api.w.org\/{rel}","templated":true}]}}