{"id":318080,"date":"2025-08-14T07:31:12","date_gmt":"2025-08-14T07:31:12","guid":{"rendered":"https:\/\/www.europesays.com\/fr\/318080\/"},"modified":"2025-08-14T07:31:12","modified_gmt":"2025-08-14T07:31:12","slug":"israel-terroriste-degage-une-altercation-eclate-entre-des-manifestants-propalestiniens-et-des-clients-attables-dans-la-zone-pietonne-a-nice","status":"publish","type":"post","link":"https:\/\/www.europesays.com\/fr\/318080\/","title":{"rendered":"\u00ab\u00a0Isra\u00ebl terroriste!\u00a0\u00bb, \u00ab\u00a0d\u00e9gage!\u00a0\u00bb: une altercation \u00e9clate entre des manifestants propalestiniens et des clients attabl\u00e9s dans la zone pi\u00e9tonne \u00e0 Nice"},"content":{"rendered":"<p>\u00ab\u00a0Isra\u00ebl terroriste! Isra\u00ebl fasciste!\u00a0\u00bb La femme qui filme avec son t\u00e9l\u00e9phone portable lance ces accusations \u00e0 une cliente attabl\u00e9e \u00e0 la terrasse d\u2019un glacier, rue Mass\u00e9na \u00e0 Nice.<\/p>\n<p>Elle ajoute: \u00ab\u00a0En attendant, c\u2019est Isra\u00ebl qui massacre les journalistes&#8230;\u00a0\u00bb A ces mots, la cliente bondit: \u00ab\u00a0Ah oui? Vous voulez qu\u2019on parle des attentats? Vous voulez qu\u2019on parle du 7 octobre? Connasse!\u00a0\u00bb<\/p>\n<p>Voil\u00e0 comment le ton monte subitement, dans une vid\u00e9o de 50 secondes partag\u00e9e sur le r\u00e9seau X par le compte Cpasdeslol.<\/p>\n<p>Alors qu\u2019une autre cliente intervient, la premi\u00e8re se l\u00e8ve et tente de chasser l\u2019objectif de la cam\u00e9ra, manquant de se casser la figure au passage. \u00ab\u00a0D\u00e9gage!\u00a0\u00bb lance-t-elle. Puis elle va repousser une autre manifestante, voil\u00e9e et arborant les couleurs palestiniennes, qui filme \u00e9galement la sc\u00e8ne. \u00ab\u00a0Elle me frappe!\u00a0\u00bb, s\u2019\u00e9crie cette derni\u00e8re.<\/p>\n<p>Les faits se d\u00e9roulent dans la tr\u00e8s touristique zone pi\u00e9tonne de Nice. On ne voit ni ce qui pr\u00e9c\u00e8de, ni ce qui suivra.<\/p>\n<p>Selon des t\u00e9moins rencontr\u00e9s ce mercredi, elle est survenue lundi vers 19h15. \u00ab\u00a0Une quinzaine de manifestants pro-Gaza est pass\u00e9e, t\u00e9moigne un commer\u00e7ant. Un client a d\u00fb dire un truc comme \u201cLaissez-nous tranquille\u00a0\u00bb et une femme a commenc\u00e9 \u00e0 le filmer pr\u00e8s du visage, sans le l\u00e2cher. Elle a continu\u00e9 plus loin. Puis elle a cri\u00e9 en reculant \u00ab\u00a0On m\u2019agresse, on m\u2019agresse!\u00a0\u00bb En r\u00e9alit\u00e9, c\u2019est elle qui n\u2019\u00e9tait pas tr\u00e8s pacifique&#8230; \u00bb<\/p>\n<p><strong>Incidents r\u00e9currents<\/strong><\/p>\n<p>Des invectives, quelques gestes v\u00e9h\u00e9ments, mais pas de coup ni d\u2019intervention polici\u00e8re. La sc\u00e8ne laisse n\u00e9anmoins les t\u00e9moins interloqu\u00e9s. \u00ab\u00a0Ils font leur manifestation, je le comprends compl\u00e8tement. Mais d\u00e8s que quelqu\u2019un n\u2019est pas d\u2019accord avec eux, ils sortent le t\u00e9l\u00e9phone et filment les gens, regrette le salari\u00e9 d\u2019un \u00e9tablissement voisin. C\u2019\u00e9tait provocateur. La dame film\u00e9e pourrait d\u2019ailleurs d\u00e9poser plainte.\u00a0\u00bb<\/p>\n<p>Cette sc\u00e8ne est survenue au lendemain de <a href=\"https:\/\/www.nicematin.com\/conflits\/plan-israelien-a-gaza-netanyahu-veut-terminer-le-travail-997542\" target=\"_blank\" rel=\"noopener\">l\u2019annonce du plan d\u2019occupation de Gaza-ville par le Premier ministre isra\u00e9lien Benyahmin Netanyahou<\/a>. D\u2019autres incidents li\u00e9s au conflit au Proche-Orient ont \u00e9t\u00e9 m\u00e9diatis\u00e9s \u00e0 Nice, o\u00f9 <a href=\"https:\/\/www.nicematin.com\/vie-locale\/christian-estrosi-enleve-les-drapeaux-israeliens-du-fronton-de-la-mairie-de-nice-et-les-remplace-991755\" target=\"_blank\" rel=\"noopener\">le maire Christian Estrosi a affich\u00e9 son soutien constant \u00e0 Isra\u00ebl<\/a> depuis les attentats du 7 octobre 2023.<\/p>\n<p>Le 10 mai, une altercation avait oppos\u00e9 des manifestants pro-Gaza \u00e0 de jeunes Isra\u00e9liens place Garibaldi. Le 23 juillet, c\u2019est sur la promenade des Anglais qu\u2019un autre avait lanc\u00e9: \u00ab\u00a0Cours, PD, sale juif, sale race!\u00a0\u00bb <a href=\"https:\/\/www.nicematin.com\/racisme\/injures-antisemites-sur-la-prom-a-nice-l-auteur-presume-a-ete-interpelle-996183\" target=\"_blank\" rel=\"noopener\">L\u00e0 encore, la sc\u00e8ne avait \u00e9t\u00e9 film\u00e9e et viralis\u00e9e.<\/a> Il a \u00e9t\u00e9 interpell\u00e9 six jours plus tard. \u00ab\u00a0On est en France, il ne faut pas que \u00e7a devienne la guerre ici, ni propager toute cette haine, soupire le salari\u00e9 t\u00e9moin. On devrait plut\u00f4t se serrer les coudes.\u00a0\u00bb<\/p>\n","protected":false},"excerpt":{"rendered":"\u00ab\u00a0Isra\u00ebl terroriste! Isra\u00ebl fasciste!\u00a0\u00bb La femme qui filme avec son t\u00e9l\u00e9phone portable lance ces accusations \u00e0 une cliente&hellip;\n","protected":false},"author":2,"featured_media":318081,"comment_status":"","ping_status":"","sticky":false,"template":"","format":"standard","meta":{"footnotes":""},"categories":[2819],"tags":[1111,11,10411,1777,674,118,1011,27,12,2401,882,25],"class_list":{"0":"post-318080","1":"post","2":"type-post","3":"status-publish","4":"format-standard","5":"has-post-thumbnail","7":"category-nice","8":"tag-actu","9":"tag-actualites","10":"tag-conflits","11":"tag-eu","12":"tag-europe","13":"tag-faits-divers","14":"tag-fr","15":"tag-france","16":"tag-news","17":"tag-nice","18":"tag-provence-alpes-cote-dazur","19":"tag-republique-francaise"},"share_on_mastodon":{"url":"https:\/\/pubeurope.com\/@fr\/115025954977712505","error":""},"_links":{"self":[{"href":"https:\/\/www.europesays.com\/fr\/wp-json\/wp\/v2\/posts\/318080","targetHints":{"allow":["GET"]}}],"collection":[{"href":"https:\/\/www.europesays.com\/fr\/wp-json\/wp\/v2\/posts"}],"about":[{"href":"https:\/\/www.europesays.com\/fr\/wp-json\/wp\/v2\/types\/post"}],"author":[{"embeddable":true,"href":"https:\/\/www.europesays.com\/fr\/wp-json\/wp\/v2\/users\/2"}],"replies":[{"embeddable":true,"href":"https:\/\/www.europesays.com\/fr\/wp-json\/wp\/v2\/comments?post=318080"}],"version-history":[{"count":0,"href":"https:\/\/www.europesays.com\/fr\/wp-json\/wp\/v2\/posts\/318080\/revisions"}],"wp:featuredmedia":[{"embeddable":true,"href":"https:\/\/www.europesays.com\/fr\/wp-json\/wp\/v2\/media\/318081"}],"wp:attachment":[{"href":"https:\/\/www.europesays.com\/fr\/wp-json\/wp\/v2\/media?parent=318080"}],"wp:term":[{"taxonomy":"category","embeddable":true,"href":"https:\/\/www.europesays.com\/fr\/wp-json\/wp\/v2\/categories?post=318080"},{"taxonomy":"post_tag","embeddable":true,"href":"https:\/\/www.europesays.com\/fr\/wp-json\/wp\/v2\/tags?post=318080"}],"curies":[{"name":"wp","href":"https:\/\/api.w.org\/{rel}","templated":true}]}}