{"id":318084,"date":"2025-08-14T07:33:19","date_gmt":"2025-08-14T07:33:19","guid":{"rendered":"https:\/\/www.europesays.com\/fr\/318084\/"},"modified":"2025-08-14T07:33:19","modified_gmt":"2025-08-14T07:33:19","slug":"un-jeune-homme-condamne-pour-des-violences-sur-sa-compagne","status":"publish","type":"post","link":"https:\/\/www.europesays.com\/fr\/318084\/","title":{"rendered":"un jeune homme condamn\u00e9 pour des violences sur sa compagne"},"content":{"rendered":"<p>Jug\u00e9 en comparution imm\u00e9diate \u00e0 Nantes (<a target=\"_self\" href=\"https:\/\/www.lanouvellerepublique.fr\/loire-atlantique\" rel=\"noopener\">Loire-Atlantique<\/a>), un homme de 27\u00a0ans a \u00e9t\u00e9 condamn\u00e9 \u00e0 une peine am\u00e9nag\u00e9e ce lundi 11\u00a0ao\u00fbt 2025 pour des violences sur sa compagne, rapporte <a target=\"_blank\" href=\"https:\/\/www.ouest-france.fr\/pays-de-la-loire\/nantes-44000\/violent-avec-sa-compagne-mais-insere-professionnellement-ce-nantais-echappe-a-la-prison-06688534-779b-11f0-a1f0-338d5b473eee\" rel=\"noopener\">Ouest-France<\/a>. Il a agress\u00e9 la victime \u00e0 plusieurs reprises entre le 1er\u00a0mai et le 7\u00a0ao\u00fbt.<\/p>\n<p>Signal\u00e9 sur la plateforme d\u00e9di\u00e9e aux violences conjugales<\/p>\n<p>Chef d\u2019\u00e9quipe d\u2019une entreprise de transport, le Nantais avait \u00e9t\u00e9 interpell\u00e9 le 7\u00a0ao\u00fbt dernier sur son lieu de travail, apr\u00e8s un signalement d\u2019une amie de sa compagne sur <a target=\"_blank\" href=\"https:\/\/www.service-public.fr\/particuliers\/vosdroits\/R50511\" rel=\"noopener\">la plateforme du minist\u00e8re de l\u2019Int\u00e9rieur d\u00e9di\u00e9e aux violences conjugales<\/a>. La veille, au cours d\u2019une dispute o\u00f9 le couple \u00e9tait alcoolis\u00e9, il a mis des \u00ab\u00a0claques appuy\u00e9es\u00a0\u00bb et des coups de pied \u00e0 la victime. Elle a aussi \u00e9voqu\u00e9 une br\u00fblure de cigarette.<\/p>\n<p>Ce lundi, le jeune homme a \u00e9cop\u00e9 d\u2019une peine de dix-huit mois d\u2019emprisonnement, dont la moiti\u00e9 assortie d\u2019un sursis probatoire. Le tribunal a am\u00e9nag\u00e9 la partie ferme en d\u00e9tention \u00e0 domicile, sous surveillance \u00e9lectronique. Il doit \u00e9galement verser 2.500\u00a0\u20ac de pr\u00e9judice moral \u00e0 la victime, avec qui il a interdiction d\u2019entrer en contact.<\/p>\n","protected":false},"excerpt":{"rendered":"Jug\u00e9 en comparution imm\u00e9diate \u00e0 Nantes (Loire-Atlantique), un homme de 27\u00a0ans a \u00e9t\u00e9 condamn\u00e9 \u00e0 une peine am\u00e9nag\u00e9e&hellip;\n","protected":false},"author":2,"featured_media":318085,"comment_status":"","ping_status":"","sticky":false,"template":"","format":"standard","meta":{"footnotes":""},"categories":[2818],"tags":[1111,11,1674,1777,674,274,1011,27,3047,766,12,2636,25,798],"class_list":{"0":"post-318084","1":"post","2":"type-post","3":"status-publish","4":"format-standard","5":"has-post-thumbnail","7":"category-nantes","8":"tag-actu","9":"tag-actualites","10":"tag-communes","11":"tag-eu","12":"tag-europe","13":"tag-faits-divers-justice","14":"tag-fr","15":"tag-france","16":"tag-loire-atlantique","17":"tag-nantes","18":"tag-news","19":"tag-pays-de-la-loire","20":"tag-republique-francaise","21":"tag-violences-conjugales"},"share_on_mastodon":{"url":"https:\/\/pubeurope.com\/@fr\/115025962817212212","error":""},"_links":{"self":[{"href":"https:\/\/www.europesays.com\/fr\/wp-json\/wp\/v2\/posts\/318084","targetHints":{"allow":["GET"]}}],"collection":[{"href":"https:\/\/www.europesays.com\/fr\/wp-json\/wp\/v2\/posts"}],"about":[{"href":"https:\/\/www.europesays.com\/fr\/wp-json\/wp\/v2\/types\/post"}],"author":[{"embeddable":true,"href":"https:\/\/www.europesays.com\/fr\/wp-json\/wp\/v2\/users\/2"}],"replies":[{"embeddable":true,"href":"https:\/\/www.europesays.com\/fr\/wp-json\/wp\/v2\/comments?post=318084"}],"version-history":[{"count":0,"href":"https:\/\/www.europesays.com\/fr\/wp-json\/wp\/v2\/posts\/318084\/revisions"}],"wp:featuredmedia":[{"embeddable":true,"href":"https:\/\/www.europesays.com\/fr\/wp-json\/wp\/v2\/media\/318085"}],"wp:attachment":[{"href":"https:\/\/www.europesays.com\/fr\/wp-json\/wp\/v2\/media?parent=318084"}],"wp:term":[{"taxonomy":"category","embeddable":true,"href":"https:\/\/www.europesays.com\/fr\/wp-json\/wp\/v2\/categories?post=318084"},{"taxonomy":"post_tag","embeddable":true,"href":"https:\/\/www.europesays.com\/fr\/wp-json\/wp\/v2\/tags?post=318084"}],"curies":[{"name":"wp","href":"https:\/\/api.w.org\/{rel}","templated":true}]}}