{"id":318086,"date":"2025-08-14T07:34:10","date_gmt":"2025-08-14T07:34:10","guid":{"rendered":"https:\/\/www.europesays.com\/fr\/318086\/"},"modified":"2025-08-14T07:34:10","modified_gmt":"2025-08-14T07:34:10","slug":"trois-mineurs-en-garde-a-vue-pour-tentative-de-meurtre-apres-les-tirs-a-pirmil","status":"publish","type":"post","link":"https:\/\/www.europesays.com\/fr\/318086\/","title":{"rendered":"trois mineurs en garde \u00e0 vue pour tentative de meurtre apr\u00e8s les tirs \u00e0 Pirmil"},"content":{"rendered":"<p>            Par<br \/>\n        <strong><br \/>\n            <a href=\"https:\/\/actu.fr\/auteur\/thomas-bernard\" title=\"Consulter tous les articles de Thomas Bernard\" rel=\"nofollow noopener\" target=\"_blank\">Thomas Bernard<\/a><br \/>\n        <\/strong><\/p>\n<p>        Publi\u00e9 le<\/p>\n<p>            14 ao\u00fbt 2025 \u00e0 9h02        <\/p>\n<p>Lundi 11\u00a0ao\u00fbt 2025, un jeune de 17\u00a0ans a \u00e9t\u00e9 bless\u00e9 par <a href=\"https:\/\/actu.fr\/pays-de-la-loire\/nantes_44109\/coups-de-feu-a-nantes-une-personne-blessee-apres-des-tirs-en-plein-jour-a-pirmil_63022177.html\" rel=\"nofollow noopener\" target=\"_blank\">balle dans le quartier Pirmil au sud de Nantes<\/a>. Peu apr\u00e8s les faits, les policiers ont interpell\u00e9 trois individus, \u00e2g\u00e9s de 20, 23 et 24\u00a0ans. Mercredi 13\u00a0ao\u00fbt, <strong>ces personnes ont \u00e9t\u00e9 plac\u00e9es en garde \u00e0 vue et d\u00e9f\u00e9r\u00e9es au parquet de Nantes<\/strong>. Selon <a href=\"https:\/\/actu.fr\/pays-de-la-loire\/nantes_44109\/portrait-qui-est-antoine-leroy-ce-procureur-venu-du-sud-pour-s-installer-a-nantes_62672358.html\" rel=\"nofollow noopener\" target=\"_blank\">Antoine Leroy<\/a>, procureur de la R\u00e9publique, l\u2019affaire se serait d\u00e9roul\u00e9e <strong>\u00ab\u2009dans un contexte de r\u00e8glement de compte\u2009\u00bb li\u00e9 au trafic de drogue s\u00e9vissant dans un point de deal dans le quartier<\/strong>. Le magistrat a fait le point sur le d\u00e9roul\u00e9 des faits.<\/p>\n<p>Coup de feu et de couteau<\/p>\n<p class=\" wall-content\">Le mineur bless\u00e9 par balle, \u00e2g\u00e9 de 17\u00a0ans, est connu des services de police et de la justice. Lundi 11\u00a0ao\u00fbt, aux alentours de 11h30, il se trouve dans un parc quand deux individus en trottinette lui tirent dessus, <strong>une balle lui traverse le mollet<\/strong>.<\/p>\n<p class=\" wall-content\">\u00ab\u2009Imm\u00e9diatement apr\u00e8s, <strong>trois autres individus s\u2019en prenaient \u00e9galement \u00e0 lui<\/strong>, lui ass\u00e9nant plusieurs coups dont <strong>certains avec un couteau<\/strong>\u2009; le mineur \u00e9tait transport\u00e9 au CHU, qui constatait des plaies au cuir chevelu, au visage, sur le thorax et la cuisse sans pronostic vital engag\u00e9\u2009\u00bb, d\u00e9taille dans un communiqu\u00e9 Antoine Leroy.<\/p>\n<p class=\" wall-content\">Les deux personnes sur la <strong>trottinette<\/strong> ont pu <strong>prendre la fuite,<\/strong> dont l\u2019une en traversant la S\u00e8vre Nantaise <strong>\u00e0 la nage.<\/strong> Les policiers ont interpell\u00e9 les trois auteurs des coups, eux aussi connus des services de police et de la justice.<\/p>\n<p>Tentative de meurtre<\/p>\n<p class=\" wall-content\">\u00ab\u2009Des constatations polici\u00e8res faites, des auditions des t\u00e9moins, de la victime, ainsi que de celles des trois mis en cause dans le temps de leur garde \u00e0 vue, il apparaissait clairement que les violences ainsi commises, dans un contexte de r\u00e8glement de compte li\u00e9 \u00e0 un trafic de produits stup\u00e9fiants localis\u00e9 sur un point de deal tout proche,<strong> caract\u00e9risaient les faits de tentative de meurtre pouvant \u00eatre reproch\u00e9s \u00e0 ces derniers\u2009\u00bb<\/strong>, explique le procureur de Nantes.<\/p>\n<p class=\" wall-content\">Les trois individus ont \u00e9t\u00e9 d\u00e9f\u00e9r\u00e9s, ce mercredi 13\u00a0ao\u00fbt, et ont \u00e9t\u00e9 plac\u00e9s en d\u00e9tention provisoire. L\u2019enqu\u00eate se poursuit sous l\u2019autorit\u00e9 du juge d\u2019instruction et sur commissions rogatoires, notamment pour<strong> identifier les deux premiers auteurs se trouvant sur la trottinette<\/strong>, dont l\u2019un avait fait feu sur le mineur.<\/p>\n<p class=\" wall-content\">Suivez toute l\u2019actualit\u00e9 de vos villes et m\u00e9dias favoris en vous inscrivant \u00e0 <a href=\"https:\/\/moncompte.actu.fr\" title=\"D\u00e9couvez Mon Actu\" rel=\"nofollow noopener\" data-trk=\"{&quot;cta&quot;:{&quot;action&quot;:&quot;https:\\\/\\\/moncompte.actu.fr&quot;,&quot;category&quot;:&quot;mon compte&quot;,&quot;from&quot;:&quot;article footer&quot;,&quot;name&quot;:&quot;Mon actu&quot;,&quot;type&quot;:&quot;cta&quot;}}\" target=\"_blank\">Mon Actu<\/a>.<\/p>\n","protected":false},"excerpt":{"rendered":"Par Thomas Bernard Publi\u00e9 le 14 ao\u00fbt 2025 \u00e0 9h02 Lundi 11\u00a0ao\u00fbt 2025, un jeune de 17\u00a0ans a&hellip;\n","protected":false},"author":2,"featured_media":20698,"comment_status":"","ping_status":"","sticky":false,"template":"","format":"standard","meta":{"footnotes":""},"categories":[2818],"tags":[1111,11,1052,1777,674,118,1011,27,766,12,2636,1072,25],"class_list":{"0":"post-318086","1":"post","2":"type-post","3":"status-publish","4":"format-standard","5":"has-post-thumbnail","7":"category-nantes","8":"tag-actu","9":"tag-actualites","10":"tag-drogue","11":"tag-eu","12":"tag-europe","13":"tag-faits-divers","14":"tag-fr","15":"tag-france","16":"tag-nantes","17":"tag-news","18":"tag-pays-de-la-loire","19":"tag-police","20":"tag-republique-francaise"},"share_on_mastodon":{"url":"https:\/\/pubeurope.com\/@fr\/115025966913204722","error":""},"_links":{"self":[{"href":"https:\/\/www.europesays.com\/fr\/wp-json\/wp\/v2\/posts\/318086","targetHints":{"allow":["GET"]}}],"collection":[{"href":"https:\/\/www.europesays.com\/fr\/wp-json\/wp\/v2\/posts"}],"about":[{"href":"https:\/\/www.europesays.com\/fr\/wp-json\/wp\/v2\/types\/post"}],"author":[{"embeddable":true,"href":"https:\/\/www.europesays.com\/fr\/wp-json\/wp\/v2\/users\/2"}],"replies":[{"embeddable":true,"href":"https:\/\/www.europesays.com\/fr\/wp-json\/wp\/v2\/comments?post=318086"}],"version-history":[{"count":0,"href":"https:\/\/www.europesays.com\/fr\/wp-json\/wp\/v2\/posts\/318086\/revisions"}],"wp:featuredmedia":[{"embeddable":true,"href":"https:\/\/www.europesays.com\/fr\/wp-json\/wp\/v2\/media\/20698"}],"wp:attachment":[{"href":"https:\/\/www.europesays.com\/fr\/wp-json\/wp\/v2\/media?parent=318086"}],"wp:term":[{"taxonomy":"category","embeddable":true,"href":"https:\/\/www.europesays.com\/fr\/wp-json\/wp\/v2\/categories?post=318086"},{"taxonomy":"post_tag","embeddable":true,"href":"https:\/\/www.europesays.com\/fr\/wp-json\/wp\/v2\/tags?post=318086"}],"curies":[{"name":"wp","href":"https:\/\/api.w.org\/{rel}","templated":true}]}}