{"id":318089,"date":"2025-08-14T07:36:20","date_gmt":"2025-08-14T07:36:20","guid":{"rendered":"https:\/\/www.europesays.com\/fr\/318089\/"},"modified":"2025-08-14T07:36:20","modified_gmt":"2025-08-14T07:36:20","slug":"la-prefecture-desavouee-lhandicape-peut-rester-pour-linstant","status":"publish","type":"post","link":"https:\/\/www.europesays.com\/fr\/318089\/","title":{"rendered":"la pr\u00e9fecture d\u00e9savou\u00e9e, l\u2019handicap\u00e9 peut rester pour l\u2019instant"},"content":{"rendered":"<p>Du soulagement. Voici ce qu\u2019a ressenti Pavlo. Cet Ukrainien de 35\u00a0ans r\u00e9fugi\u00e9 \u00e0 Bordeaux a re\u00e7u, mardi 12\u00a0ao\u00fbt, le r\u00e9sultat du r\u00e9f\u00e9r\u00e9 qu\u2019il a engag\u00e9 devant le tribunal administratif contre le pr\u00e9fet de la Gironde.<\/p>\n<p>D\u00e9but juillet, <a href=\"https:\/\/www.sudouest.fr\/thematiques\/faits-divers\/storyline-25413055.php\" target=\"_blank\" rel=\"follow nofollow noopener\">le repr\u00e9sentant de l\u2019\u00c9tat lui avait signal\u00e9 une obligation de quitter le territoire fran\u00e7ais<\/a> (OQTF). Une d\u00e9cision \u00ab\u00a0parfaitement ill\u00e9gale\u00a0\u00bb, soutenait Me Jean Tr\u00e9besses, l\u2019avocat de celui qui a fui la guerre entam\u00e9e par la Russie pour rejoindre toute sa famille dans le Sud-Ouest. Alors <a href=\"https:\/\/www.sudouest.fr\/bassins-de-vie\/gironde\/bordeaux\/storyline-25479551.php\" target=\"_blank\" rel=\"follow nofollow noopener\">une proc\u00e9dure d\u2019urgence a \u00e9t\u00e9 examin\u00e9e le 5\u00a0ao\u00fbt par la justice.<\/a><\/p>\n<p>Qui vient de rendre une d\u00e9cision positive, selon nos informations. Le pr\u00e9sident du tribunal administratif reconna\u00eet \u00ab\u00a0la gravit\u00e9 de l\u2019\u00e9tat de sant\u00e9 du requ\u00e9rant et le fait qu\u2019il ne peut pas vivre au quotidien sans aide\u00a0\u00bb. D\u00e8s lors, les services du pr\u00e9fet ont commis \u00ab\u00a0une erreur manifeste d\u2019appr\u00e9ciation\u00a0\u00bb en n\u2019\u00e9tudiant pas \u00ab\u00a0r\u00e9ellement et s\u00e9rieusement\u00a0\u00bb la situation.<\/p>\n<p>Un autre proc\u00e8s \u00e0 pr\u00e9voir<\/p>\n<p>Cons\u00e9quence\u00a0: l\u2019OQTF est suspendue \u00e0 titre temporaire. \u00ab\u00a0C\u2019est une premi\u00e8re victoire, savoure Me Trebesses. La pr\u00e9fecture doit r\u00e9examiner la situation d\u2019ici quinze jours et lui d\u00e9livrer une autorisation provisoire de s\u00e9jour. Mais \u00e7a ne veut pas dire que tout est r\u00e9gl\u00e9\u00a0!\u00a0\u00bb<\/p>\n<p>En effet, le probl\u00e8me ne sera examin\u00e9 au fond que d\u2019ici cinq \u00e0 six mois, \u00e0 nouveau devant le tribunal administratif. Les juges diront si l\u2019OQTF est d\u00e9finitivement annul\u00e9e ou pas. L\u2019avocat du trentenaire handicap\u00e9 (il est unijambiste et souffre d\u2019autres probl\u00e8mes) esp\u00e8re obtenir a minima une protection temporaire en tant que r\u00e9fugi\u00e9 (un droit qui semble acquis), mais surtout un statut d\u2019\u00e9tranger malade.<\/p>\n<p>Elena, l\u2019une des s\u0153urs de Pavlo r\u00e9fugi\u00e9e en France, est soulag\u00e9e\u00a0: \u00ab\u00a0Le juge a bien compris la situation et constat\u00e9 que la pr\u00e9fecture a fait une erreur au sujet de mon fr\u00e8re. C\u2019est une bonne nouvelle, m\u00eame si ce n\u2019est pas fini. Mais depuis qu\u2019on a appris la d\u00e9cision, Pavlo est souriant. Il est de meilleure humeur.\u00a0\u00bb<\/p>\n","protected":false},"excerpt":{"rendered":"Du soulagement. Voici ce qu\u2019a ressenti Pavlo. Cet Ukrainien de 35\u00a0ans r\u00e9fugi\u00e9 \u00e0 Bordeaux a re\u00e7u, mardi 12\u00a0ao\u00fbt,&hellip;\n","protected":false},"author":2,"featured_media":318090,"comment_status":"","ping_status":"","sticky":false,"template":"","format":"standard","meta":{"footnotes":""},"categories":[2817],"tags":[1111,11,1997,1777,674,1011,27,12,2219,25],"class_list":{"0":"post-318089","1":"post","2":"type-post","3":"status-publish","4":"format-standard","5":"has-post-thumbnail","7":"category-bordeaux","8":"tag-actu","9":"tag-actualites","10":"tag-bordeaux","11":"tag-eu","12":"tag-europe","13":"tag-fr","14":"tag-france","15":"tag-news","16":"tag-nouvelle-aquitaine","17":"tag-republique-francaise"},"share_on_mastodon":{"url":"https:\/\/pubeurope.com\/@fr\/115025974657384358","error":""},"_links":{"self":[{"href":"https:\/\/www.europesays.com\/fr\/wp-json\/wp\/v2\/posts\/318089","targetHints":{"allow":["GET"]}}],"collection":[{"href":"https:\/\/www.europesays.com\/fr\/wp-json\/wp\/v2\/posts"}],"about":[{"href":"https:\/\/www.europesays.com\/fr\/wp-json\/wp\/v2\/types\/post"}],"author":[{"embeddable":true,"href":"https:\/\/www.europesays.com\/fr\/wp-json\/wp\/v2\/users\/2"}],"replies":[{"embeddable":true,"href":"https:\/\/www.europesays.com\/fr\/wp-json\/wp\/v2\/comments?post=318089"}],"version-history":[{"count":0,"href":"https:\/\/www.europesays.com\/fr\/wp-json\/wp\/v2\/posts\/318089\/revisions"}],"wp:featuredmedia":[{"embeddable":true,"href":"https:\/\/www.europesays.com\/fr\/wp-json\/wp\/v2\/media\/318090"}],"wp:attachment":[{"href":"https:\/\/www.europesays.com\/fr\/wp-json\/wp\/v2\/media?parent=318089"}],"wp:term":[{"taxonomy":"category","embeddable":true,"href":"https:\/\/www.europesays.com\/fr\/wp-json\/wp\/v2\/categories?post=318089"},{"taxonomy":"post_tag","embeddable":true,"href":"https:\/\/www.europesays.com\/fr\/wp-json\/wp\/v2\/tags?post=318089"}],"curies":[{"name":"wp","href":"https:\/\/api.w.org\/{rel}","templated":true}]}}