{"id":318097,"date":"2025-08-14T07:41:10","date_gmt":"2025-08-14T07:41:10","guid":{"rendered":"https:\/\/www.europesays.com\/fr\/318097\/"},"modified":"2025-08-14T07:41:10","modified_gmt":"2025-08-14T07:41:10","slug":"la-moitie-des-piscines-municipales-marseillaises-restent-fermees","status":"publish","type":"post","link":"https:\/\/www.europesays.com\/fr\/318097\/","title":{"rendered":"la moiti\u00e9 des piscines municipales marseillaises restent ferm\u00e9es"},"content":{"rendered":"<p>Face \u00e0 l\u2019\u00e9pisode de canicule marqu\u00e9 que traversent Marseille et une grande partie de la France, la Ville a <a href=\"https:\/\/www.laprovence.com\/article\/societe\/4537104007714914\/canicule-la-ville-de-marseille-rend-ses-piscines-gratuites-des-ce-dimanche\" target=\"_blank\" rel=\"noopener\">annonc\u00e9 la gratuit\u00e9<\/a> de l\u2019acc\u00e8s \u00e0 ses piscines municipales. Sauf que sept des 14 bassins publics sont ferm\u00e9s au public, pour des raisons vari\u00e9es. \u00ab\u00a0Cette gratuit\u00e9, c\u2019est une fausse bonne nouvelle\u00a0\u00bb, commente avec amertume Kader Benayed, repr\u00e9sentant du collectif KGBS (Kallist\u00e9, Grani\u00e8re, Bourrely, Solidarit\u00e9) car cela \u00ab\u00a0ne gu\u00e9rit pas les maux de bassins\u00a0\u00bb dans la deuxi\u00e8me ville de France. En cette mi-ao\u00fbt, Marseille compte une piscine ouverte pour 125\u00a0000 habitants.<\/p>\n","protected":false},"excerpt":{"rendered":"Face \u00e0 l\u2019\u00e9pisode de canicule marqu\u00e9 que traversent Marseille et une grande partie de la France, la Ville&hellip;\n","protected":false},"author":2,"featured_media":318098,"comment_status":"","ping_status":"","sticky":false,"template":"","format":"standard","meta":{"footnotes":""},"categories":[2814],"tags":[17,1111,11,6698,154,1777,674,1011,27,12191,884,4381,3554,12,18812,882,16,25,21339],"class_list":{"0":"post-318097","1":"post","2":"type-post","3":"status-publish","4":"format-standard","5":"has-post-thumbnail","7":"category-marseille","8":"tag-17","9":"tag-actu","10":"tag-actualites","11":"tag-canicule","12":"tag-des","13":"tag-eu","14":"tag-europe","15":"tag-fr","16":"tag-france","17":"tag-marseillaises","18":"tag-marseille","19":"tag-moitie","20":"tag-municipales","21":"tag-news","22":"tag-piscines","23":"tag-provence-alpes-cote-dazur","24":"tag-region","25":"tag-republique-francaise","26":"tag-restent"},"share_on_mastodon":{"url":"https:\/\/pubeurope.com\/@fr\/115025994249693040","error":""},"_links":{"self":[{"href":"https:\/\/www.europesays.com\/fr\/wp-json\/wp\/v2\/posts\/318097","targetHints":{"allow":["GET"]}}],"collection":[{"href":"https:\/\/www.europesays.com\/fr\/wp-json\/wp\/v2\/posts"}],"about":[{"href":"https:\/\/www.europesays.com\/fr\/wp-json\/wp\/v2\/types\/post"}],"author":[{"embeddable":true,"href":"https:\/\/www.europesays.com\/fr\/wp-json\/wp\/v2\/users\/2"}],"replies":[{"embeddable":true,"href":"https:\/\/www.europesays.com\/fr\/wp-json\/wp\/v2\/comments?post=318097"}],"version-history":[{"count":0,"href":"https:\/\/www.europesays.com\/fr\/wp-json\/wp\/v2\/posts\/318097\/revisions"}],"wp:featuredmedia":[{"embeddable":true,"href":"https:\/\/www.europesays.com\/fr\/wp-json\/wp\/v2\/media\/318098"}],"wp:attachment":[{"href":"https:\/\/www.europesays.com\/fr\/wp-json\/wp\/v2\/media?parent=318097"}],"wp:term":[{"taxonomy":"category","embeddable":true,"href":"https:\/\/www.europesays.com\/fr\/wp-json\/wp\/v2\/categories?post=318097"},{"taxonomy":"post_tag","embeddable":true,"href":"https:\/\/www.europesays.com\/fr\/wp-json\/wp\/v2\/tags?post=318097"}],"curies":[{"name":"wp","href":"https:\/\/api.w.org\/{rel}","templated":true}]}}