{"id":318099,"date":"2025-08-14T07:42:10","date_gmt":"2025-08-14T07:42:10","guid":{"rendered":"https:\/\/www.europesays.com\/fr\/318099\/"},"modified":"2025-08-14T07:42:10","modified_gmt":"2025-08-14T07:42:10","slug":"mort-dune-personne-ayant-chute-ce-jeudi-matin-dun-pont-autoroutier-sur-la7-aux-pennes-mirabeau","status":"publish","type":"post","link":"https:\/\/www.europesays.com\/fr\/318099\/","title":{"rendered":"Mort d&rsquo;une personne ayant chut\u00e9 ce jeudi matin d&rsquo;un pont autoroutier sur l&rsquo;A7 aux Pennes-Mirabeau"},"content":{"rendered":"<p>Ce jeudi matin, une personne d\u2019une cinquantaine d\u2019ann\u00e9es s\u2019est jet\u00e9e d\u2019un pont autoroutier surplombant l\u2019autoroute A7, \u00e0 hauteur des Pennes-Mirabeau et en direction de Vitrolles, \u00e0 la sortie de Marseille en somme. Plus pr\u00e9cis\u00e9ment sur l\u2019A517 (elle relie l\u2019A51 en provenance d\u2019Aix \u00e0 l\u2019A7).<\/p>\n<p>Les pompiers sont intervenus pour tenter de la r\u00e9animer alors qu\u2019elle \u00e9tait en arr\u00eat cardiaque \u00e0 l\u2019arriv\u00e9e des secours. La victime est finalement d\u00e9c\u00e9d\u00e9e. La police est aussi sur place. Deux bouchons importants sont en cours.<\/p>\n<p>Sur l\u2019A517, la retenue se prolonge sur l\u2019A51. Et sur l\u2019A7, sens Marseille-Lyon, c\u2019est pare-chocs contre pare-chocs depuis les Aygalades. Ces secteurs sont \u00e0 \u00e9viter.<\/p>\n<p>La victime \u00e9tait tomb\u00e9e sur la bande d\u2019arr\u00eat d\u2019urgence.<\/p>\n","protected":false},"excerpt":{"rendered":"Ce jeudi matin, une personne d\u2019une cinquantaine d\u2019ann\u00e9es s\u2019est jet\u00e9e d\u2019un pont autoroutier surplombant l\u2019autoroute A7, \u00e0 hauteur&hellip;\n","protected":false},"author":2,"featured_media":318100,"comment_status":"","ping_status":"","sticky":false,"template":"","format":"standard","meta":{"footnotes":""},"categories":[2814],"tags":[17,1111,11,23505,1102,837,4440,1777,674,274,1011,27,9272,884,4659,18,12,29595,882,25],"class_list":{"0":"post-318099","1":"post","2":"type-post","3":"status-publish","4":"format-standard","5":"has-post-thumbnail","7":"category-marseille","8":"tag-17","9":"tag-actu","10":"tag-actualites","11":"tag-ayant","12":"tag-breakingnews","13":"tag-chute","14":"tag-dune","15":"tag-eu","16":"tag-europe","17":"tag-faits-divers-justice","18":"tag-fr","19":"tag-france","20":"tag-jeudi","21":"tag-marseille","22":"tag-matin","23":"tag-mort","24":"tag-news","25":"tag-personne","26":"tag-provence-alpes-cote-dazur","27":"tag-republique-francaise"},"share_on_mastodon":{"url":"https:\/\/pubeurope.com\/@fr\/115025998288943578","error":""},"_links":{"self":[{"href":"https:\/\/www.europesays.com\/fr\/wp-json\/wp\/v2\/posts\/318099","targetHints":{"allow":["GET"]}}],"collection":[{"href":"https:\/\/www.europesays.com\/fr\/wp-json\/wp\/v2\/posts"}],"about":[{"href":"https:\/\/www.europesays.com\/fr\/wp-json\/wp\/v2\/types\/post"}],"author":[{"embeddable":true,"href":"https:\/\/www.europesays.com\/fr\/wp-json\/wp\/v2\/users\/2"}],"replies":[{"embeddable":true,"href":"https:\/\/www.europesays.com\/fr\/wp-json\/wp\/v2\/comments?post=318099"}],"version-history":[{"count":0,"href":"https:\/\/www.europesays.com\/fr\/wp-json\/wp\/v2\/posts\/318099\/revisions"}],"wp:featuredmedia":[{"embeddable":true,"href":"https:\/\/www.europesays.com\/fr\/wp-json\/wp\/v2\/media\/318100"}],"wp:attachment":[{"href":"https:\/\/www.europesays.com\/fr\/wp-json\/wp\/v2\/media?parent=318099"}],"wp:term":[{"taxonomy":"category","embeddable":true,"href":"https:\/\/www.europesays.com\/fr\/wp-json\/wp\/v2\/categories?post=318099"},{"taxonomy":"post_tag","embeddable":true,"href":"https:\/\/www.europesays.com\/fr\/wp-json\/wp\/v2\/tags?post=318099"}],"curies":[{"name":"wp","href":"https:\/\/api.w.org\/{rel}","templated":true}]}}