{"id":318103,"date":"2025-08-14T07:44:17","date_gmt":"2025-08-14T07:44:17","guid":{"rendered":"https:\/\/www.europesays.com\/fr\/318103\/"},"modified":"2025-08-14T07:44:17","modified_gmt":"2025-08-14T07:44:17","slug":"toute-lactualite-de-ce-jeudi-14-aout-2025-a-lyon","status":"publish","type":"post","link":"https:\/\/www.europesays.com\/fr\/318103\/","title":{"rendered":"Toute l&rsquo;actualit\u00e9 de ce jeudi 14 aout 2025 \u00e0 Lyon"},"content":{"rendered":"<p>A la une de l\u2019info \u00e0 Lyon : une lessive \u00e9colo sans produits chimiques et Lyon Toulouse en tandem au profit des chiens guides d\u2019aveugles\u2026<\/p>\n<p>ECOUTEZ LE 1\/4H LYONNAIS\u2026 Toute l\u2019actualit\u00e9 de ce jeudi 14 aout 2025<\/p>\n<p>LE 1\/4H LYONNAIS [ jeudi 14 aout 2025<\/p>\n<p>Durant cet \u00e9t\u00e9, on vous propose un <strong>1\/4H LYONNAIS<\/strong> dans une forme un peu exceptionnelle. Avec des reportages \u00e0 travers la ville pour vous faire d\u00e9couvrir, des lieux, des personnalit\u00e9s, des activit\u00e9s\u2026<\/p>\n<p>La fin du d\u00e9tergent serait-elle proche ?\u00a0Deux Lyonnais, <strong>Jean-Baptiste Duranton<\/strong> et <strong>Marc Biessy<\/strong>, ont cr\u00e9\u00e9 un produit qui permet de <strong>limiter l\u2019usage de la lessive<\/strong> traditionnelle. <strong>Ops Clean<\/strong>\u00a0c\u2019est peut-\u00eatre la <strong><a href=\"https:\/\/opsclean.com\/\" target=\"_blank\" rel=\"noreferrer noopener\">lessive du futur<\/a><\/strong>\u00a0! Elle se pr\u00e9sente sous la forme de <strong>petites billes de magn\u00e9sium<\/strong>, une technologie audacieuse qui remplace le d\u00e9tergent, l\u2019adoucissant et l\u2019anti-calcaire.<\/p>\n<p>Notre invit\u00e9 : <strong>Jean-Baptiste Duranton<\/strong>, cofondateur d\u2019<strong>Ops Clean<\/strong><\/p>\n<p>La <strong>simplicit\u00e9 d\u2019utilisation<\/strong>, l\u2019<strong>absence d\u2019allerg\u00e8nes<\/strong> et la r\u00e9duction des <strong>d\u00e9chets plastiques<\/strong> pourraient bien positionner la <strong>lessive au magn\u00e9sium<\/strong> comme la nouvelle norme pour l\u2019<strong>entretien du linge<\/strong>. <strong>Ops Clean<\/strong> propose aussi des trousses d\u2019\u00e9t\u00e9 pour, \u00e0 la fois <strong>laver plus \u00e9colo<\/strong> et <strong>partir plus l\u00e9ger<\/strong>. Pour rappel ,\u00a0<strong>un sachet<\/strong> permet de r\u00e9aliser <strong>jusqu\u2019\u00e0 300 lavages<\/strong>.<\/p>\n<p>Ecoutez aussi : <a href=\"https:\/\/www.lyondemain.fr\/programme-marguerite-mobilite-artisans\/\" target=\"_blank\" rel=\"noreferrer noopener\">Programme Marguerite : un panier de mobilit\u00e9s d\u00e9carbon\u00e9es<\/a><\/p>\n<p>Egalement dans l\u2019actualit\u00e9 de ce jeudi 14 aout<\/p>\n<p>2\u00e8me grand reportage dans ce 1\/4H LYONNAIS sp\u00e9cial \u00e9t\u00e9 :\u00a0<\/p>\n<p><strong>Lyon Toulouse en tandem<\/strong> : c\u2019est le d\u00e9fi que s\u2019est lanc\u00e9e <strong>Manon Bernard<\/strong>. Un jeune lyonnaise aveugle, adepte du d\u00e9passement de soi. L\u2019enjeu est sportif mais pas que\u2026\u00a0 Il s\u2019agit aussi de faire connaitre la <strong>Fondation Fr\u00e9d\u00e9ric Gaillanne<\/strong>. Cette derni\u00e8re finance la formation de <strong>chiens guides d\u2019aveugles<\/strong> remis aux <strong>mineurs<\/strong>. Un reportage de <strong>Th\u00e9ophile Eliot<\/strong><\/p>\n<p>Nos invit\u00e9s :\u00a0<strong>Laurent Corbet<\/strong>, pr\u00e9sident de la d\u00e9l\u00e9gation Rh\u00f4ne-Alpes de la <strong><a href=\"https:\/\/www.fondationfg.org\/\" target=\"_blank\" rel=\"noreferrer noopener\">Fondation Fr\u00e9d\u00e9ric Gaillanne<\/a><\/strong>, et <strong>Manon Bernard<\/strong><\/p>\n<p>Ecoutez aussi : <a href=\"https:\/\/www.lyondemain.fr\/actualite-de-ce-mercredi-13-aout-lyon-info-pari-solidaire-pre-gaudry\/\" target=\"_blank\" rel=\"noreferrer noopener\">Toute l\u2019actualit\u00e9 de ce mercredi 13 aout 2025 \u00e0 Lyon<\/a><\/p>\n<p><img fetchpriority=\"high\" decoding=\"async\" width=\"1200\" height=\"675\" src=\"https:\/\/www.europesays.com\/fr\/wp-content\/uploads\/2025\/08\/actualite-de-ce-jeudi-14-aout-2025.jpg\" alt=\"actualit\u00e9 de ce jeudi 14 aout 2025 info \u00e0 Lyon\" class=\"wp-image-251055\"  \/>Retrouvez aussi le Quart d\u2019Heure Lyonnais de Lyon Demain sur les antennes de Radio Pluriel (Lyon). Radio Salam (Lyon, Saint-Etienne et Bourg) et Radio Arm\u00e9nie (Lyon et Vienne)<\/p>\n<p>J\u2019aime \u00e7a\u00a0:<\/p>\n<p>J\u2019aime chargement\u2026<\/p>\n<p><a class=\"sd-link-color\"\/><\/p>\n<p>\n\tArticles similaires\n<\/p>\n<p>\t\t\t\t<img decoding=\"async\" src=\"https:\/\/www.europesays.com\/fr\/wp-content\/uploads\/2025\/08\/1755157457_153_7866158698e17e8ed633c05e8f8e7fe5d9e057ad78661c4dc34e413abb6b9f19\" alt=\"G\u00e9rald Bouchon\"\/><\/p>\n<p>Pionnier des radios libres, passionn\u00e9 de radio, journaliste et dirigeant de m\u00e9dias \u00e9co-responsables..<\/p>\n","protected":false},"excerpt":{"rendered":"A la une de l\u2019info \u00e0 Lyon : une lessive \u00e9colo sans produits chimiques et Lyon Toulouse en&hellip;\n","protected":false},"author":2,"featured_media":318104,"comment_status":"","ping_status":"","sticky":false,"template":"","format":"standard","meta":{"footnotes":""},"categories":[1889],"tags":[1111,11,2430,45635,45636,45637,45638,1777,674,45639,1011,27,45640,34976,45641,2428,19451,45642,12,34977,25,3637,208],"class_list":{"0":"post-318103","1":"post","2":"type-post","3":"status-publish","4":"format-standard","5":"has-post-thumbnail","7":"category-lyon","8":"tag-actu","9":"tag-actualites","10":"tag-auvergne-rhone-alpes","11":"tag-aveugles","12":"tag-chiens-guides","13":"tag-defi-a-velo","14":"tag-defi-sportif","15":"tag-eu","16":"tag-europe","17":"tag-fondation-frederic-gaillanne","18":"tag-fr","19":"tag-france","20":"tag-jean-baptiste-duranton","21":"tag-lessive-ecolo","22":"tag-lions-club","23":"tag-lyon","24":"tag-magnesium","25":"tag-manon-bernard","26":"tag-news","27":"tag-ops-clean","28":"tag-republique-francaise","29":"tag-tandem","30":"tag-velo"},"share_on_mastodon":{"url":"https:\/\/pubeurope.com\/@fr\/115026006621354196","error":""},"_links":{"self":[{"href":"https:\/\/www.europesays.com\/fr\/wp-json\/wp\/v2\/posts\/318103","targetHints":{"allow":["GET"]}}],"collection":[{"href":"https:\/\/www.europesays.com\/fr\/wp-json\/wp\/v2\/posts"}],"about":[{"href":"https:\/\/www.europesays.com\/fr\/wp-json\/wp\/v2\/types\/post"}],"author":[{"embeddable":true,"href":"https:\/\/www.europesays.com\/fr\/wp-json\/wp\/v2\/users\/2"}],"replies":[{"embeddable":true,"href":"https:\/\/www.europesays.com\/fr\/wp-json\/wp\/v2\/comments?post=318103"}],"version-history":[{"count":0,"href":"https:\/\/www.europesays.com\/fr\/wp-json\/wp\/v2\/posts\/318103\/revisions"}],"wp:featuredmedia":[{"embeddable":true,"href":"https:\/\/www.europesays.com\/fr\/wp-json\/wp\/v2\/media\/318104"}],"wp:attachment":[{"href":"https:\/\/www.europesays.com\/fr\/wp-json\/wp\/v2\/media?parent=318103"}],"wp:term":[{"taxonomy":"category","embeddable":true,"href":"https:\/\/www.europesays.com\/fr\/wp-json\/wp\/v2\/categories?post=318103"},{"taxonomy":"post_tag","embeddable":true,"href":"https:\/\/www.europesays.com\/fr\/wp-json\/wp\/v2\/tags?post=318103"}],"curies":[{"name":"wp","href":"https:\/\/api.w.org\/{rel}","templated":true}]}}