{"id":318105,"date":"2025-08-14T07:45:12","date_gmt":"2025-08-14T07:45:12","guid":{"rendered":"https:\/\/www.europesays.com\/fr\/318105\/"},"modified":"2025-08-14T07:45:12","modified_gmt":"2025-08-14T07:45:12","slug":"bison-fute-redoute-le-retour-massif-des-vacanciers-sur-les-routes-dile-de-france","status":"publish","type":"post","link":"https:\/\/www.europesays.com\/fr\/318105\/","title":{"rendered":"Bison Fut\u00e9 redoute le retour massif des vacanciers sur les routes d&rsquo;\u00cele-de-France"},"content":{"rendered":"<p>            Par<br \/>\n        <strong><br \/>\n            <a href=\"https:\/\/actu.fr\/auteur\/redaction-paris\" title=\"Consulter tous les articles de R\u00e9daction Paris\" target=\"_blank\" rel=\"noopener\">R\u00e9daction Paris<\/a><br \/>\n        <\/strong><\/p>\n<p>        Publi\u00e9 le<\/p>\n<p>            14 ao\u00fbt 2025 \u00e0 9h28        <\/p>\n<p>Ce ne sera sans doute pas le meilleur souvenir des vacances mais il faudra en passer par l\u00e0 pour rentrer \u00e0 Paris et en \u00cele-de-France. <strong>Le week-end prolong\u00e9 du 15\u00a0ao\u00fbt<\/strong>, l\u2019un des plus congestionn\u00e9s de l\u2019ann\u00e9e en termes de <a href=\"https:\/\/actu.fr\/tag\/circulation\" target=\"_blank\" rel=\"noopener\">circulation<\/a> routi\u00e8re, va cette ann\u00e9e encore \u00eatre marqu\u00e9 par d\u2019importants embouteillages sur toutes les routes de France.<\/p>\n<p class=\" wall-content\">Voici les pr\u00e9visions de circulation \u00e0 Paris et en \u00cele-de-France du jeudi\u00a014 au dimanche 17\u00a0ao\u00fbt 2025.<\/p>\n<p>Des vagues de retours<\/p>\n<p class=\" wall-content\">Le trafic devrait \u00eatre fluide dans le sens des d\u00e9parts et des retours pour les journ\u00e9es de jeudi\u00a014 et vendredi 15\u00a0ao\u00fbt 2025. Comme le calme avant la temp\u00eate. Selon les pr\u00e9visions de <a href=\"https:\/\/www.bison-fute.gouv.fr\/previsions,10741.html\" target=\"_blank\" rel=\"noopener\">Bison Fut\u00e9<\/a>, <strong>la fin de la semaine s\u2019annonce charg\u00e9e<\/strong> sur les routes surtout dans le sens des retours.<\/p>\n<p class=\" wall-content\">\u00ab\u2009Le 15\u00a0ao\u00fbt correspondant cette ann\u00e9e \u00e0 un vendredi, de nombreux d\u00e9placements sont \u00e0 pr\u00e9voir pour ce qui constituera un week-end prolong\u00e9. Les flux de circulation majoritaires se feront <strong>du sud du pays vers le nord.<\/strong> Les vagues de retours s\u2019\u00e9taleront sur l\u2019ensemble du week-end, avec toutefois des difficult\u00e9s de circulation tr\u00e8s importantes attendues les samedi\u00a016 et dimanche 17\u00a0ao\u00fbt, class\u00e9s respectivement rouge et orange au niveau national\u2009\u00bb, indique le Centre national d\u2019information routi\u00e8re.<\/p>\n<p>Le pic des embouteillages pr\u00e9vu samedi<\/p>\n<p class=\" wall-content\">Le trafic sera dense sur les routes d\u2019\u00cele-de-France jeudi, dans le sens des retours. \u00ab\u2009Les congestions se concentreront sur l\u2019Arc m\u00e9diterran\u00e9en et les axes rejoignant l\u2019\u00cele-de-France\u2009: A9, A54\/RN113, A8 et A7\u2009\u00bb, indique Bison Fut\u00e9.<\/p>\n<p class=\" wall-content\">Mais la crise interviendra surtout samedi, class\u00e9 orange dans le sens des d\u00e9parts et <strong>rouge dans le sens des retours<\/strong>. \u00ab\u2009Les congestions se concentreront sur l\u2019Arc m\u00e9diterran\u00e9en et les axes rejoignant l\u2019\u00cele-de-France\u2009: A9, A54\/RN113, A8 et A7\u2009\u00bb, pr\u00e9vient le sp\u00e9cialiste du trafic routier. Les autoroutes reliant l\u2019\u00cele-de-France \u00e0 la M\u00e9diterran\u00e9e (A7, A8 et A9) seront particuli\u00e8rement emprunt\u00e9es.\u00a0Des difficult\u00e9s de circulation ponctuelles pourraient en outre appara\u00eetre entre le milieu de la matin\u00e9e et le d\u00e9but de l\u2019apr\u00e8s-midi, avec un pic vers la fin de matin\u00e9e ou le tout d\u00e9but de l\u2019apr\u00e8s-midi. Dans le sens des retours, les embouteillages appara\u00eetront d\u00e8s le d\u00e9but de la matin\u00e9e et jusqu\u2019au soir.<\/p>\n<p class=\" wall-content\">Enfin, les retours de cong\u00e9s et ceux de ce week-end prolong\u00e9 de trois jours seront importants sur les routes d\u2019\u00cele-de-France, rendant la circulation difficile. \u00ab\u2009Les autoroutes A10 et A6 concentreront ces congestions entre le d\u00e9but de l\u2019apr\u00e8s-midi et la fin de la soir\u00e9e. L\u2019autoroute A13 conna\u00eetra \u00e9galement des difficult\u00e9s entre le milieu de l\u2019apr\u00e8s-midi et le d\u00e9but de soir\u00e9e. Les trafics attendus aux diff\u00e9rentes barri\u00e8res de p\u00e9ages augurent <strong>des temps de passages relativement importants<\/strong>\u2009\u00bb, note Bison Fut\u00e9.<\/p>\n<p>Les conseils de Bison Fut\u00e9 pour l\u2019\u00cele-de-France<\/p>\n<p class=\" wall-content\"><strong>Jeudi 14\u00a0ao\u00fbt 2025, dans le sens des d\u00e9parts\u2009:<\/strong><\/p>\n<ul class=\" wall-content\">\n<li>quittez ou traversez l\u2019\u00cele-de-France avant 10h ou apr\u00e8s 22h<\/li>\n<li>\u00e9vitez l\u2019autoroute A13, entre Paris et Caen, de 16h \u00e0 22h<\/li>\n<li>\u00e9vitez l\u2019autoroute A10, entre Paris et Orl\u00e9ans, de 10h \u00e0 21h<\/li>\n<\/ul>\n<p class=\" wall-content\"><strong>Samedi 16\u00a0ao\u00fbt 2025, dans le sens des d\u00e9parts\u2009:<\/strong><\/p>\n<ul class=\" wall-content\">\n<li>quittez ou traversez l\u2019\u00cele-de-France avant 7h ou apr\u00e8s 15h<\/li>\n<\/ul>\n<p class=\" wall-content\"><strong>Samedi 16\u00a0ao\u00fbt 2025, dans le sens des retours\u2009:<\/strong><\/p>\n<ul class=\" wall-content\">\n<li>rejoignez ou traversez l\u2019\u00cele-de-France avant 11h ou apr\u00e8s 21h<\/li>\n<li>\u00e9vitez l\u2019autoroute A11 entre Le\u00a0Mans et Paris, de 13h \u00e0 15h<\/li>\n<li>\u00e9vitez l\u2019autoroute A10 entre Orl\u00e9ans et Paris, de 11h \u00e0 21h<\/li>\n<\/ul>\n<p class=\" wall-content\"><strong>Dimanche 17\u00a0ao\u00fbt 2025, dans le sens des retours\u2009:<\/strong><\/p>\n<ul class=\" wall-content\">\n<li>rejoignez ou traversez l\u2019\u00cele-de-France avant 11h ou apr\u00e8s minuit<\/li>\n<\/ul>\n<p class=\" wall-content\">Suivez toute l\u2019actualit\u00e9 de vos villes et m\u00e9dias favoris en vous inscrivant \u00e0 <a href=\"https:\/\/moncompte.actu.fr\" title=\"D\u00e9couvez Mon Actu\" rel=\"nofollow noopener\" data-trk=\"{&quot;cta&quot;:{&quot;action&quot;:&quot;https:\\\/\\\/moncompte.actu.fr&quot;,&quot;category&quot;:&quot;mon compte&quot;,&quot;from&quot;:&quot;article footer&quot;,&quot;name&quot;:&quot;Mon actu&quot;,&quot;type&quot;:&quot;cta&quot;}}\" target=\"_blank\">Mon Actu<\/a>.<\/p>\n","protected":false},"excerpt":{"rendered":"Par R\u00e9daction Paris Publi\u00e9 le 14 ao\u00fbt 2025 \u00e0 9h28 Ce ne sera sans doute pas le meilleur&hellip;\n","protected":false},"author":2,"featured_media":318106,"comment_status":"","ping_status":"","sticky":false,"template":"","format":"standard","meta":{"footnotes":""},"categories":[1592],"tags":[1111,11,6427,3542,1777,674,1011,27,662,12,626,25,104],"class_list":{"0":"post-318105","1":"post","2":"type-post","3":"status-publish","4":"format-standard","5":"has-post-thumbnail","7":"category-ile-de-france","8":"tag-actu","9":"tag-actualites","10":"tag-bison-fute","11":"tag-circulation","12":"tag-eu","13":"tag-europe","14":"tag-fr","15":"tag-france","16":"tag-ile-de-france","17":"tag-news","18":"tag-paris","19":"tag-republique-francaise","20":"tag-societe"},"share_on_mastodon":{"url":"https:\/\/pubeurope.com\/@fr\/115026010003083035","error":""},"_links":{"self":[{"href":"https:\/\/www.europesays.com\/fr\/wp-json\/wp\/v2\/posts\/318105","targetHints":{"allow":["GET"]}}],"collection":[{"href":"https:\/\/www.europesays.com\/fr\/wp-json\/wp\/v2\/posts"}],"about":[{"href":"https:\/\/www.europesays.com\/fr\/wp-json\/wp\/v2\/types\/post"}],"author":[{"embeddable":true,"href":"https:\/\/www.europesays.com\/fr\/wp-json\/wp\/v2\/users\/2"}],"replies":[{"embeddable":true,"href":"https:\/\/www.europesays.com\/fr\/wp-json\/wp\/v2\/comments?post=318105"}],"version-history":[{"count":0,"href":"https:\/\/www.europesays.com\/fr\/wp-json\/wp\/v2\/posts\/318105\/revisions"}],"wp:featuredmedia":[{"embeddable":true,"href":"https:\/\/www.europesays.com\/fr\/wp-json\/wp\/v2\/media\/318106"}],"wp:attachment":[{"href":"https:\/\/www.europesays.com\/fr\/wp-json\/wp\/v2\/media?parent=318105"}],"wp:term":[{"taxonomy":"category","embeddable":true,"href":"https:\/\/www.europesays.com\/fr\/wp-json\/wp\/v2\/categories?post=318105"},{"taxonomy":"post_tag","embeddable":true,"href":"https:\/\/www.europesays.com\/fr\/wp-json\/wp\/v2\/tags?post=318105"}],"curies":[{"name":"wp","href":"https:\/\/api.w.org\/{rel}","templated":true}]}}