{"id":318107,"date":"2025-08-14T07:46:15","date_gmt":"2025-08-14T07:46:15","guid":{"rendered":"https:\/\/www.europesays.com\/fr\/318107\/"},"modified":"2025-08-14T07:46:15","modified_gmt":"2025-08-14T07:46:15","slug":"pollution-a-lozone-mairie-de-vitry-sur-seine-site-officiel","status":"publish","type":"post","link":"https:\/\/www.europesays.com\/fr\/318107\/","title":{"rendered":"Pollution \u00e0 l&rsquo;ozone | Mairie de Vitry-sur-Seine : Site officiel"},"content":{"rendered":"<p class=\"dateActu w\"> Publi\u00e9e le 14 ao\u00fbt 2025 &#8211; Mise \u00e0 jour le 14 ao\u00fbt 2025 <\/p>\n<p><img decoding=\"async\" src=\"\/fileadmin\/www.vitry94.fr\/MEDIA25\/08\/ozone-20250814.jpg\" alt=\"\" width=\"205\"\/><\/p>\n<p class=\"chapeau\">Suite \u00e0 l&rsquo;\u00e9pisode de pollution atmosph\u00e9rique \u00e0 l&rsquo;ozone actuellement en \u00cele-de France et \u00e0 compter du 14 ao\u00fbt 05h30, jusqu&rsquo;\u00e0 am\u00e9lioration de la situation, le Pr\u00e9fet de la zone de d\u00e9fense et de s\u00e9curit\u00e9 de Paris prend des mesures d&rsquo;urgence.<\/p>\n<p>Restrictions de circulation<\/p>\n<ul class=\"list-normal\">\n<li>Limitation de la vitesse :<\/li>\n<\/ul>\n<p>\u00a0\u00a0\u00a0 \u00a0\u00a0\u00a0 &#8211; de 110km\/h sur les portions d&rsquo;autoroutes normalement limit\u00e9es \u00e0 130km\/h ;<br \/>\u00a0\u00a0\u00a0 \u00a0\u00a0\u00a0 &#8211; de 90km\/h sur les parties d&rsquo;autoroutes et de voies rapides normalement limit\u00e9es \u00e0 110km\/h ;<br \/>\u00a0\u00a0\u00a0 \u00a0\u00a0\u00a0 &#8211; de 70 km\/h sur les portions d&rsquo;autoroutes, de voies rapides et de routes nationales et d\u00e9partementales normalement limit\u00e9es \u00e0 90km\/h ou 80km\/h.<\/p>\n<ul class=\"list-normal\">\n<li>Contournement de l&rsquo;agglom\u00e9ration par la rocade francilienne pour les poids- lourds en transit dont le PTAC exc\u00e8de 3.5 tonnes. l&rsquo;interdiction des op\u00e9rations de br\u00fblage \u00e0 l&rsquo;air libre des d\u00e9chets verts.<\/li>\n<\/ul>\n<p>Il est \u00e9galement demand\u00e9 de reporter de tous les travaux d\u2019entretien ou de nettoyage avec des outils \u00e0 moteur thermique ou avec des produits \u00e0 base de solvants organiques (white-spirit, peinture, vernis, produits de retouche automobile) dans les espaces verts, jardins publics et lieux priv\u00e9.<\/p>\n<p>Recommandations aux personnes<\/p>\n<ul class=\"list-normal\">\n<li>Si vous ressentez une g\u00eane respiratoire ou cardiaque inhabituelle, parlez-en \u00e0 un m\u00e9decin ou \u00e0 un pharmacien.<\/li>\n<li>\u00c0 l\u2019int\u00e9rieur, n\u2019utilisez pas de produits irritants comme les produits d\u2019entretien, les d\u00e9sodorisants ou les parfums d\u2019ambiance.<\/li>\n<li>\u00c9vitez de fumer ou de faire du feu.<\/li>\n<li>Continuez d\u2019a\u00e9rer votre maison en ouvrant les fen\u00eatres pendant au moins 10 minutes chaque jour.<\/li>\n<li>Pr\u00e8s des routes, \u00e9vitez de faire du sport.<\/li>\n<li>Si vous \u00eates une personne \u00e2g\u00e9e, malade, enceinte ou avec un enfant de moins de 5 ans :<br \/>En plein air, ne faites pas d\u2019exercices physiques intenses qui obligent \u00e0 respirer par la bouche.<br \/>\u00c9vitez de sortir pendant l\u2019apr\u00e8s-midi.<\/li>\n<\/ul>\n<p><a name=\"comment-list\">\u00a0<\/a>Soyez le premier \u00e0 r\u00e9agir \u00e0 cet article<\/p>\n","protected":false},"excerpt":{"rendered":"Publi\u00e9e le 14 ao\u00fbt 2025 &#8211; Mise \u00e0 jour le 14 ao\u00fbt 2025 Suite \u00e0 l&rsquo;\u00e9pisode de pollution&hellip;\n","protected":false},"author":2,"featured_media":318108,"comment_status":"","ping_status":"","sticky":false,"template":"","format":"standard","meta":{"footnotes":""},"categories":[1592],"tags":[45650,16271,1111,11,5779,4733,45644,45646,251,1777,674,1011,27,45648,662,3407,45645,12,626,45643,5922,25,45647,45649,27287,12654],"class_list":{"0":"post-318107","1":"post","2":"type-post","3":"status-publish","4":"format-standard","5":"has-post-thumbnail","7":"category-ile-de-france","8":"tag-3-cines-robespierre","9":"tag-16271","10":"tag-actu","11":"tag-actualites","12":"tag-anru","13":"tag-associations","14":"tag-balzac","15":"tag-briqueterie","16":"tag-culture","17":"tag-eu","18":"tag-europe","19":"tag-fr","20":"tag-france","21":"tag-gare-au-theatre","22":"tag-ile-de-france","23":"tag-mac-val","24":"tag-mairie-de-vitry-sur-seine","25":"tag-news","26":"tag-paris","27":"tag-patinoire","28":"tag-piscine","29":"tag-republique-francaise","30":"tag-robespierre","31":"tag-theatre-jean-vilar","32":"tag-vitry","33":"tag-vitry-sur-seine"},"share_on_mastodon":{"url":"https:\/\/pubeurope.com\/@fr\/115026014059001582","error":""},"_links":{"self":[{"href":"https:\/\/www.europesays.com\/fr\/wp-json\/wp\/v2\/posts\/318107","targetHints":{"allow":["GET"]}}],"collection":[{"href":"https:\/\/www.europesays.com\/fr\/wp-json\/wp\/v2\/posts"}],"about":[{"href":"https:\/\/www.europesays.com\/fr\/wp-json\/wp\/v2\/types\/post"}],"author":[{"embeddable":true,"href":"https:\/\/www.europesays.com\/fr\/wp-json\/wp\/v2\/users\/2"}],"replies":[{"embeddable":true,"href":"https:\/\/www.europesays.com\/fr\/wp-json\/wp\/v2\/comments?post=318107"}],"version-history":[{"count":0,"href":"https:\/\/www.europesays.com\/fr\/wp-json\/wp\/v2\/posts\/318107\/revisions"}],"wp:featuredmedia":[{"embeddable":true,"href":"https:\/\/www.europesays.com\/fr\/wp-json\/wp\/v2\/media\/318108"}],"wp:attachment":[{"href":"https:\/\/www.europesays.com\/fr\/wp-json\/wp\/v2\/media?parent=318107"}],"wp:term":[{"taxonomy":"category","embeddable":true,"href":"https:\/\/www.europesays.com\/fr\/wp-json\/wp\/v2\/categories?post=318107"},{"taxonomy":"post_tag","embeddable":true,"href":"https:\/\/www.europesays.com\/fr\/wp-json\/wp\/v2\/tags?post=318107"}],"curies":[{"name":"wp","href":"https:\/\/api.w.org\/{rel}","templated":true}]}}