{"id":31811,"date":"2025-04-17T13:56:22","date_gmt":"2025-04-17T13:56:22","guid":{"rendered":"https:\/\/www.europesays.com\/fr\/31811\/"},"modified":"2025-04-17T13:56:22","modified_gmt":"2025-04-17T13:56:22","slug":"qui-sont-pierre-et-pauline-deux-amoureux-du-morbihan-qui-ont-brille-sur-le-marathon-de-paris","status":"publish","type":"post","link":"https:\/\/www.europesays.com\/fr\/31811\/","title":{"rendered":"Qui sont Pierre et Pauline, deux amoureux du Morbihan qui ont brill\u00e9 sur le marathon de Paris\u00a0?"},"content":{"rendered":"<p>Marathon de Paris<\/p>\n<p>Dans la Ville-Lumi\u00e8re, Pierre Langin et Pauline M\u00e9lin ne pouvaient pas r\u00eaver mieux. Tous deux ont rempli l\u2019objectif qu\u2019ils s\u2019\u00e9taient fix\u00e9s avant le d\u00e9but de cette 48e \u00e9dition. L\u2019athl\u00e8te de 28 ans, qui n\u2019avait jamais couru au-del\u00e0 de 36 km \u00e0 l\u2019exception du Trail (56 km) de l\u2019Ultra-marin\u00a02023 o\u00f9 il accompagnait Pauline, visait 2\u00a0h\u00a020\u2019. Mission accomplie en 2\u00a0h\u00a020\u201913\u2019\u2019\u00a0! <\/p>\n<p>\u00ab\u00a0\u00c0 la base, en d\u00e9but de pr\u00e9paration, je visais 2\u00a0h\u00a022\u2019. Finalement, au vu des derni\u00e8res semaines, on a opt\u00e9 pour 2\u00a0h\u00a020\u2019. Et c\u2019est pass\u00e9 nickel\u00a0\u00bb, se r\u00e9jouissait celui qui a le l\u00e9ger regret ne pas avoir gard\u00e9 jusqu\u2019au bout sa place de 4e Tricolore. \u00ab\u00a0Au 40e, j\u2019\u00e9tais cuit. J\u2019ai perdu trois places dans le dernier kilom\u00e8tre. Mais pour une premi\u00e8re, faire 21, cela reste une bonne exp\u00e9rience\u00a0\u00bb, confie-t-il.<\/p>\n<p>Avec Duncan Perrillat en meneur d\u2019allure <\/p>\n<p>Le Theixois a aussi pu compter sur l\u2019aide d\u2019un ma\u00eetre en la mati\u00e8re. <a href=\"https:\/\/www.letelegramme.fr\/sports\/running\/la-sensation-duncan-perrillat-287515.php\" title=\"www.letelegramme.fr\" rel=\"nofollow noopener\" target=\"_blank\">Duncan Perrillat<\/a>, champion de France de marathon 2022, \u00e9tait en effet venu pour mener l\u2019allure sur des bases de 2\u00a0h\u00a020\u2019 pour un ami. Mais ce dernier a craqu\u00e9 au 25e. \u00ab\u00a0Finalement, je me suis retrouv\u00e9 tout seul avec lui et il m\u2019a propos\u00e9 de m\u2019amener jusqu\u2019au 30e. C\u2019\u00e9tait sympa de sa part\u00a0\u00bb, appr\u00e9ciait le Morbihannais, qui a ensuite attendu sa compagne, arriv\u00e9e une petite demi-heure plus tard.<\/p>\n<p>Pauline finalement 3e !<\/p>\n<p>Visant un chrono entre 2\u00a0h\u00a050\u2019 et 2\u00a0h\u00a055\u2019, Pauline M\u00e9lin (27 ans) a boucl\u00e9 l\u2019\u00e9preuve en 2\u00a0h\u00a050\u201907\u2019\u2019 pour son deuxi\u00e8me marathon\u2026 Mais son premier avec un r\u00e9el objectif. En 2018, elle avait couru le Marathon du Mont-Saint-Michel en mode d\u00e9couverte avec son oncle et son p\u00e8re (3\u00a0h\u00a038\u2019). Elle termine donc 17 f\u00e9minine mais surtout 3e Fran\u00e7aise\u00a0: \u00ab\u00a0J\u2019ai d\u00e9j\u00e0 fait des courses comme le 56 km de l\u2019Ultra-marin (<a href=\"https:\/\/www.letelegramme.fr\/sports\/running\/pauline-melin-jai-pense-abandonner-6617289.php\" title=\"www.letelegramme.fr\" rel=\"nofollow noopener\" target=\"_blank\">elle y avait pris la troisi\u00e8me place en 2024<\/a>). J\u2019aime bien les longues distances donc je me sentais capable de m\u2019approcher de la barre des 2\u00a0h\u00a050\u2019. Cela fait plaisir de faire 3 Fran\u00e7aise. Je suis heureuse de ce chrono qui me servira de r\u00e9f\u00e9rence pour me fixer des objectifs plus concrets sur la distance\u00a0\u00bb, appr\u00e9ciait la Guid\u00e9loise.<\/p>\n<p class=\"titre-tech\">Le programme du week-end<\/p>\n<p class=\"tech\"><strong class=\"tech\">Samedi\u00a0: <\/strong>Nordique de Saint-Av\u00e9 (12 km \u00e0 14\u00a0h) et Tiken Trail de Saint-Vincent-sur-Oust (50, 28, 19, 13 et 8 km \u00e0 partir de 10\u00a0h).<\/p>\n<p class=\"tech\"><strong class=\"tech\">Dimanche\u00a0: <\/strong>D\u00e9fi Run Languidic (22, 10 et 4,5 km \u00e0 partir de 9\u00a0h\u00a030).<\/p>\n<p class=\"tech\"><strong class=\"tech\">Lundi : <\/strong>101es Foul\u00e9es du Bono (15,7 km et 9 km \u00e0 partir de 9\u00a0h\u00a030) et Foul\u00e9es de Larmor-Plage (13 km \u00e0 9\u00a0h\u00a030).<\/p>\n","protected":false},"excerpt":{"rendered":"Marathon de Paris Dans la Ville-Lumi\u00e8re, Pierre Langin et Pauline M\u00e9lin ne pouvaient pas r\u00eaver mieux. Tous deux&hellip;\n","protected":false},"author":2,"featured_media":31812,"comment_status":"","ping_status":"","sticky":false,"template":"","format":"standard","meta":{"footnotes":""},"categories":[1888],"tags":[11,1777,674,1011,27,10794,12,626,25,7135,60,10795,3165],"class_list":{"0":"post-31811","1":"post","2":"type-post","3":"status-publish","4":"format-standard","5":"has-post-thumbnail","7":"category-paris","8":"tag-actualites","9":"tag-eu","10":"tag-europe","11":"tag-fr","12":"tag-france","13":"tag-guidel","14":"tag-news","15":"tag-paris","16":"tag-republique-francaise","17":"tag-running","18":"tag-sports","19":"tag-theix-noyalo","20":"tag-vannes"},"share_on_mastodon":{"url":"https:\/\/pubeurope.com\/@fr\/114353653906812476","error":""},"_links":{"self":[{"href":"https:\/\/www.europesays.com\/fr\/wp-json\/wp\/v2\/posts\/31811","targetHints":{"allow":["GET"]}}],"collection":[{"href":"https:\/\/www.europesays.com\/fr\/wp-json\/wp\/v2\/posts"}],"about":[{"href":"https:\/\/www.europesays.com\/fr\/wp-json\/wp\/v2\/types\/post"}],"author":[{"embeddable":true,"href":"https:\/\/www.europesays.com\/fr\/wp-json\/wp\/v2\/users\/2"}],"replies":[{"embeddable":true,"href":"https:\/\/www.europesays.com\/fr\/wp-json\/wp\/v2\/comments?post=31811"}],"version-history":[{"count":0,"href":"https:\/\/www.europesays.com\/fr\/wp-json\/wp\/v2\/posts\/31811\/revisions"}],"wp:featuredmedia":[{"embeddable":true,"href":"https:\/\/www.europesays.com\/fr\/wp-json\/wp\/v2\/media\/31812"}],"wp:attachment":[{"href":"https:\/\/www.europesays.com\/fr\/wp-json\/wp\/v2\/media?parent=31811"}],"wp:term":[{"taxonomy":"category","embeddable":true,"href":"https:\/\/www.europesays.com\/fr\/wp-json\/wp\/v2\/categories?post=31811"},{"taxonomy":"post_tag","embeddable":true,"href":"https:\/\/www.europesays.com\/fr\/wp-json\/wp\/v2\/tags?post=31811"}],"curies":[{"name":"wp","href":"https:\/\/api.w.org\/{rel}","templated":true}]}}