{"id":318111,"date":"2025-08-14T07:48:13","date_gmt":"2025-08-14T07:48:13","guid":{"rendered":"https:\/\/www.europesays.com\/fr\/318111\/"},"modified":"2025-08-14T07:48:13","modified_gmt":"2025-08-14T07:48:13","slug":"les-premiers-jours-en-france-de-raul-schneider-venu-du-chili","status":"publish","type":"post","link":"https:\/\/www.europesays.com\/fr\/318111\/","title":{"rendered":"les premiers jours en France de Raul Schneider, venu du Chili"},"content":{"rendered":"<p>                         <img loading=\"lazy\" decoding=\"async\" src=\"https:\/\/www.europesays.com\/fr\/wp-content\/uploads\/2025\/08\/d481937_upload-1-5tfibdigwxm9-a-laure-vasconi-r-s-l9005100.jpg\" alt=\"Avant son d\u00e9part du Chili, \u00e0 27\u00a0ans, Raul Schneider, 80\u00a0ans aujourd\u2019hui, recevait quotidiennement des menaces de mort. Ici, \u00e0 Paris, le 14 mai 2025.\"   width=\"664\" height=\"443\"\/>    Avant son d\u00e9part du Chili, \u00e0 27\u00a0ans, Raul Schneider, 80\u00a0ans aujourd\u2019hui, recevait quotidiennement des menaces de mort. Ici, \u00e0 Paris, le 14 mai 2025.  LAURE VASCONI POUR \u00ab\u00a0LE MONDE\u00a0\u00bb                 <\/p>\n<p class=\"article__paragraph  \">\u00ab\u00a0Mon p\u00e8re, Ren\u00e9 Schneider, commandant en chef de l\u2019arm\u00e9e chilienne lors de l\u2019\u00e9lection de Salvador Allende, a \u00e9t\u00e9 <a href=\"https:\/\/www.lemonde.fr\/archives\/article\/1970\/10\/27\/l-extreme-droite-chilienne-est-mise-en-cause-dans-le-meurtre-du-general-schneider_2661228_1819218.html\" rel=\"nofollow noopener\" target=\"_blank\">assassin\u00e9 en\u00a01970, \u00e0 Santiago<\/a>. J\u2019avais 25\u00a0ans. Le choc a \u00e9t\u00e9 terrible. Trois ans plus tard, il y a eu un coup d\u2019Etat. Les militaires, men\u00e9s par le g\u00e9n\u00e9ral Pinochet, ont pris le pouvoir. Le pr\u00e9sident Allende s\u2019est suicid\u00e9. Je travaillais dans une entreprise publique de logements sociaux, o\u00f9 je faisais de la communication et des photos. Un matin, j\u2019arrive dans le b\u00e2timent et on me dit\u00a0: \u201cVous ne pouvez plus entrer ici.\u201d Comme j\u2019avais \u00e9tudi\u00e9 \u00e0 l\u2019Ecole des beaux-arts, on m\u2019a envoy\u00e9 travailler dans une entreprise de dessin technique.<\/p>\n<p class=\"article__paragraph  \">La violence s\u2019immis\u00e7ait dans notre quotidien, se banalisait. Un parfum de danger empoisonnait l\u2019air. A la maison, on recevait des menaces tous les jours, le t\u00e9l\u00e9phone n\u2019arr\u00eatait pas de sonner. Alors, j\u2019ai d\u00e9cid\u00e9 de quitter mon pays. J\u2019avais 27\u00a0ans, un \u00e2ge o\u00f9 l\u2019on peut tout se\u00a0permettre. Tout seul, j\u2019ai pris un bus jusqu\u2019\u00e0 Buenos Aires, un bateau jusqu\u2019en Espagne, puis un train jusqu\u2019\u00e0 Paris. Je quittais l\u2019horreur. Ma femme et mon fils de 4\u00a0ans avaient fui le Chili pour les Etats-Unis quelques semaines plus t\u00f4t, je savais qu\u2019ils me rejoindraient en France rapidement.<\/p>\n<p class=\"reading-mode-only \"><strong>Il vous reste 79.28% de cet article \u00e0 lire. La suite est r\u00e9serv\u00e9e aux abonn\u00e9s.<\/strong><\/p>\n","protected":false},"excerpt":{"rendered":"Avant son d\u00e9part du Chili, \u00e0 27\u00a0ans, Raul Schneider, 80\u00a0ans aujourd\u2019hui, recevait quotidiennement des menaces de mort. Ici,&hellip;\n","protected":false},"author":2,"featured_media":318112,"comment_status":"","ping_status":"","sticky":false,"template":"","format":"standard","meta":{"footnotes":""},"categories":[1888],"tags":[1111,1928,11,1927,1777,674,1011,27,12,1926,626,1925,25],"class_list":{"0":"post-318111","1":"post","2":"type-post","3":"status-publish","4":"format-standard","5":"has-post-thumbnail","7":"category-paris","8":"tag-actu","9":"tag-actu-paris","10":"tag-actualites","11":"tag-actualites-paris","12":"tag-eu","13":"tag-europe","14":"tag-fr","15":"tag-france","16":"tag-news","17":"tag-news-paris","18":"tag-paris","19":"tag-paris-news","20":"tag-republique-francaise"},"share_on_mastodon":{"url":"https:\/\/pubeurope.com\/@fr\/115026021896447494","error":""},"_links":{"self":[{"href":"https:\/\/www.europesays.com\/fr\/wp-json\/wp\/v2\/posts\/318111","targetHints":{"allow":["GET"]}}],"collection":[{"href":"https:\/\/www.europesays.com\/fr\/wp-json\/wp\/v2\/posts"}],"about":[{"href":"https:\/\/www.europesays.com\/fr\/wp-json\/wp\/v2\/types\/post"}],"author":[{"embeddable":true,"href":"https:\/\/www.europesays.com\/fr\/wp-json\/wp\/v2\/users\/2"}],"replies":[{"embeddable":true,"href":"https:\/\/www.europesays.com\/fr\/wp-json\/wp\/v2\/comments?post=318111"}],"version-history":[{"count":0,"href":"https:\/\/www.europesays.com\/fr\/wp-json\/wp\/v2\/posts\/318111\/revisions"}],"wp:featuredmedia":[{"embeddable":true,"href":"https:\/\/www.europesays.com\/fr\/wp-json\/wp\/v2\/media\/318112"}],"wp:attachment":[{"href":"https:\/\/www.europesays.com\/fr\/wp-json\/wp\/v2\/media?parent=318111"}],"wp:term":[{"taxonomy":"category","embeddable":true,"href":"https:\/\/www.europesays.com\/fr\/wp-json\/wp\/v2\/categories?post=318111"},{"taxonomy":"post_tag","embeddable":true,"href":"https:\/\/www.europesays.com\/fr\/wp-json\/wp\/v2\/tags?post=318111"}],"curies":[{"name":"wp","href":"https:\/\/api.w.org\/{rel}","templated":true}]}}