{"id":318115,"date":"2025-08-14T07:50:12","date_gmt":"2025-08-14T07:50:12","guid":{"rendered":"https:\/\/www.europesays.com\/fr\/318115\/"},"modified":"2025-08-14T07:50:12","modified_gmt":"2025-08-14T07:50:12","slug":"psg-goncalo-ramos-confirme-quil-reste-a-paris-cette-saison","status":"publish","type":"post","link":"https:\/\/www.europesays.com\/fr\/318115\/","title":{"rendered":"PSG\u00a0: Gon\u00e7alo Ramos confirme qu\u2019il \u00ab\u00a0reste\u00a0\u00bb \u00e0 Paris cette saison"},"content":{"rendered":"<p class=\"paragraph text_align_left lp-f-body-02\">Son entr\u00e9e \u00e0 la 77e minute de jeu, mercredi soir \u00e0 Udine, a marqu\u00e9 l\u2019un des tournants de la <a href=\"https:\/\/www.leparisien.fr\/sports\/football\/psg\/psg-tottenham-2-2-4-3-tab-paris-est-magique-et-nous-rend-fou-13-08-2025-NKIGLPTE3VBQTNVJETVOSVUFPU.php\" target=\"_blank\" rel=\"noreferrer nofollow noopener\">Supercoupe d\u2019Europe<\/a>, remport\u00e9e par un <a href=\"https:\/\/www.leparisien.fr\/sports\/football\/psg\/\" target=\"_blank\" rel=\"noreferrer nofollow noopener\">PSG<\/a> renversant face \u00e0 Tottenham (2-2, 4-3 tab). <\/p>\n<p class=\"paragraph text_align_left lp-f-body-02\">Buteur de l\u2019\u00e9galisation au bout du temps additionnel, Gon\u00e7alo Ramos a ensuite transform\u00e9 son tir au but pour relancer le PSG dans la s\u00e9ance apr\u00e8s le rat\u00e9 de Vitinha.<\/p>\n<p class=\"paragraph text_align_left lp-f-body-02\">Pass\u00e9 par la zone mixte apr\u00e8s les c\u00e9l\u00e9brations, le Portugais, rel\u00e9gu\u00e9 au rang de \u00ab supersub \u00bb la saison pass\u00e9e, a \u00e9t\u00e9 interrog\u00e9 sur son avenir dans la capitale. \u00ab Oui, je reste, a-t-il d\u00e9clar\u00e9. Je suis pr\u00eat \u00e0 \u00eatre l\u00e0 quand l\u2019\u00e9quipe a besoin de moi. Si on me donne le ballon comme \u00e7a, je vais toujours marquer. \u00bb<\/p>\n<p class=\"paragraph text_align_left lp-f-body-02\">Vainqueur d\u2019un huiti\u00e8me titre en deux ans sous les couleurs du PSG, l\u2019attaquant a tout de m\u00eame pris le temps de savourer. \u00ab Je suis tr\u00e8s content, c\u2019est un jour magnifique et on remporte un troph\u00e9e sp\u00e9cial parce qu\u2019on ne sait pas si on jouera une autre fois pour ce troph\u00e9e \u00bb.<\/p>\n","protected":false},"excerpt":{"rendered":"Son entr\u00e9e \u00e0 la 77e minute de jeu, mercredi soir \u00e0 Udine, a marqu\u00e9 l\u2019un des tournants de&hellip;\n","protected":false},"author":2,"featured_media":318116,"comment_status":"","ping_status":"","sticky":false,"template":"","format":"standard","meta":{"footnotes":""},"categories":[1888],"tags":[11,1777,674,63,1011,27,12,626,93,25,60],"class_list":{"0":"post-318115","1":"post","2":"type-post","3":"status-publish","4":"format-standard","5":"has-post-thumbnail","7":"category-paris","8":"tag-actualites","9":"tag-eu","10":"tag-europe","11":"tag-football","12":"tag-fr","13":"tag-france","14":"tag-news","15":"tag-paris","16":"tag-psg","17":"tag-republique-francaise","18":"tag-sports"},"share_on_mastodon":{"url":"https:\/\/pubeurope.com\/@fr\/115026029649647847","error":""},"_links":{"self":[{"href":"https:\/\/www.europesays.com\/fr\/wp-json\/wp\/v2\/posts\/318115","targetHints":{"allow":["GET"]}}],"collection":[{"href":"https:\/\/www.europesays.com\/fr\/wp-json\/wp\/v2\/posts"}],"about":[{"href":"https:\/\/www.europesays.com\/fr\/wp-json\/wp\/v2\/types\/post"}],"author":[{"embeddable":true,"href":"https:\/\/www.europesays.com\/fr\/wp-json\/wp\/v2\/users\/2"}],"replies":[{"embeddable":true,"href":"https:\/\/www.europesays.com\/fr\/wp-json\/wp\/v2\/comments?post=318115"}],"version-history":[{"count":0,"href":"https:\/\/www.europesays.com\/fr\/wp-json\/wp\/v2\/posts\/318115\/revisions"}],"wp:featuredmedia":[{"embeddable":true,"href":"https:\/\/www.europesays.com\/fr\/wp-json\/wp\/v2\/media\/318116"}],"wp:attachment":[{"href":"https:\/\/www.europesays.com\/fr\/wp-json\/wp\/v2\/media?parent=318115"}],"wp:term":[{"taxonomy":"category","embeddable":true,"href":"https:\/\/www.europesays.com\/fr\/wp-json\/wp\/v2\/categories?post=318115"},{"taxonomy":"post_tag","embeddable":true,"href":"https:\/\/www.europesays.com\/fr\/wp-json\/wp\/v2\/tags?post=318115"}],"curies":[{"name":"wp","href":"https:\/\/api.w.org\/{rel}","templated":true}]}}