{"id":318119,"date":"2025-08-14T07:52:11","date_gmt":"2025-08-14T07:52:11","guid":{"rendered":"https:\/\/www.europesays.com\/fr\/318119\/"},"modified":"2025-08-14T07:52:11","modified_gmt":"2025-08-14T07:52:11","slug":"xavier-bettel-il-faut-soutenir-chaque-initiative-pour-un-cessez-le-feu-en-ukraine","status":"publish","type":"post","link":"https:\/\/www.europesays.com\/fr\/318119\/","title":{"rendered":"Xavier Bettel: \u00abIl faut soutenir chaque initiative pour un cessez-le-feu en Ukraine\u00bb"},"content":{"rendered":"<p class=\"t-content__chapo\">\n                                                Notre grand invit\u00e9 international ce jeudi 14 ao\u00fbt est Xavier Bettel, vice-Premier ministre, ministre des Affaires \u00e9trang\u00e8res et du Commerce ext\u00e9rieur, ministre de la Coop\u00e9ration et de l&rsquo;Action humanitaire du Luxembourg. Il se d\u00e9clare \u00ab prudemment optimiste \u00bb avant le sommet Trump-Poutine en Alaska. Et il rappelle que la priorit\u00e9 doit \u00eatre donn\u00e9e \u00e0 un \u00ab cessez-le-feu \u00bb en Ukraine.                    <\/p>\n<p><img decoding=\"async\" fetchpriority=\"low\" src=\"https:\/\/www.europesays.com\/fr\/wp-content\/uploads\/2025\/08\/3f5d81472b2c3f119d8fc66a2e224a2231b7534f.jpg\"   width=\"1024\" height=\"576\" alt=\"Xavier Bettel, vice-Premier ministre, ministre des Affaires \u00e9trang\u00e8res et du Commerce ext\u00e9rieur, ministre de la Coop\u00e9ration et de l'Action humanitaire du Luxembourg.\" loading=\"eager\" class=\"a-img \"\/><\/p>\n<p>                Xavier Bettel, vice-Premier ministre, ministre des Affaires \u00e9trang\u00e8res et du Commerce ext\u00e9rieur, ministre de la Coop\u00e9ration et de l&rsquo;Action humanitaire du Luxembourg.                AFP            <\/p>\n","protected":false},"excerpt":{"rendered":"Notre grand invit\u00e9 international ce jeudi 14 ao\u00fbt est Xavier Bettel, vice-Premier ministre, ministre des Affaires \u00e9trang\u00e8res et&hellip;\n","protected":false},"author":2,"featured_media":318120,"comment_status":"","ping_status":"","sticky":false,"template":"","format":"standard","meta":{"footnotes":""},"categories":[1590],"tags":[11,75,73,1777,674,14801,74,12,132,220,135,134],"class_list":{"0":"post-318119","1":"post","2":"type-post","3":"status-publish","4":"format-standard","5":"has-post-thumbnail","7":"category-ukraine","8":"tag-actualites","9":"tag-donald-trump","10":"tag-etats-unis","11":"tag-eu","12":"tag-europe","13":"tag-le-grand-invite-international","14":"tag-monde","15":"tag-news","16":"tag-russie","17":"tag-ukraine","18":"tag-vladimir-poutine","19":"tag-volodymyr-zelensky"},"share_on_mastodon":{"url":"https:\/\/pubeurope.com\/@fr\/115026037574259381","error":""},"_links":{"self":[{"href":"https:\/\/www.europesays.com\/fr\/wp-json\/wp\/v2\/posts\/318119","targetHints":{"allow":["GET"]}}],"collection":[{"href":"https:\/\/www.europesays.com\/fr\/wp-json\/wp\/v2\/posts"}],"about":[{"href":"https:\/\/www.europesays.com\/fr\/wp-json\/wp\/v2\/types\/post"}],"author":[{"embeddable":true,"href":"https:\/\/www.europesays.com\/fr\/wp-json\/wp\/v2\/users\/2"}],"replies":[{"embeddable":true,"href":"https:\/\/www.europesays.com\/fr\/wp-json\/wp\/v2\/comments?post=318119"}],"version-history":[{"count":0,"href":"https:\/\/www.europesays.com\/fr\/wp-json\/wp\/v2\/posts\/318119\/revisions"}],"wp:featuredmedia":[{"embeddable":true,"href":"https:\/\/www.europesays.com\/fr\/wp-json\/wp\/v2\/media\/318120"}],"wp:attachment":[{"href":"https:\/\/www.europesays.com\/fr\/wp-json\/wp\/v2\/media?parent=318119"}],"wp:term":[{"taxonomy":"category","embeddable":true,"href":"https:\/\/www.europesays.com\/fr\/wp-json\/wp\/v2\/categories?post=318119"},{"taxonomy":"post_tag","embeddable":true,"href":"https:\/\/www.europesays.com\/fr\/wp-json\/wp\/v2\/tags?post=318119"}],"curies":[{"name":"wp","href":"https:\/\/api.w.org\/{rel}","templated":true}]}}