{"id":318121,"date":"2025-08-14T07:53:18","date_gmt":"2025-08-14T07:53:18","guid":{"rendered":"https:\/\/www.europesays.com\/fr\/318121\/"},"modified":"2025-08-14T07:53:18","modified_gmt":"2025-08-14T07:53:18","slug":"les-exercices-militaires-entre-larmenie-et-les-etats-unis-sont-plus-politiques-que-defensifs-selon-lanalyste-beniamin-poghosyan","status":"publish","type":"post","link":"https:\/\/www.europesays.com\/fr\/318121\/","title":{"rendered":"\u00ab Les exercices militaires entre l&rsquo;Arm\u00e9nie et les \u00c9tats-Unis sont plus politiques que d\u00e9fensifs \u00bb, selon l&rsquo;analyste Beniamin Poghosyan"},"content":{"rendered":"<p data-start=\"251\" data-end=\"653\">Les exercices militaires conjoints entre l\u2019Arm\u00e9nie et les \u00c9tats-Unis, baptis\u00e9s \u00ab Eagle Partner \u00bb, ont d\u00e9but\u00e9 cette semaine sur le sol arm\u00e9nien et se poursuivront jusqu\u2019au 20 ao\u00fbt. Initi\u00e9e en 2023 et reconduite chaque ann\u00e9e, cette coop\u00e9ration vise \u00e0 pr\u00e9parer les forces arm\u00e9niennes et am\u00e9ricaines \u00e0 des missions de maintien de la paix. L\u2019\u00e9dition 2025 met l\u2019accent sur l\u2019\u00e9vacuation m\u00e9dicale.<\/p>\n<p data-start=\"655\" data-end=\"1016\">Selon le minist\u00e8re arm\u00e9nien de la d\u00e9fense, l\u2019op\u00e9ration mobilise la brigade de maintien de la paix arm\u00e9nienne, l\u2019arm\u00e9e am\u00e9ricaine en Europe et en Afrique, ainsi que la garde nationale du Kansas. Le chef d\u2019\u00e9tat-major des forces arm\u00e9es arm\u00e9niennes, Edward Asryan, et l\u2019ambassadrice des \u00c9tats-Unis \u00e0 Erevan, Kristina Kvien, ont assist\u00e9 \u00e0 la c\u00e9r\u00e9monie d\u2019ouverture.<\/p>\n<p data-start=\"1018\" data-end=\"1113\">Pour l\u2019analyste politique Beniamin Poghosyan, ces man\u0153uvres ne doivent pas \u00eatre surestim\u00e9es :<\/p>\n<blockquote data-start=\"1114\" data-end=\"1525\">\n<p data-start=\"1116\" data-end=\"1525\">\u00ab Nous parlons d\u2019op\u00e9rations de maintien de la paix, d\u2019une brigade de maintien de la paix. Je dirais que ces exercices ont une signification plus politique que d\u00e9fensive, en termes de puissance militaire. Mais ils montrent bien que la coop\u00e9ration en mati\u00e8re de d\u00e9fense entre l\u2019Arm\u00e9nie et les \u00c9tats-Unis, qui n\u2019a pas commenc\u00e9 aujourd\u2019hui et qui a une longue histoire, s\u2019est intensifi\u00e9e ces derni\u00e8res ann\u00e9es. \u00bb<\/p>\n<\/blockquote>\n<p data-start=\"1562\" data-end=\"1745\">Des exercices similaires se sont d\u00e9j\u00e0 tenus ces trois derni\u00e8res ann\u00e9es. Pour M. Poghosyan, l\u2019\u00e9dition 2025 pourrait constituer un tremplin vers une coop\u00e9ration militaire plus vaste : \u00ab Il est difficile de dire si cela pourrait servir de base \u00e0 des exercices \u00e0 plus grande \u00e9chelle \u00e0 l\u2019avenir, ou \u00e0 des exercices impliquant non seulement les membres de la brigade de maintien de la paix. Mais il est clair que la coop\u00e9ration en mati\u00e8re de d\u00e9fense entre l\u2019Arm\u00e9nie et les \u00c9tats-Unis se poursuit, et sa poursuite laisse au moins ouverte la possibilit\u00e9 d\u2019une expansion. \u00bb<\/p>\n<p data-start=\"2134\" data-end=\"2523\">La premi\u00e8re \u00e9dition d\u2019\u00ab Eagle Partner \u00bb avait \u00e9t\u00e9 organis\u00e9e apr\u00e8s la d\u00e9cision d\u2019Erevan de ne pas participer aux exercices de l\u2019Organisation du trait\u00e9 de s\u00e9curit\u00e9 collective (OTSC), domin\u00e9e par la Russie. Depuis, Moscou critique r\u00e9guli\u00e8rement cette coop\u00e9ration, accusant Washington d\u2019imposer ses standards militaires \u00e0 l\u2019Arm\u00e9nie. Le Kremlin n\u2019a, pour l\u2019heure, pas comment\u00e9 l\u2019\u00e9dition 2025.<\/p>\n<p data-start=\"2867\" data-end=\"2992\">Selon Beniamin Poghosyan, Moscou s\u2019abstiendra de sanctions s\u00e9v\u00e8res tant que trois \u00ab lignes rouges \u00bb ne sont pas franchies : \u00ab La premi\u00e8re ligne rouge est le maintien de la base militaire russe en Arm\u00e9nie [stationn\u00e9e \u00e0 Gyumri jusqu\u2019en 2044]. La deuxi\u00e8me ligne rouge est l\u2019adh\u00e9sion \u00e0 l\u2019Union \u00e9conomique eurasienne. La troisi\u00e8me ligne rouge est le retrait de jure de l\u2019OTSC. \u00bb \u00ab Nous n\u2019avons jamais re\u00e7u aucune indication de la part de la France que l\u2019adh\u00e9sion de jure \u00e0 l\u2019OTSC entrave la coop\u00e9ration. Aucune d\u00e9claration n\u2019a \u00e9t\u00e9 faite sugg\u00e9rant qu\u2019ils vendraient plus d\u2019armes si l\u2019Arm\u00e9nie n\u2019\u00e9tait pas membre. Du moins, je n\u2019ai jamais rien entendu de tel. \u00bb\u00a0Selon M. Poghosyan, il en va de m\u00eame pour la coop\u00e9ration en mati\u00e8re de d\u00e9fense entre l\u2019Arm\u00e9nie et les \u00c9tats-Unis : l\u2019adh\u00e9sion officielle \u00e0 l\u2019OTSC ne constitue pas un obstacle. Toutefois, elle pourrait limiter le transfert de technologies de pointe :\u00a0\u00ab Aux \u00c9tats-Unis, il existe une distinction claire entre les groupes d\u2019\u00c9tats qui peuvent b\u00e9n\u00e9ficier de certaines technologies de pointe. Je n\u2019exclus pas que tant que l\u2019Arm\u00e9nie restera membre de jure de l\u2019OTSC, il puisse y avoir des probl\u00e8mes li\u00e9s \u00e0 l\u2019exportation de technologies sp\u00e9cifiques. \u00bb<\/p>\n","protected":false},"excerpt":{"rendered":"Les exercices militaires conjoints entre l\u2019Arm\u00e9nie et les \u00c9tats-Unis, baptis\u00e9s \u00ab Eagle Partner \u00bb, ont d\u00e9but\u00e9 cette semaine&hellip;\n","protected":false},"author":2,"featured_media":318122,"comment_status":"","ping_status":"","sticky":false,"template":"","format":"standard","meta":{"footnotes":""},"categories":[1589],"tags":[11,5950,554,73,1866,12,1864,1865,1863,308],"class_list":{"0":"post-318121","1":"post","2":"type-post","3":"status-publish","4":"format-standard","5":"has-post-thumbnail","7":"category-etats-unis","8":"tag-actualites","9":"tag-armenie","10":"tag-defense","11":"tag-etats-unis","12":"tag-etats-unis-damerique","13":"tag-news","14":"tag-united-states","15":"tag-united-states-of-america","16":"tag-us","17":"tag-usa"},"share_on_mastodon":{"url":"https:\/\/pubeurope.com\/@fr\/115026041634071062","error":""},"_links":{"self":[{"href":"https:\/\/www.europesays.com\/fr\/wp-json\/wp\/v2\/posts\/318121","targetHints":{"allow":["GET"]}}],"collection":[{"href":"https:\/\/www.europesays.com\/fr\/wp-json\/wp\/v2\/posts"}],"about":[{"href":"https:\/\/www.europesays.com\/fr\/wp-json\/wp\/v2\/types\/post"}],"author":[{"embeddable":true,"href":"https:\/\/www.europesays.com\/fr\/wp-json\/wp\/v2\/users\/2"}],"replies":[{"embeddable":true,"href":"https:\/\/www.europesays.com\/fr\/wp-json\/wp\/v2\/comments?post=318121"}],"version-history":[{"count":0,"href":"https:\/\/www.europesays.com\/fr\/wp-json\/wp\/v2\/posts\/318121\/revisions"}],"wp:featuredmedia":[{"embeddable":true,"href":"https:\/\/www.europesays.com\/fr\/wp-json\/wp\/v2\/media\/318122"}],"wp:attachment":[{"href":"https:\/\/www.europesays.com\/fr\/wp-json\/wp\/v2\/media?parent=318121"}],"wp:term":[{"taxonomy":"category","embeddable":true,"href":"https:\/\/www.europesays.com\/fr\/wp-json\/wp\/v2\/categories?post=318121"},{"taxonomy":"post_tag","embeddable":true,"href":"https:\/\/www.europesays.com\/fr\/wp-json\/wp\/v2\/tags?post=318121"}],"curies":[{"name":"wp","href":"https:\/\/api.w.org\/{rel}","templated":true}]}}