{"id":318123,"date":"2025-08-14T07:54:12","date_gmt":"2025-08-14T07:54:12","guid":{"rendered":"https:\/\/www.europesays.com\/fr\/318123\/"},"modified":"2025-08-14T07:54:12","modified_gmt":"2025-08-14T07:54:12","slug":"les-entreprises-britanniques-de-plus-en-plus-tentees-par-un-retour-complet-au-presentiel","status":"publish","type":"post","link":"https:\/\/www.europesays.com\/fr\/318123\/","title":{"rendered":"Les entreprises britanniques de plus en plus tent\u00e9es par un retour complet au \u201cpr\u00e9sentiel\u201d"},"content":{"rendered":"<p>Il n\u2019y a pas que dans le monde de la banque que le t\u00e9l\u00e9travail a mauvaise presse. Alors qu\u2019\u00e0 la fin du mois de juillet <a href=\"https:\/\/www.bloomberg.com\/news\/articles\/2025-07-29\/hsbc-asks-managing-directors-to-work-in-office-four-days-a-week\" rel=\"nofollow noopener\" target=\"_blank\" data-ylk=\"slk:Bloomberg r\u00e9v\u00e9lait un m\u00e9mo de la banque britannique HSBC;elm:context_link;itc:0;sec:content-canvas\" class=\"link \"><strong>Bloomberg<\/strong> r\u00e9v\u00e9lait un m\u00e9mo de la banque britannique HSBC<\/a> demandant \u00e0 ses cadres seniors de revenir au bureau quatre jours par semaine afin de \u201cmontrer l\u2019exemple\u201d, la Chambre de commerce britannique (BCC) publie en ce d\u00e9but de mois d\u2019ao\u00fbt <a href=\"https:\/\/www.britishchambers.org.uk\/news\/2025\/08\/office-return-varies-across-sectors\/\" rel=\"nofollow noopener\" target=\"_blank\" data-ylk=\"slk:une \u00e9tude portant sur le travail \u00e0 distance.;elm:context_link;itc:0;sec:content-canvas\" class=\"link \">une \u00e9tude portant sur le travail \u00e0 distance.<\/a><\/p>\n<p><a href=\"https:\/\/www.thetimes.com\/business-money\/economics\/article\/one-in-ten-businesses-staff-quit-wfh-nq2h5gh8h\" rel=\"nofollow noopener\" target=\"_blank\" data-ylk=\"slk:Selon The Times,;elm:context_link;itc:0;sec:content-canvas\" class=\"link \">Selon <strong>The Times,<\/strong><\/a> qui se fait le relais de ce rapport, pr\u00e8s de la moiti\u00e9 (48 %) des 583 entreprises interrog\u00e9es pr\u00e9voient un retour au pr\u00e9sentiel cinq jours sur cinq dans les douze prochains mois. Et seuls 17 % des employeurs interrog\u00e9s jugent que le t\u00e9l\u00e9travail augmente la productivit\u00e9. La BCC a aussi \u201cconstat\u00e9 que 9 % des entreprises avaient perdu du personnel car elles ne proposaient pas de t\u00e9l\u00e9travail\u201d.<\/p>\n<p>Un projet de loi en discussion<\/p>\n<p>La bataille entre employeurs et salari\u00e9s n\u2019est donc pas termin\u00e9e, analyse Jane Gratton, directrice adjointe des politiques publiques de la BCC, <a href=\"https:\/\/www.independent.co.uk\/news\/business\/working-from-home-remote-office-uk-businesses-bcc-b2802727.html\" rel=\"nofollow noopener\" target=\"_blank\" data-ylk=\"slk:cit\u00e9e par The Independent;elm:context_link;itc:0;sec:content-canvas\" class=\"link \">cit\u00e9e par <strong>The Independent<\/strong><\/a> :<\/p>\n<blockquote class=\"caas-blockquote\">\n<p>\u201cNous sommes en train d\u2019assister \u00e0 une bascule franche des entreprises pour le retour permanent au pr\u00e9sentiel, mais le paysage n\u2019est pas uniforme.\u201d<\/p>\n<\/blockquote>\n<p>Dans les cas \u00e9tudi\u00e9s par la BCC, l\u2019acceptation du t\u00e9l\u00e9travail d\u00e9pend fortement de la nature des entreprises. C\u2019est-\u00e0-dire que \u201cla tendance [au retour au pr\u00e9sentiel] est men\u00e9e par des fabricants et des entreprises en contact avec la client\u00e8le, alors que les deux tiers des entreprises qui travaillent avec d\u2019autres entreprises continuent d\u2019op\u00e9rer dans un mod\u00e8le hybride\u201d.<\/p>\n<p>De son c\u00f4t\u00e9, le gouvernement britannique continue, lui, d\u2019encourager le t\u00e9l\u00e9travail, comme le rappelle un porte-parole cit\u00e9 par le Times : \u201cLe travail flexible peut aider les gens \u00e0 atteindre un meilleur \u00e9quilibre entre vie professionnelle et vie personnelle, ce qui peut amener \u00e0 avoir des employ\u00e9s en meilleure sant\u00e9 et plus productifs. Et c\u2019est pour cela que nous nous y sommes engag\u00e9s \u00e0 travers notre projet de loi sur le droit du travail\u201d, <a href=\"https:\/\/bills.parliament.uk\/bills\/3737\" rel=\"nofollow noopener\" target=\"_blank\" data-ylk=\"slk:actuellement en discussion au Parlement britannique;elm:context_link;itc:0;sec:content-canvas\" class=\"link \">actuellement en discussion au Parlement britannique<\/a>.<\/p>\n<p>[&#8230;] <strong><a href=\"https:\/\/www.courrierinternational.com\/article\/teletravail-les-entreprises-britanniques-de-plus-en-plus-tentees-par-un-retour-complet-au-presentiel_233941\" rel=\"nofollow noopener\" target=\"_blank\" data-ylk=\"slk:Lire la suite sur Courrier international;elm:context_link;itc:0;sec:content-canvas\" class=\"link \">Lire la suite sur Courrier international<\/a><\/strong><\/p>\n<p>Sur le m\u00eame sujet :<\/p>\n","protected":false},"excerpt":{"rendered":"Il n\u2019y a pas que dans le monde de la banque que le t\u00e9l\u00e9travail a mauvaise presse. Alors&hellip;\n","protected":false},"author":2,"featured_media":318124,"comment_status":"","ping_status":"","sticky":false,"template":"","format":"standard","meta":{"footnotes":""},"categories":[1588],"tags":[11,45651,1777,674,12,45652,473,1853,1851,1850,1852],"class_list":{"0":"post-318123","1":"post","2":"type-post","3":"status-publish","4":"format-standard","5":"has-post-thumbnail","7":"category-royaume-uni","8":"tag-actualites","9":"tag-chambre-de-commerce-britannique","10":"tag-eu","11":"tag-europe","12":"tag-news","13":"tag-presentiel","14":"tag-royaume-uni","15":"tag-royaume-uni-de-grande-bretagne-et-dirlande-du-nord","16":"tag-uk","17":"tag-united-kingdom","18":"tag-united-kingdom-of-great-britain-and-northern-ireland"},"share_on_mastodon":{"url":"https:\/\/pubeurope.com\/@fr\/115026045490607798","error":""},"_links":{"self":[{"href":"https:\/\/www.europesays.com\/fr\/wp-json\/wp\/v2\/posts\/318123","targetHints":{"allow":["GET"]}}],"collection":[{"href":"https:\/\/www.europesays.com\/fr\/wp-json\/wp\/v2\/posts"}],"about":[{"href":"https:\/\/www.europesays.com\/fr\/wp-json\/wp\/v2\/types\/post"}],"author":[{"embeddable":true,"href":"https:\/\/www.europesays.com\/fr\/wp-json\/wp\/v2\/users\/2"}],"replies":[{"embeddable":true,"href":"https:\/\/www.europesays.com\/fr\/wp-json\/wp\/v2\/comments?post=318123"}],"version-history":[{"count":0,"href":"https:\/\/www.europesays.com\/fr\/wp-json\/wp\/v2\/posts\/318123\/revisions"}],"wp:featuredmedia":[{"embeddable":true,"href":"https:\/\/www.europesays.com\/fr\/wp-json\/wp\/v2\/media\/318124"}],"wp:attachment":[{"href":"https:\/\/www.europesays.com\/fr\/wp-json\/wp\/v2\/media?parent=318123"}],"wp:term":[{"taxonomy":"category","embeddable":true,"href":"https:\/\/www.europesays.com\/fr\/wp-json\/wp\/v2\/categories?post=318123"},{"taxonomy":"post_tag","embeddable":true,"href":"https:\/\/www.europesays.com\/fr\/wp-json\/wp\/v2\/tags?post=318123"}],"curies":[{"name":"wp","href":"https:\/\/api.w.org\/{rel}","templated":true}]}}