{"id":318125,"date":"2025-08-14T07:55:39","date_gmt":"2025-08-14T07:55:39","guid":{"rendered":"https:\/\/www.europesays.com\/fr\/318125\/"},"modified":"2025-08-14T07:55:39","modified_gmt":"2025-08-14T07:55:39","slug":"un-camion-pousse-une-voiture-dallemagne-vers-le-luxembourg","status":"publish","type":"post","link":"https:\/\/www.europesays.com\/fr\/318125\/","title":{"rendered":"Un camion pousse une voiture d&rsquo;Allemagne vers le Luxembourg"},"content":{"rendered":"<p class=\"Paragraph_root__xJSDF Paragraph_default-lg-default__txMNQ articleParagraph\">Un cas peu courant de \u00abroad rage\u00bb, c&rsquo;est-\u00e0-dire de conduite extr\u00eamement agressive, a occup\u00e9 la police mercredi matin dans la zone frontali\u00e8re germano-luxembourgeoise. <\/p>\n<p class=\"Paragraph_root__xJSDF Paragraph_default-lg-default__txMNQ articleParagraph\">Vers 10h25, selon le rapport de la police de Tr\u00e8ves, un semi-remorque et une Seat bleue ont d&rsquo;abord circul\u00e9 c\u00f4te \u00e0 c\u00f4te sur l&rsquo;autoroute A64 en direction du Luxembourg. En raison du chantier qui commen\u00e7ait \u00e0 cet endroit, la voie de droite \u00e9tait coup\u00e9e et le camion a d\u00fb changer de voie. Selon les informations disponibles jusqu&rsquo;\u00e0 pr\u00e9sent, un \u00abd\u00e9saccord\u00bb s&rsquo;est produit entre le conducteur de la Seat, \u00e2g\u00e9 de 55 ans, et le conducteur du camion, \u00e2g\u00e9 de 35 ans. <\/p>\n<p><a href=\"https:\/\/www.virgule.lu\/luxembourg\/des-automobilistes-se-battent-a-graulinster\/28149.html\" class=\"RelatedTeaser_related-teaser__awFnD RelatedTeaser_related-teaser--image__oZDce read-more_withImage__1YJa_\" data-article-id=\"28149\" rel=\"nofollow noopener\" target=\"_blank\"><\/p>\n<p>Lire aussi :Des automobilistes se battent \u00e0 Graulinster<\/p>\n<p><\/a><\/p>\n<p class=\"Paragraph_root__xJSDF Paragraph_default-lg-default__txMNQ articleParagraph\">Le camion s&rsquo;est ensuite rang\u00e9 derri\u00e8re la Seat, et apr\u00e8s le chantier, il y a probablement eu un nouveau \u00abchangement de leader\u00bb, que le conducteur de la Seat n&rsquo;a probablement pas voulu accepter, car il a ensuite d\u00e9pass\u00e9 le semi-remorque et frein\u00e9. Une collision s&rsquo;est alors produite entre les deux v\u00e9hicules. <\/p>\n<p class=\"Paragraph_root__xJSDF Paragraph_default-lg-default__txMNQ articleParagraph\">Sous l&rsquo;effet du choc, le c\u00f4t\u00e9 conducteur de la Seat s&rsquo;est retourn\u00e9 vers l&rsquo;avant du camion. Le conducteur du semi-remorque a ensuite pouss\u00e9 la voiture devant lui sur environ 1.500 m\u00e8tres et ne s&rsquo;est arr\u00eat\u00e9 qu&rsquo;au niveau de la sortie de l&rsquo;aire de repos de Wasserbillig au Luxembourg.<\/p>\n<p class=\"Paragraph_root__xJSDF Paragraph_default-lg-default__txMNQ articleParagraph\">Personne n&rsquo;a \u00e9t\u00e9 bless\u00e9 dans la collision. La Seat n&rsquo;\u00e9tait forc\u00e9ment plus en \u00e9tat de marche et a d\u00fb \u00eatre remorqu\u00e9e.<\/p>\n<p>Recherche de t\u00e9moins<\/p>\n<p class=\"Paragraph_root__xJSDF Paragraph_default-lg-default__txMNQ articleParagraph\">La police n&rsquo;a pas h\u00e9sit\u00e9: les permis de conduire des deux conducteurs ont \u00e9t\u00e9 confisqu\u00e9s sur ordre du parquet. Tous deux font d\u00e9sormais l&rsquo;objet d&rsquo;une enqu\u00eate pour diverses infractions au code de la route. La circulation a \u00e9t\u00e9 l\u00e9g\u00e8rement perturb\u00e9e dans la zone.<\/p>\n<p class=\"Paragraph_root__xJSDF Paragraph_default-lg-default__txMNQ articleParagraph\">La police luxembourgeoise et le poste de police autoroutier de Schweich sont intervenus. Les t\u00e9moins qui ont assist\u00e9 \u00e0 la sc\u00e8ne et qui ne se sont pas encore manifest\u00e9s aupr\u00e8s de la police sont pri\u00e9s de prendre contact avec le poste de police autoroutier de Schweich au 0049-6502-91650.<\/p>\n<p class=\"Paragraph_root__xJSDF Paragraph_default-lg-default__txMNQ articleParagraph\">Cet article a \u00e9t\u00e9 publi\u00e9 initialement\u00a0sur le site du\u00a0<a class=\"LinkText_root__0Tfta annotation-link_annotationLink__nXU8B\" href=\"https:\/\/www.wort.lu\/luxemburg\/osten\/lastwagen-schiebt-auto-von-deutschland-nach-luxemburg\/83565179.html\" target=\"_blank\" rel=\"nofollow noopener\">Luxemburger Wort.<\/a><\/p>\n<p class=\"Paragraph_root__xJSDF Paragraph_default-lg-default__txMNQ articleParagraph\">Il a \u00e9t\u00e9 traduit \u00e0 l\u2019aide d\u2019outils d\u2019intelligence artificielle qui apprennent \u00e0 partir de donn\u00e9es issues de traductions humaines, puis v\u00e9rifi\u00e9 par Simon Martin.<\/p>\n<p>Source Polizeipr\u00e4sidium Trier<\/p>\n","protected":false},"excerpt":{"rendered":"Un cas peu courant de \u00abroad rage\u00bb, c&rsquo;est-\u00e0-dire de conduite extr\u00eamement agressive, a occup\u00e9 la police mercredi matin&hellip;\n","protected":false},"author":2,"featured_media":318126,"comment_status":"","ping_status":"","sticky":false,"template":"","format":"standard","meta":{"footnotes":""},"categories":[1587],"tags":[11,672,1804,1805,1803,1777,674,1801,12,1802],"class_list":{"0":"post-318125","1":"post","2":"type-post","3":"status-publish","4":"format-standard","5":"has-post-thumbnail","7":"category-allemagne","8":"tag-actualites","9":"tag-allemagne","10":"tag-bundesrepublik-deutschland","11":"tag-de","12":"tag-deutschland","13":"tag-eu","14":"tag-europe","15":"tag-germany","16":"tag-news","17":"tag-republique-federale-dallemagne"},"share_on_mastodon":{"url":"https:\/\/pubeurope.com\/@fr\/115026049332082202","error":""},"_links":{"self":[{"href":"https:\/\/www.europesays.com\/fr\/wp-json\/wp\/v2\/posts\/318125","targetHints":{"allow":["GET"]}}],"collection":[{"href":"https:\/\/www.europesays.com\/fr\/wp-json\/wp\/v2\/posts"}],"about":[{"href":"https:\/\/www.europesays.com\/fr\/wp-json\/wp\/v2\/types\/post"}],"author":[{"embeddable":true,"href":"https:\/\/www.europesays.com\/fr\/wp-json\/wp\/v2\/users\/2"}],"replies":[{"embeddable":true,"href":"https:\/\/www.europesays.com\/fr\/wp-json\/wp\/v2\/comments?post=318125"}],"version-history":[{"count":0,"href":"https:\/\/www.europesays.com\/fr\/wp-json\/wp\/v2\/posts\/318125\/revisions"}],"wp:featuredmedia":[{"embeddable":true,"href":"https:\/\/www.europesays.com\/fr\/wp-json\/wp\/v2\/media\/318126"}],"wp:attachment":[{"href":"https:\/\/www.europesays.com\/fr\/wp-json\/wp\/v2\/media?parent=318125"}],"wp:term":[{"taxonomy":"category","embeddable":true,"href":"https:\/\/www.europesays.com\/fr\/wp-json\/wp\/v2\/categories?post=318125"},{"taxonomy":"post_tag","embeddable":true,"href":"https:\/\/www.europesays.com\/fr\/wp-json\/wp\/v2\/tags?post=318125"}],"curies":[{"name":"wp","href":"https:\/\/api.w.org\/{rel}","templated":true}]}}