{"id":318131,"date":"2025-08-14T07:58:12","date_gmt":"2025-08-14T07:58:12","guid":{"rendered":"https:\/\/www.europesays.com\/fr\/318131\/"},"modified":"2025-08-14T07:58:12","modified_gmt":"2025-08-14T07:58:12","slug":"apres-celine-dion-et-britney-spears-a-son-tour-dinvestir-las-vegas","status":"publish","type":"post","link":"https:\/\/www.europesays.com\/fr\/318131\/","title":{"rendered":"apr\u00e8s C\u00e9line Dion et Britney Spears, \u00e0 son tour d\u2019investir Las Vegas ?"},"content":{"rendered":"<p>                                        <img decoding=\"async\" src=\"https:\/\/www.europesays.com\/fr\/wp-content\/uploads\/2025\/08\/223dde198f8d2e7fb04e7e19353d8f156f11387fe1d57a1f4595c55c0f6d7693.jpg\" alt=\"GALA - Taylor Swift\u00a0: ce qu'il faut conna\u00eetre\" class=\"a11y-hidden\"\/><\/p>\n<p class=\"fig-standfirst\">Taylor Swift a annonc\u00e9 la sortie de son douzi\u00e8me album intitul\u00e9 The Life Of A Show Girl. Alors que la chanteuse de 35 ans a r\u00e9cemment termin\u00e9 sa tourn\u00e9e mondiale The Era\u2019s Tour, la star pourrait d\u00e9sormais investir Las Vegas\u00a0!<\/p>\n<p class=\"fig-paragraph\">Taylor Swift est d\u00e9j\u00e0 de retour. Huit mois apr\u00e8s avoir termin\u00e9\u00a0<a href=\"http:\/\/www.gala.fr\/l_actu\/news_de_stars\/taylor-swift-pourquoi-ses-fans-risquent-de-ne-plus-beaucoup-la-voir-apres-sa-tournee-xxl-20241211\" data-fig-type=\"Article\" data-gtm-custom-categorie=\"navigation\" data-gtm-custom-action=\"crossclick\" data-gtm-custom-label=\"Contextuel\" data-gtm-event=\"customEventSPE\" data-fig-domain=\"GALA\" rel=\"nofollow noopener\" target=\"_blank\">sa tourn\u00e9e mondiale, The Era\u2019s Tour,<\/a>\u00a0le 8 d\u00e9cembre 2024, ce mardi 12 ao\u00fbt, la chanteuse de 35 ans a teas\u00e9 dans un extrait de New Heights, le podcast de\u00a0<a href=\"https:\/\/www.gala.fr\/l_actu\/news_de_stars\/taylor-swift-en-couple-avec-travis-kelce-pourquoi-leur-histoire-damour-fait-grincer-des-dents_552584\" data-fig-type=\"Article\" data-gtm-custom-categorie=\"navigation\" data-gtm-custom-action=\"crossclick\" data-gtm-custom-label=\"Contextuel\" data-gtm-event=\"customEventSPE\" data-fig-domain=\"GALA\" rel=\"nofollow noopener\" target=\"_blank\">son compagnon Travis Kelce<\/a>, la sortie de son douzi\u00e8me album intitul\u00e9 The Life Of A Show Girl. Dans la vid\u00e9o compl\u00e8te mise en ligne le lendemain, l\u2019interpr\u00e8te de Shake it Off a d\u00e9voil\u00e9 la couverture de son disque, les noms des douze titres de l\u2019opus et la date de sa sortie\u00a0: le 3 octobre 2025. Comme le rapporte une source \u00e0 l\u2019\u00e9dition am\u00e9ricaine du<a href=\"https:\/\/www.the-sun.com\/entertainment\/14966683\/taylor-swift-las-vegas-venues-sphere-album-reveal\/\" target=\"_blank\" rel=\"sponsored noopener nofollow\" data-gtm-custom-categorie=\"navigation\" data-gtm-custom-action=\"crossclick\" data-gtm-custom-label=\"Contextuel\" data-gtm-event=\"customEventSPE\">\u00a0Sun<\/a>, l\u2019amie de Selena Gomez compte bien se reproduire prochainement sur sc\u00e8ne, toutefois, elle ne souhaiterait pas parcourir \u00e0 nouveau le monde.<\/p>\n<p class=\"fig-paragraph\">Ainsi, Taylor Swift aurait pour projet d\u2019investir Las Vegas comme a pu le faire C\u00e9line Dion, Britney Spears, Katy Perry,<a href=\"http:\/\/www.gala.fr\/l_actu\/news_de_stars\/adele-bouleversee-pour-ses-adieux-a-las-vegas-son-fils-angelo-fait-une-rarissime-apparition-pour-l-occasion-20241127\" data-fig-type=\"Article\" data-gtm-custom-categorie=\"navigation\" data-gtm-custom-action=\"crossclick\" data-gtm-custom-label=\"Contextuel\" data-gtm-event=\"customEventSPE\" data-fig-domain=\"GALA\" rel=\"nofollow noopener\" target=\"_blank\">\u00a0ou encore plus r\u00e9cemment Ad\u00e8le<\/a>. Son nouvel album serait parfait pour une r\u00e9sidence et les discussions seraient en cours depuis \u00ab des mois\u00a0\u00bb. \u00ab L\u2019\u00e9quipe de Taylor discute en priv\u00e9 des concerts \u00e0 Las Vegas depuis un certain temps, notamment lors d\u2019un d\u00eener il y a quelques mois \u00e0 Nashville avec d\u2019autres managers musicaux.<br \/>Ils r\u00e9fl\u00e9chissent \u00e0 ce qui pourrait fonctionner pour le nouvel album et envisagent sp\u00e9cifiquement des concerts au Sphere. Rien n\u2019est encore confirm\u00e9, mais ils discutent de la logistique et du lieu qui conviendrait le mieux\u00a0\u00bb, affirme l\u2019informateur.<\/p>\n<p>    <a href=\"#slideshow-header\"><\/p>\n<p class=\"fig-slideshow__title\">\n                    PHOTOS &#8211; Taylor Swift\u00a0: Qui sont ses c\u00e9l\u00e8bres amis\u00a0?\n                <\/p>\n<p>    <\/a><\/p>\n<p>                                    <a class=\"fig-a11y-skip a11y-hidden\" href=\"#fig-a11y-skip-main-inarticle\"><br \/>\n        Passer la publicit\u00e9<br \/>\n    <\/a><\/p>\n<p>Taylor Swift\u00a0: apr\u00e8s plusieurs ann\u00e9es de bataille, elle a r\u00e9cemment c\u00e9l\u00e9br\u00e9 une \u00e9norme victoire\u00a0!<\/p>\n<p class=\"fig-paragraph\">Tout souri \u00e0 Taylor Swift derni\u00e8rement. Le 30 mai, dans un long message publi\u00e9 sur son compte Instagram, la chanteuse a annonc\u00e9 avoir r\u00e9ussi \u00e0 r\u00e9cup\u00e9rer les droits exclusifs de ses six premiers albums. Pour rappel, six ans plus t\u00f4t, le manager Scooter Braun avait acquis l\u2019int\u00e9gralit\u00e9 des droits sur les disques en rachetant le label Big Machine\u00a0: \u00ab J\u2019ai fondu en larmes de joie lorsque j\u2019ai appris que c\u2019\u00e9tait vraiment en train d\u2019arriver (&#8230;) Tout ce que j\u2019ai toujours voulu, c\u2019\u00e9tait avoir la possibilit\u00e9 de travailler suffisamment dur pour pouvoir un jour acheter ma musique sans condition, sans partenariat, en toute autonomie\u00a0\u00bb. Tout est bien qui finit bien\u00a0!<\/p>\n","protected":false},"excerpt":{"rendered":"Taylor Swift a annonc\u00e9 la sortie de son douzi\u00e8me album intitul\u00e9 The Life Of A Show Girl. Alors&hellip;\n","protected":false},"author":2,"featured_media":318132,"comment_status":"","ping_status":"","sticky":false,"template":"","format":"standard","meta":{"footnotes":""},"categories":[2],"tags":[11,1692,1011,27,192,12,25,11293,181,2713,4441],"class_list":{"0":"post-318131","1":"post","2":"type-post","3":"status-publish","4":"format-standard","5":"has-post-thumbnail","7":"category-actualites","8":"tag-actualites","9":"tag-album","10":"tag-fr","11":"tag-france","12":"tag-las-vegas","13":"tag-news","14":"tag-republique-francaise","15":"tag-residence","16":"tag-rumeurs","17":"tag-taylor-swift","18":"tag-tournee"},"share_on_mastodon":{"url":"https:\/\/pubeurope.com\/@fr\/115026061569513360","error":""},"_links":{"self":[{"href":"https:\/\/www.europesays.com\/fr\/wp-json\/wp\/v2\/posts\/318131","targetHints":{"allow":["GET"]}}],"collection":[{"href":"https:\/\/www.europesays.com\/fr\/wp-json\/wp\/v2\/posts"}],"about":[{"href":"https:\/\/www.europesays.com\/fr\/wp-json\/wp\/v2\/types\/post"}],"author":[{"embeddable":true,"href":"https:\/\/www.europesays.com\/fr\/wp-json\/wp\/v2\/users\/2"}],"replies":[{"embeddable":true,"href":"https:\/\/www.europesays.com\/fr\/wp-json\/wp\/v2\/comments?post=318131"}],"version-history":[{"count":0,"href":"https:\/\/www.europesays.com\/fr\/wp-json\/wp\/v2\/posts\/318131\/revisions"}],"wp:featuredmedia":[{"embeddable":true,"href":"https:\/\/www.europesays.com\/fr\/wp-json\/wp\/v2\/media\/318132"}],"wp:attachment":[{"href":"https:\/\/www.europesays.com\/fr\/wp-json\/wp\/v2\/media?parent=318131"}],"wp:term":[{"taxonomy":"category","embeddable":true,"href":"https:\/\/www.europesays.com\/fr\/wp-json\/wp\/v2\/categories?post=318131"},{"taxonomy":"post_tag","embeddable":true,"href":"https:\/\/www.europesays.com\/fr\/wp-json\/wp\/v2\/tags?post=318131"}],"curies":[{"name":"wp","href":"https:\/\/api.w.org\/{rel}","templated":true}]}}