{"id":318136,"date":"2025-08-14T08:01:23","date_gmt":"2025-08-14T08:01:23","guid":{"rendered":"https:\/\/www.europesays.com\/fr\/318136\/"},"modified":"2025-08-14T08:01:23","modified_gmt":"2025-08-14T08:01:23","slug":"ian-poulter-tout-pres-du-precipice","status":"publish","type":"post","link":"https:\/\/www.europesays.com\/fr\/318136\/","title":{"rendered":"Ian Poulter, tout pr\u00e8s du pr\u00e9cipice"},"content":{"rendered":"<p>\t\t\t\t\t\t<img width=\"770\" height=\"556\" src=\"https:\/\/www.europesays.com\/fr\/wp-content\/uploads\/2025\/08\/ianpoulter-770x556.jpg\" class=\"img-responsive wp-post-image\" alt=\"\" decoding=\"async\" fetchpriority=\"high\"  \/>\t\t\t\t\t<\/p>\n<p>\t\t\t\t\t\t Partager cet article <\/p>\n<p class=\"screen-reader-text juiz_sps_maybe_hidden_text\">Partager la publication \u00ab\u00a0Ian Poulter, tout pr\u00e8s du pr\u00e9cipice\u00a0\u00bb<\/p>\n<p><strong>Est-ce la fin pour Ian Poulter ? En position de rel\u00e9gable avant le dernier tournoi de la saison ce week-end \u00e0 Indianapolis (Indiana), l\u2019Anglais \u00e2g\u00e9 de 49 ans aura besoin d\u2019un top 20 au minimum pour sauver sa \u00ab peau \u00bb sur le circuit dissident saoudien. Dans le cas contraire\u2026<\/strong><\/p>\n<p>\t\t\t\t\t<a id=\"181426\" href=\"https:\/\/leclub-golf.com\/fr\/green-fees?online=1&amp;utm_source=golf+planete&amp;utm_medium=referral&amp;utm_campaign=green+fee+en+ligne&amp;utm_id=green+fee+en+ligne_golf+planete_referral_banner\" target=\"_blank\" rel=\"sponsorised nofollow noopener\"><img decoding=\"async\" src=\"data:image\/svg+xml,%3Csvg%20xmlns=\" http:=\"\" class=\"img-responsive\" alt=\"\" data-lazy-src=\"https:\/\/www.europesays.com\/fr\/wp-content\/uploads\/2025\/08\/leclubgolf-e09-effet-classique-1170x275png.png\"\/><\/a><\/p>\n<p>Est-ce la fin de l\u2019aventure <strong>LIV Golf<\/strong> pour <strong>Ian Poulter<\/strong>\u00a0? 52e au classement par points de la saison 2025 sur le circuit dissident soutenu financi\u00e8rement par le <strong>Fonds d\u2019investissement public (PIF)<\/strong> d\u2019Arabie saoudite, l\u2019Anglais, h\u00e9ros on s\u2019en souvient de l\u2019\u00e9quipe europ\u00e9enne de <strong>Ryder Cup<\/strong> \u00e0 <strong>Medinah<\/strong> (Illinois) en 2012, a besoin d\u2019un top 20 au minimum pour quitter la zone de rel\u00e9gation.<\/p>\n<p>En douze tournois jou\u00e9s cette ann\u00e9e, celui que l\u2019on surnomme \u00ab The Postman \u00bb n\u2019a jamais fait mieux qu\u2019une 13e place finale. C\u2019\u00e9tait en Cor\u00e9e du Sud le 4 mai. 39e la semaine derni\u00e8re \u00e0 Chicago, Poulter avait \u00e9t\u00e9 tr\u00e8s dur envers lui-m\u00eame sur les r\u00e9seaux sociaux : \u00ab C\u2019est fini. Sept birdies aujourd\u2019hui, mais beaucoup de merde aussi pour un -1 (70) \u00bb<\/p>\n<p>\t\t\t\t\t<a id=\"181417\" href=\"https:\/\/cabotbordeaux.com\/fr\/booking\/training-golf\" target=\"_blank\" rel=\"sponsorised nofollow noopener\"><img decoding=\"async\" src=\"data:image\/svg+xml,%3Csvg%20xmlns=\" http:=\"\" class=\"img-responsive\" alt=\"\" data-lazy-src=\"https:\/\/www.europesays.com\/fr\/wp-content\/uploads\/2025\/08\/cabot-e04-stage-septembre-1170x275-1.gif\"\/><\/a><\/p>\n<p><img loading=\"lazy\" decoding=\"async\" class=\"wp-image-182280 size-large aligncenter\" src=\"data:image\/svg+xml,%3Csvg%20xmlns=\" http:=\"\" alt=\"\" width=\"770\" height=\"428\" data-lazy- data-lazy- data-lazy-src=\"https:\/\/www.europesays.com\/fr\/wp-content\/uploads\/2025\/08\/capture1-3-770x428.jpg\"\/><\/p>\n<p>\t\t\t\t\t<a id=\"179399\" href=\"https:\/\/www.terre-blanche.com\/landing\/summer-deals?mtm_campaign=summer_deals_golf_planet_juil_2025&amp;mtm_medium=display&amp;mtm_source=golf_planet&amp;mtm_content=_CTA_&amp;mtm_group=trafic\" target=\"_blank\" rel=\"sponsorised nofollow noopener\"><img decoding=\"async\" src=\"data:image\/svg+xml,%3Csvg%20xmlns=\" http:=\"\" class=\"img-responsive\" alt=\"\" data-lazy-src=\"https:\/\/www.europesays.com\/fr\/wp-content\/uploads\/2025\/07\/terreblanche-e01-summer-deals-1170x275-1.gif\"\/><\/a><\/p>\n<p>On rappelle que <a href=\"https:\/\/www.livgolf.com\/standings\" target=\"_blank\" rel=\"noopener nofollow\">les 48 premiers du classement par points<\/a> conservent leur droit de jeu pour l\u2019ann\u00e9e suivante. En cas de rel\u00e9gation, les perspectives pour le vainqueur \u00e0 douze reprises sur le <strong>DP World Tour<\/strong> entre octobre 2000 et novembre 2012 et trois fois sur le <strong>PGA Tour<\/strong> entre f\u00e9vrier 2010 et avril 2018 s\u2019inscrivent clairement en pointill\u00e9s.<\/p>\n<p>Il lui resterait encore l\u2019option de poursuivre la saison 2025 sur l\u2019<strong>Asian Tour<\/strong> avec notamment les<strong> International Series<\/strong> qui offrent une \u00ab\u00a0passerelle\u00a0\u00bb vers le LIV Golf. Il pourrait \u00e9galement jouer un r\u00f4le de mentor ou d\u2019administrateur au sein de son \u00e9quipe, <strong>Majesticks GC<\/strong>. En dernier ressort, il lui resterait l\u2019\u00e9ventualit\u00e9 d\u2019un retour sur le Tour europ\u00e9en. Encore faudrait-il qu\u2019il en redevienne membre et qu\u2019il s\u2019acquitte des amendes toujours impay\u00e9es, r\u00e9sultat de son d\u00e9part en juin 2022 sur ce m\u00eame LIV Golf.<\/p>\n<p>\t\t\t\t\t<a id=\"174987\" href=\"https:\/\/www.sudfrancegolf.com\/fr\/\" target=\"_blank\" rel=\"sponsorised nofollow noopener\"><img decoding=\"async\" src=\"data:image\/svg+xml,%3Csvg%20xmlns=\" http:=\"\" class=\"img-responsive\" alt=\"\" data-lazy-src=\"https:\/\/www.europesays.com\/fr\/wp-content\/uploads\/2025\/06\/giesudfrancegolf-e02-egolf-pass-2025-v2-1170x275-1.gif\"\/><\/a><\/p>\n<p>Photo : CHUNG SUNG-JUN \/ GETTY IMAGES ASIAPAC \/ Getty Images via AFP<\/p>\n","protected":false},"excerpt":{"rendered":"Partager cet article Partager la publication \u00ab\u00a0Ian Poulter, tout pr\u00e8s du pr\u00e9cipice\u00a0\u00bb Est-ce la fin pour Ian Poulter&hellip;\n","protected":false},"author":2,"featured_media":318137,"comment_status":"","ping_status":"","sticky":false,"template":"","format":"standard","meta":{"footnotes":""},"categories":[1418],"tags":[1011,27,1472,60],"class_list":{"0":"post-318136","1":"post","2":"type-post","3":"status-publish","4":"format-standard","5":"has-post-thumbnail","7":"category-golf","8":"tag-fr","9":"tag-france","10":"tag-golf","11":"tag-sports"},"share_on_mastodon":{"url":"https:\/\/pubeurope.com\/@fr\/115026072969749949","error":""},"_links":{"self":[{"href":"https:\/\/www.europesays.com\/fr\/wp-json\/wp\/v2\/posts\/318136","targetHints":{"allow":["GET"]}}],"collection":[{"href":"https:\/\/www.europesays.com\/fr\/wp-json\/wp\/v2\/posts"}],"about":[{"href":"https:\/\/www.europesays.com\/fr\/wp-json\/wp\/v2\/types\/post"}],"author":[{"embeddable":true,"href":"https:\/\/www.europesays.com\/fr\/wp-json\/wp\/v2\/users\/2"}],"replies":[{"embeddable":true,"href":"https:\/\/www.europesays.com\/fr\/wp-json\/wp\/v2\/comments?post=318136"}],"version-history":[{"count":0,"href":"https:\/\/www.europesays.com\/fr\/wp-json\/wp\/v2\/posts\/318136\/revisions"}],"wp:featuredmedia":[{"embeddable":true,"href":"https:\/\/www.europesays.com\/fr\/wp-json\/wp\/v2\/media\/318137"}],"wp:attachment":[{"href":"https:\/\/www.europesays.com\/fr\/wp-json\/wp\/v2\/media?parent=318136"}],"wp:term":[{"taxonomy":"category","embeddable":true,"href":"https:\/\/www.europesays.com\/fr\/wp-json\/wp\/v2\/categories?post=318136"},{"taxonomy":"post_tag","embeddable":true,"href":"https:\/\/www.europesays.com\/fr\/wp-json\/wp\/v2\/tags?post=318136"}],"curies":[{"name":"wp","href":"https:\/\/api.w.org\/{rel}","templated":true}]}}