{"id":318138,"date":"2025-08-14T08:02:16","date_gmt":"2025-08-14T08:02:16","guid":{"rendered":"https:\/\/www.europesays.com\/fr\/318138\/"},"modified":"2025-08-14T08:02:16","modified_gmt":"2025-08-14T08:02:16","slug":"lezana-placette-et-alexia-richard-sorties-en-qualification","status":"publish","type":"post","link":"https:\/\/www.europesays.com\/fr\/318138\/","title":{"rendered":"L\u00e9zana Placette et Alexia Richard sorties en qualification"},"content":{"rendered":"<p style=\"text-align: justify;\"><strong>\u00c9LITE 16 MONTR\u00c9AL BEACH-VOLLEY \u2013 Malgr\u00e9 une belle r\u00e9sistance en finale des qualifications, les Fran\u00e7aises L\u00e9zana Placette et Alexia Richard s\u2019inclinent 2-0 contre une paire espagnole (24-22, 21-13) et ne sont pas qualifi\u00e9es pour le tableau principal. C\u2019\u00e9taient les seules tricolores pr\u00e9sentes au Qu\u00e9bec.\u00a0<\/strong><\/p>\n<p style=\"text-align: justify;\">Apr\u00e8s deux ans d\u2019absence, l\u2019\u00e9lite mondiale de <strong>Beach-Volley<\/strong> fait son retour dans la Belle Province au Parc Jean Drapeau. Au c\u0153ur de l\u2019\u00e9pingle du circuit Gilles Villeneuve de Montr\u00e9al, l\u2019essence et les moteurs ont laiss\u00e9 place \u00e0 deux terrains de sable pr\u00eats \u00e0 accueillir les meilleures paires mondiales en volley de plage.<\/p>\n<p style=\"text-align: justify;\">Pour preuve, dans le top 5 mondial, seuls les N\u00e9erlandais <strong>Stefan Boermans<\/strong> et <strong>Yorick de Groot<\/strong> sont absents dans le tableau masculin, tout comme la paire allemande, vice-championne olympique, <strong>Nils Ehlers<\/strong> et <strong>Clemens Wickler<\/strong>. Chez les f\u00e9minines, seules les Am\u00e9ricaines <strong>Terese Cannon<\/strong> et <strong>Megan Kraft<\/strong> manquent dans le top 5, tout comme les 3\u00e8mes et 4\u00e8mes des derniers JO. Les deux tournois s\u2019annoncent tout de m\u00eame relev\u00e9s.<\/p>\n<p>Une seule paire fran\u00e7aise<\/p>\n<p style=\"text-align: justify;\">C\u00f4t\u00e9 tricolore, le contingent n\u2019est pas tr\u00e8s fourni. Malgr\u00e9 <a href=\"https:\/\/dicodusport.fr\/blog\/beach-volley-euro-2025-aline-chamereau-et-clemence-vieira-craquent-en-finale\/\" target=\"_blank\" rel=\"noopener\">un titre de vice-championnes d\u2019Europe<\/a> il y a 10 jours, <strong>Aline Chamereau<\/strong> et <strong>Cl\u00e9mence Vieira<\/strong> ne sont pas venues outre-Atlantique. De m\u00eame, chez les gar\u00e7ons, personne n\u2019a fait le d\u00e9placement parmi les paires habituelles du circuit mondial. Finalement, seules <strong>L\u00e9zana Placette<\/strong> et <strong>Alexia Richard<\/strong> ont travers\u00e9 l\u2019oc\u00e9an pour cuire sous la canicule qu\u00e9becoise. Si le tour principal commence ce jeudi, les Fran\u00e7aises devaient passer par les qualifications pendant la journ\u00e9e de mercredi.<\/p>\n<p style=\"text-align: justify;\">Malgr\u00e9 une \u00e9norme averse ayant perturb\u00e9 le programme, sans trop baisser la temp\u00e9rature, elles ont tenu leur rang pour le premier match contre des Suissesses, remport\u00e9 <strong>22-20<\/strong> et <strong>21-19<\/strong>. Pour voir la suite du tournoi, elles devaient \u00e9liminer les Espagnoles <strong>Daniela Alavarez Mendoza<\/strong> et <strong>Tania Moreno Matveeva<\/strong>, qu\u2019elles ont d\u00e9j\u00e0 affront\u00e9es par le pass\u00e9.<\/p>\n<p>Du suspens, en vain<\/p>\n<p style=\"text-align: justify;\">Si les Fran\u00e7aises m\u00e8nent rapidement 2-0, les Espagnoles r\u00e9pliquent dans la foul\u00e9e et les 2 \u00e9quipes se rendent coups pour coups. Personne n\u2019arrive \u00e0 bonifier son service pour prendre une avance d\u00e9cisive. Jusqu\u2019\u00e0 ce que <strong>Laz\u00e9na Placette<\/strong> arrive \u00e0 encha\u00eener une petite s\u00e9rie pour prendre 3 points d\u2019avance. Mais les Ib\u00e8res ne se laissent pas faire aussi facilement et \u00e9galisent encore \u00e0 11 partout. Le niveau est proche entre les 2 \u00e9quipes. Entre belles attaques et services rat\u00e9s, personne ne prend l\u2019avantage alors que se profile la fin de set.<\/p>\n<p>\n<a href=\"https:\/\/dicodusport.fr\/blog\/offres\/abonnements-sans-pub\/\" target=\"_blank\" rel=\"noopener\"><img loading=\"lazy\" decoding=\"async\" class=\"alignnone size-full wp-image-501284 perfmatters-lazy\" alt=\"\" width=\"1200\" height=\"200\" src=\"https:\/\/www.europesays.com\/fr\/wp-content\/uploads\/2025\/04\/Abonnements-sans-pubs-Dicodusport.png\"\/><\/a><br \/><a href=\"https:\/\/dicodusport.fr\/blog\/offres\/abonnements-sans-pub\/\" target=\"_blank\" rel=\"noopener\"><img loading=\"lazy\" decoding=\"async\" class=\"alignnone size-full wp-image-501296 perfmatters-lazy\" alt=\"\" width=\"400\" height=\"400\" src=\"https:\/\/www.europesays.com\/fr\/wp-content\/uploads\/2025\/04\/Abonnements-sans-pubs-Dicodusport-mobile.png\"\/><\/a><\/p>\n<p style=\"text-align: justify;\">L\u2019\u00e9quipe espagnole a la premi\u00e8re balle de set. Mais bien d\u00e9fendu par les tricolores qui se procurent aussi une balle de set par la suite. Las, se sont finalement les Espagnoles qui l\u2019emportent<strong> 24-22<\/strong>, malgr\u00e9 une belle r\u00e9sistance des Bleues. <strong>Placette<\/strong> et <strong>Richard<\/strong> vont devoir hausser leur niveau pour arracher une manche d\u00e9cisive.<\/p>\n<p>La balade espagnole<\/p>\n<p style=\"text-align: justify;\">M\u00eame si la paire tricolore marque le 1er point, l\u2019attaque espagnole perfore la d\u00e9fense fran\u00e7aise pour mener <strong>4-1<\/strong>. Le public local, port\u00e9 par de nombreux fran\u00e7ais, pousse les Bleues pour qu\u2019elles restent dans le match. Malgr\u00e9 quelques coups d\u2019\u00e9clats, elles sont toujours derri\u00e8re au score. Et elles n\u2019ont pas de r\u00e9ponses face aux attaques adverses. Et quand en plus les tricolores commettent des erreurs, le score enfle pour des Ib\u00e8res menant alors <strong>15-10<\/strong>. Elles ont hauss\u00e9 leur niveau de jeu quand il fallait et g\u00e8rent tranquillement leur avance dans ce match, d\u2019autant plus qu\u2019en face <strong>Alexia Richard<\/strong> semble touch\u00e9e et demande un temps mort m\u00e9dical.<\/p>\n<p style=\"text-align: justify;\">Si elle revient finalement au jeu, cela ne sera pas suffisant pour renverser la vapeur.\u00a0 Le trou est trop profond pour revenir et la paire <strong>Daniela Alavarez Mendoza-Tania Moreno Matveeva<\/strong> conclut sur une attaque plac\u00e9e. Le score final, <strong>24-22, 21-13<\/strong>, est finalement anecdotique pour des Fran\u00e7aises qui ont d\u00e9j\u00e0 termin\u00e9 leur tournoi et des Espagnoles qui iront d\u00e9fendre leurs chances d\u00e8s ce jeudi en tour principal.<\/p>\n<p>Les r\u00e9actions d\u2019Alexia Richard et Laz\u00e9na Placette<\/p>\n<blockquote>\n<p style=\"text-align: justify;\">La cheville, \u00e7a va, elle a twist\u00e9 mais \u00e7a va aller. La paire espagnole, cela faisait un moment que nous ne l\u2019avions avions pas jou\u00e9e. Et malheureusement, \u00e7a ne passe pas ce soir. Sur notre 2\u00e8me set, il nous manquait du side out mais surtout de la r\u00e9gularit\u00e9 dans nos points et \u00e9changes. Et du coup, on sait pourquoi on perd. \u2013 <strong>Alexia Richard<\/strong><\/p>\n<p style=\"text-align: justify;\">Si on gagne le 1er set, c\u2019est pas la m\u00eame chose sur le second. Mais on perd les points importants sur la fin de set. En tout cas, on continue d\u2019emmagasiner de l\u2019exp\u00e9rience et tant qu\u2019on prend du plaisir \u00e0 jouer, \u00e7a ira. \u2013 <strong>Laz\u00e9na Placette<\/strong><\/p>\n<\/blockquote>\n","protected":false},"excerpt":{"rendered":"\u00c9LITE 16 MONTR\u00c9AL BEACH-VOLLEY \u2013 Malgr\u00e9 une belle r\u00e9sistance en finale des qualifications, les Fran\u00e7aises L\u00e9zana Placette et&hellip;\n","protected":false},"author":2,"featured_media":318139,"comment_status":"","ping_status":"","sticky":false,"template":"","format":"standard","meta":{"footnotes":""},"categories":[1417],"tags":[27306,2113,1011,27,60,1470,1469],"class_list":{"0":"post-318138","1":"post","2":"type-post","3":"status-publish","4":"format-standard","5":"has-post-thumbnail","7":"category-volley","8":"tag-beach-volley","9":"tag-breve","10":"tag-fr","11":"tag-france","12":"tag-sports","13":"tag-volley","14":"tag-volleyball"},"share_on_mastodon":{"url":"https:\/\/pubeurope.com\/@fr\/115026076990475854","error":""},"_links":{"self":[{"href":"https:\/\/www.europesays.com\/fr\/wp-json\/wp\/v2\/posts\/318138","targetHints":{"allow":["GET"]}}],"collection":[{"href":"https:\/\/www.europesays.com\/fr\/wp-json\/wp\/v2\/posts"}],"about":[{"href":"https:\/\/www.europesays.com\/fr\/wp-json\/wp\/v2\/types\/post"}],"author":[{"embeddable":true,"href":"https:\/\/www.europesays.com\/fr\/wp-json\/wp\/v2\/users\/2"}],"replies":[{"embeddable":true,"href":"https:\/\/www.europesays.com\/fr\/wp-json\/wp\/v2\/comments?post=318138"}],"version-history":[{"count":0,"href":"https:\/\/www.europesays.com\/fr\/wp-json\/wp\/v2\/posts\/318138\/revisions"}],"wp:featuredmedia":[{"embeddable":true,"href":"https:\/\/www.europesays.com\/fr\/wp-json\/wp\/v2\/media\/318139"}],"wp:attachment":[{"href":"https:\/\/www.europesays.com\/fr\/wp-json\/wp\/v2\/media?parent=318138"}],"wp:term":[{"taxonomy":"category","embeddable":true,"href":"https:\/\/www.europesays.com\/fr\/wp-json\/wp\/v2\/categories?post=318138"},{"taxonomy":"post_tag","embeddable":true,"href":"https:\/\/www.europesays.com\/fr\/wp-json\/wp\/v2\/tags?post=318138"}],"curies":[{"name":"wp","href":"https:\/\/api.w.org\/{rel}","templated":true}]}}