{"id":318140,"date":"2025-08-14T08:03:09","date_gmt":"2025-08-14T08:03:09","guid":{"rendered":"https:\/\/www.europesays.com\/fr\/318140\/"},"modified":"2025-08-14T08:03:09","modified_gmt":"2025-08-14T08:03:09","slug":"justice-carl-hayman-poste-une-photo-choc-dans-le-cadre-du-proces-des-commotions-cerebrales-contre-world-rugby","status":"publish","type":"post","link":"https:\/\/www.europesays.com\/fr\/318140\/","title":{"rendered":"Justice &#8211; Carl Hayman poste une photo choc dans le cadre du proc\u00e8s des commotions c\u00e9r\u00e9brales contre World Rugby"},"content":{"rendered":"<p>\n                L\u2019ancien pilier des All Blacks, Carl Hayman, choque les internautes avec la photo d\u2019une de ses blessures en carri\u00e8re sur ses r\u00e9seaux sociaux. L\u2019occasion de rappeler sa position et l\u2019objectif du proc\u00e8s des commotions c\u00e9r\u00e9brales contre World Rugby qui devrait avoir lieu en 2027.\n            <\/p>\n<p>L\u2019ancien All Black Carl Hayman a post\u00e9 ce mercredi une photo choc sur ses r\u00e9seaux sociaux de sa t\u00eate d\u00e9figur\u00e9e par une blessure au visage pendant sa carri\u00e8re. Le N\u00e9o-Z\u00e9landais alerte d\u2019un c\u00f4t\u00e9 sur les blessures c\u00e9r\u00e9brales \u00e0 r\u00e9p\u00e9tition qu\u2019il a pu subir dans sa carri\u00e8re et par la m\u00eame occasion explique son choix de se positionner contre les instances dans le proc\u00e8s en cours contre World Rugby. \u00ab\u00a0Pourquoi ai-je rejoint le proc\u00e8s contre World Rugby\u00a0?? Les joueurs professionnels ne sont pas inform\u00e9s de la v\u00e9rit\u00e9 sur la gravit\u00e9 des blessures c\u00e9r\u00e9brales r\u00e9p\u00e9titives\u00a0! [\u2026] Ma d\u00e9mence, mes probl\u00e8mes d\u2019addiction et mon bien-\u00eatre mental, sans parler de l\u2019effet sur mes enfants, et leur magnifique m\u00e8re me poussent \u00e0 r\u00e9fl\u00e9chir. Qui s\u2019occupe des joueurs actuels ?\u00a0\u00bb<\/p>\n<p>\u00a0<\/p>\n<p>[Attention, image pouvant choquer]<\/p>\n<p>\u00a0<\/p>\n<blockquote data-instgrm-captioned=\"\" data-instgrm-permalink=\"https:\/\/www.instagram.com\/p\/DNSkgxQyWC6\/?utm_source=ig_embed&amp;utm_campaign=loading\" data-instgrm-version=\"14\" style=\" background:#FFF; border:0; border-radius:3px; box-shadow:0 0 1px 0 rgba(0,0,0,0.5),0 1px 10px 0 rgba(0,0,0,0.15); margin: 1px; max-width:540px; min-width:326px; padding:0; width:99.375%; width:-webkit-calc(100% - 2px); width:calc(100% - 2px);\" data-class=\"instagram-media\"\/>\n<p>Pour rappel, en 2023, un cabinet d\u2019avocats lan\u00e7ait, au nom d\u2019un groupe de cent quatre-vingts joueurs, une action en justice contre World Rugby et la F\u00e9d\u00e9ration internationale de rugby \u00e0 XIII pour leurs responsabilit\u00e9s dans le manque de protection des joueurs face aux commotions c\u00e9r\u00e9brales et leurs r\u00e9percussions. Depuis, le dossier aurait rassembl\u00e9 plus de 1\u00a0100 anciens joueurs\u00a0pour prendre position face aux instances, parmi lesquels se trouve Carl Hayman.<\/p>\n<p>Pour le moment, pas de nouvelles avanc\u00e9es dans le dossier \u00e0 part le nombre grandissant de joueurs pr\u00eats \u00e0 t\u00e9moigner. Mais une bataille purement juridique a lieu entre les avocats des plaignants et la d\u00e9fense pour la pr\u00e9paration du proc\u00e8s. Il y a trois semaines, le juge en charge de l\u2019affaire a fait savoir aux avocats des plaignants d\u2019assumer au mieux leur r\u00f4le dans cette affaire et de coop\u00e9rer davantage avec la partie adverse.<\/p>\n<p>    Le message complet publi\u00e9 par Carl Hayman sur ses r\u00e9seaux sociaux\u00a0:<\/p>\n<p>\u00ab\u00a0Pourquoi ai-je rejoint le proc\u00e8s contre World Rugby\u00a0?? Les joueurs professionnels ne sont pas inform\u00e9s de la v\u00e9rit\u00e9 sur la gravit\u00e9 des blessures c\u00e9r\u00e9brales r\u00e9p\u00e9titives\u00a0! J\u2019ai pris note d\u2019une conversation de Rob Nichol, \u00e0 l\u2019\u00e9poque le PDG de la NZRPA (Association des joueurs de rugby n\u00e9o-z\u00e9landais) en 2000, qui disait\u00a0: \u00ab\u00a0Nous devons prendre soin des joueurs\u2026 Avec des saisons plus courtes.\u00a0\u00bb<br \/>La mort de Billy Guyton a rendu une chose \u00e9vidente. Qu&rsquo;est-ce qui a chang\u00e9 en 20 ans ? La r\u00e9ponse\u00a0: rien. NZRPA, c\u2019est une plaisanterie. Rob Nichol dit aux joueurs actuels qu\u2019il est plus s\u00fbr de jouer au football qu\u2019au rugby. Cela est tellement trompeur et met les joueurs actuels en danger pour l\u2019avenir. Au-del\u00e0 de la confusion, ma d\u00e9mence, mes probl\u00e8mes d\u2019addiction et mon bien-\u00eatre mental, sans parler de l\u2019effet sur mes enfants, leur magnifique m\u00e8re me poussent \u00e0 r\u00e9fl\u00e9chir. Qui s\u2019occupe des joueurs actuels ?\u00a0\u00bb<\/p>\n<p>                    <script async src=\"\/\/www.instagram.com\/embed.js\"><\/script><\/p>\n","protected":false},"excerpt":{"rendered":"L\u2019ancien pilier des All Blacks, Carl Hayman, choque les internautes avec la photo d\u2019une de ses blessures en&hellip;\n","protected":false},"author":2,"featured_media":318141,"comment_status":"","ping_status":"","sticky":false,"template":"","format":"standard","meta":{"footnotes":""},"categories":[1416],"tags":[1011,27,479,1468,60],"class_list":{"0":"post-318140","1":"post","2":"type-post","3":"status-publish","4":"format-standard","5":"has-post-thumbnail","7":"category-rugby","8":"tag-fr","9":"tag-france","10":"tag-rugby","11":"tag-rugby-football","12":"tag-sports"},"share_on_mastodon":{"url":"https:\/\/pubeurope.com\/@fr\/115026080796326914","error":""},"_links":{"self":[{"href":"https:\/\/www.europesays.com\/fr\/wp-json\/wp\/v2\/posts\/318140","targetHints":{"allow":["GET"]}}],"collection":[{"href":"https:\/\/www.europesays.com\/fr\/wp-json\/wp\/v2\/posts"}],"about":[{"href":"https:\/\/www.europesays.com\/fr\/wp-json\/wp\/v2\/types\/post"}],"author":[{"embeddable":true,"href":"https:\/\/www.europesays.com\/fr\/wp-json\/wp\/v2\/users\/2"}],"replies":[{"embeddable":true,"href":"https:\/\/www.europesays.com\/fr\/wp-json\/wp\/v2\/comments?post=318140"}],"version-history":[{"count":0,"href":"https:\/\/www.europesays.com\/fr\/wp-json\/wp\/v2\/posts\/318140\/revisions"}],"wp:featuredmedia":[{"embeddable":true,"href":"https:\/\/www.europesays.com\/fr\/wp-json\/wp\/v2\/media\/318141"}],"wp:attachment":[{"href":"https:\/\/www.europesays.com\/fr\/wp-json\/wp\/v2\/media?parent=318140"}],"wp:term":[{"taxonomy":"category","embeddable":true,"href":"https:\/\/www.europesays.com\/fr\/wp-json\/wp\/v2\/categories?post=318140"},{"taxonomy":"post_tag","embeddable":true,"href":"https:\/\/www.europesays.com\/fr\/wp-json\/wp\/v2\/tags?post=318140"}],"curies":[{"name":"wp","href":"https:\/\/api.w.org\/{rel}","templated":true}]}}