{"id":318145,"date":"2025-08-14T08:07:13","date_gmt":"2025-08-14T08:07:13","guid":{"rendered":"https:\/\/www.europesays.com\/fr\/318145\/"},"modified":"2025-08-14T08:07:13","modified_gmt":"2025-08-14T08:07:13","slug":"la-drole-de-vente-aux-encheres-imaginee-par-mclaren","status":"publish","type":"post","link":"https:\/\/www.europesays.com\/fr\/318145\/","title":{"rendered":"La dr\u00f4le de vente aux ench\u00e8res imagin\u00e9e par McLaren"},"content":{"rendered":"<p>McLaren Racing va bient\u00f4t proposer une vente aux ench\u00e8res pour le moins in\u00e9dite, en collaboration avec la maison RM Sotheby&rsquo;s. Le 5 d\u00e9cembre prochain, en marge du dernier Grand Prix de Formule\u00a01 de la saison \u00e0 Abu Dhabi, trois futures voitures de course de l&rsquo;\u00e9curie seront propos\u00e9es au plus offrant. Vous avez bien lu\u00a0: ces autos seront mises aux ench\u00e8res avant m\u00eame d&rsquo;avoir exist\u00e9\u00a0!<\/p>\n<p>Cette vente exceptionnelle comprendra une monoplace de la saison 2026 de Formule\u00a01, une monoplace d&rsquo;IndyCar \u00e9galement engag\u00e9e l&rsquo;ann\u00e9e prochaine, ainsi que le premier prototype LMDh de McLaren destin\u00e9 \u00e0 rouler en FIA WEC et aux 24 Heures du Mans \u00e0 partir de 2027. Les acqu\u00e9reurs prendront possession des v\u00e9hicules apr\u00e8s leur participation en course.<\/p>\n<p>L&rsquo;annonce de cette \u00e9tonnante vente aux ench\u00e8res a \u00e9t\u00e9 faite par Zak Brown, PDG de McLaren Racing, lors de la Monterey Car Week en Californie, o\u00f9 \u00e9taient expos\u00e9es une monoplace de Formule\u00a01 et une d&rsquo;IndyCar.<\/p>\n<p>L&rsquo;op\u00e9ration s&rsquo;inscrit dans le cadre de l&rsquo;ambition affich\u00e9e par McLaren de reconqu\u00e9rir la prestigieuse \u00ab\u00a0Triple couronne\u00a0\u00bb chez les constructeurs (on utilise g\u00e9n\u00e9ralement davantage le terme pour les pilotes), \u00e0 savoir la victoire au Grand Prix de Monaco, celle aux 500 Miles d&rsquo;Indianapolis et celle aux 24 Heures du Mans.<\/p>\n<p>L&rsquo;\u00e9quipe est la seule \u00e0 ce jour \u00e0 avoir compl\u00e9t\u00e9 cette collection, s&rsquo;imposant pour la premi\u00e8re fois \u00e0 Indianapolis en 1976, puis au Grand Prix de Monaco en 1984 et, enfin, aux 24 Heures du Mans en 1995.<\/p>\n<p>L&rsquo;\u00e9v\u00e9nement marquera la premi\u00e8re mise aux ench\u00e8res publique d&rsquo;une future Formule\u00a01, avant m\u00eame sa pr\u00e9sentation officielle. Outre les voitures, les acqu\u00e9reurs b\u00e9n\u00e9ficieront d&rsquo;un acc\u00e8s VIP sans pr\u00e9c\u00e9dent \u00e0 l&rsquo;\u00e9curie, y compris dans ses locaux de Woking, et \u00e0 ses activit\u00e9s en piste.\u00a0<\/p>\n<p>\u00ab\u00a0Cette vente est une opportunit\u00e9 extraordinaire de poss\u00e9der un morceau d&rsquo;histoire et d&rsquo;ench\u00e9rir sur une voiture avant sa pr\u00e9sentation officielle\u00a0\u00bb, confirme Zak Brown. \u00ab\u00a0La Triple couronne est un \u00e9l\u00e9ment central de notre histoire, et nous sommes d\u00e9termin\u00e9s \u00e0 la reconqu\u00e9rir, notamment avec notre arriv\u00e9e en WEC en 2027. Ces voitures incroyables offriront \u00e9galement \u00e0 leurs nouveaux propri\u00e9taires un acc\u00e8s privil\u00e9gi\u00e9 \u00e0 l&rsquo;\u00e9quipe.\u00a0\u00bb<\/p>\n<p>Lire aussi :<\/p>\n<p>Dans cet article<\/p>\n<p>Soyez le premier inform\u00e9 et souscrivez aux alertes mails pour recevoir les infos en temps r\u00e9el<\/p>\n<p>    S&rsquo;abonner aux alertes de news<\/p>\n","protected":false},"excerpt":{"rendered":"McLaren Racing va bient\u00f4t proposer une vente aux ench\u00e8res pour le moins in\u00e9dite, en collaboration avec la maison&hellip;\n","protected":false},"author":2,"featured_media":318146,"comment_status":"","ping_status":"","sticky":false,"template":"","format":"standard","meta":{"footnotes":""},"categories":[1412],"tags":[1451,1452,1453,1454,1455,1011,27,23056,45653,4475,60,12993],"class_list":{"0":"post-318145","1":"post","2":"type-post","3":"status-publish","4":"format-standard","5":"has-post-thumbnail","7":"category-f1","8":"tag-f1","9":"tag-formula-1","10":"tag-formula1","11":"tag-formule-1","12":"tag-formule1","13":"tag-fr","14":"tag-france","15":"tag-indycar","16":"tag-la-dru00f4le-de-vente-aux-enchu00e8res-imaginu00e9e-par-mclaren","17":"tag-mclaren","18":"tag-sports","19":"tag-wec"},"share_on_mastodon":{"url":"https:\/\/pubeurope.com\/@fr\/115026096460905506","error":""},"_links":{"self":[{"href":"https:\/\/www.europesays.com\/fr\/wp-json\/wp\/v2\/posts\/318145","targetHints":{"allow":["GET"]}}],"collection":[{"href":"https:\/\/www.europesays.com\/fr\/wp-json\/wp\/v2\/posts"}],"about":[{"href":"https:\/\/www.europesays.com\/fr\/wp-json\/wp\/v2\/types\/post"}],"author":[{"embeddable":true,"href":"https:\/\/www.europesays.com\/fr\/wp-json\/wp\/v2\/users\/2"}],"replies":[{"embeddable":true,"href":"https:\/\/www.europesays.com\/fr\/wp-json\/wp\/v2\/comments?post=318145"}],"version-history":[{"count":0,"href":"https:\/\/www.europesays.com\/fr\/wp-json\/wp\/v2\/posts\/318145\/revisions"}],"wp:featuredmedia":[{"embeddable":true,"href":"https:\/\/www.europesays.com\/fr\/wp-json\/wp\/v2\/media\/318146"}],"wp:attachment":[{"href":"https:\/\/www.europesays.com\/fr\/wp-json\/wp\/v2\/media?parent=318145"}],"wp:term":[{"taxonomy":"category","embeddable":true,"href":"https:\/\/www.europesays.com\/fr\/wp-json\/wp\/v2\/categories?post=318145"},{"taxonomy":"post_tag","embeddable":true,"href":"https:\/\/www.europesays.com\/fr\/wp-json\/wp\/v2\/tags?post=318145"}],"curies":[{"name":"wp","href":"https:\/\/api.w.org\/{rel}","templated":true}]}}