{"id":318147,"date":"2025-08-14T08:08:11","date_gmt":"2025-08-14T08:08:11","guid":{"rendered":"https:\/\/www.europesays.com\/fr\/318147\/"},"modified":"2025-08-14T08:08:11","modified_gmt":"2025-08-14T08:08:11","slug":"le-bassin-de-thau-a-velo-une-derniere-etape-pour-rejoindre-sete-depuis-bouzigues-avec-une-observation-privilegiee-des-flamants-roses","status":"publish","type":"post","link":"https:\/\/www.europesays.com\/fr\/318147\/","title":{"rendered":"Le bassin de Thau \u00e0 v\u00e9lo\u00a0: une derni\u00e8re \u00e9tape pour rejoindre S\u00e8te depuis Bouzigues, avec une observation privil\u00e9gi\u00e9e des flamants roses"},"content":{"rendered":"<p>\n                                                                Rien de tel qu\u2019une facile promenade \u00e0 v\u00e9lo pour agr\u00e9menter cette p\u00e9riode de vacances. Aujourd\u2019hui, Midi Libre propose la d\u00e9couverte d\u2019une partie du tour de l\u2019\u00e9tang de Thau, de Bouzigues \u00e0 S\u00e8te.\n                            <\/p>\n<p>Certes, le tour de l\u2019\u00e9tang de Thau \u00e0 v\u00e9lo ne fait pas passer par le village de Bouzigues. Mais pour cette derni\u00e8re \u00e9tape avant de rejoindre S\u00e8te, le cycliste est vivement encourag\u00e9 \u00e0 quitter la piste cyclable qui longe la d\u00e9partementale \u2013 et qui, avouons-le, ne pr\u00e9sente pas un tr\u00e8s grand int\u00e9r\u00eat \u2013 pour rejoindre les charmants abords de la lagune.<\/p>\n<p>Aux jolies maisons color\u00e9es serr\u00e9es les unes contre les autres, succ\u00e8de le petit port \u2013 tout aussi ravissant \u2013 o\u00f9 se trouve le mus\u00e9e ethnographique de l\u2019\u00e9tang de Thau. L\u2019occasion d\u2019en savoir plus sur le travail des conchyliculteurs ainsi que des p\u00eacheurs. La plage de la Pyramide, toute proche, permet de piquer une t\u00eate avant de remonter sur son\u00a0biclou.<\/p>\n<p>Flamants roses et zone commerciale<\/p>\n<p>De l\u00e0, on peut retourner sur ses roues pour reprendre la piste cyclable ou continuer le long de l\u2019\u00e9tang en passant sous le camping Lou Labech. Dans tous les cas, on finit par se retrouver, \u00e0 la sortie de Bouzigues, entre la lagune et la zone humide des Mouli\u00e8res. Un endroit superbe pour observer tranquillement les flamants roses et autres volatiles qui y trouvent refuge.<\/p>\n<p>Apr\u00e8s en avoir pris plein les yeux, le cycliste repart sur une longue ligne droite ombrag\u00e9e. Avant d\u2019arriver au niveau de la zone commerciale de Balaruc-le-Vieux. Loin d\u2019\u00eatre l\u2019endroit le plus glamour de cette boucle cyclo, malheureusement, ici, on ne voit ni l\u2019\u00e9tang ni une quelconque trace de nature.<\/p>\n<p>D\u00e9tour obligatoire par la Peyrade<\/p>\n<p>Un embranchement permet de faire un d\u00e9tour par Balaruc-les-Bains \u00e0 quelques kilom\u00e8tres de l\u00e0. Pour ceux dont les jambes souffrent des quelque 50\u00a0km d\u00e9j\u00e0 aval\u00e9s, il est possible de continuer tout droit. \u00c0 cet endroit, la piste cyclable passe dans une sorte de canyon, sous des ponts en pierre.<\/p>\n<p>On retrouve finalement l\u2019\u00e9tang de Thau \u00e0 notre droite, sur la grande ligne qui relie Balaruc \u00e0 Frontignan. L\u00e0, en raison des travaux de la RD2, l\u2019itin\u00e9raire conduit du c\u00f4t\u00e9 de la Peyrade, par le rond-point Salvador-Allende, derri\u00e8re les Eaux Claires pour atterrir quai des Moulins, \u00e0 l\u2019entr\u00e9e de S\u00e8te. Apr\u00e8s 55\u00a0km \u00e0 d\u00e9couvrir la lagune du sud au nord, c\u2019est le retour en \u00cele singuli\u00e8re\u00a0!<\/p>\n","protected":false},"excerpt":{"rendered":"Rien de tel qu\u2019une facile promenade \u00e0 v\u00e9lo pour agr\u00e9menter cette p\u00e9riode de vacances. Aujourd\u2019hui, Midi Libre propose&hellip;\n","protected":false},"author":2,"featured_media":318148,"comment_status":"","ping_status":"","sticky":false,"template":"","format":"standard","meta":{"footnotes":""},"categories":[1411],"tags":[1154,207,1011,27,60],"class_list":{"0":"post-318147","1":"post","2":"type-post","3":"status-publish","4":"format-standard","5":"has-post-thumbnail","7":"category-cyclisme","8":"tag-cycling","9":"tag-cyclisme","10":"tag-fr","11":"tag-france","12":"tag-sports"},"share_on_mastodon":{"url":"https:\/\/pubeurope.com\/@fr\/115026100481604446","error":""},"_links":{"self":[{"href":"https:\/\/www.europesays.com\/fr\/wp-json\/wp\/v2\/posts\/318147","targetHints":{"allow":["GET"]}}],"collection":[{"href":"https:\/\/www.europesays.com\/fr\/wp-json\/wp\/v2\/posts"}],"about":[{"href":"https:\/\/www.europesays.com\/fr\/wp-json\/wp\/v2\/types\/post"}],"author":[{"embeddable":true,"href":"https:\/\/www.europesays.com\/fr\/wp-json\/wp\/v2\/users\/2"}],"replies":[{"embeddable":true,"href":"https:\/\/www.europesays.com\/fr\/wp-json\/wp\/v2\/comments?post=318147"}],"version-history":[{"count":0,"href":"https:\/\/www.europesays.com\/fr\/wp-json\/wp\/v2\/posts\/318147\/revisions"}],"wp:featuredmedia":[{"embeddable":true,"href":"https:\/\/www.europesays.com\/fr\/wp-json\/wp\/v2\/media\/318148"}],"wp:attachment":[{"href":"https:\/\/www.europesays.com\/fr\/wp-json\/wp\/v2\/media?parent=318147"}],"wp:term":[{"taxonomy":"category","embeddable":true,"href":"https:\/\/www.europesays.com\/fr\/wp-json\/wp\/v2\/categories?post=318147"},{"taxonomy":"post_tag","embeddable":true,"href":"https:\/\/www.europesays.com\/fr\/wp-json\/wp\/v2\/tags?post=318147"}],"curies":[{"name":"wp","href":"https:\/\/api.w.org\/{rel}","templated":true}]}}