{"id":318153,"date":"2025-08-14T08:11:43","date_gmt":"2025-08-14T08:11:43","guid":{"rendered":"https:\/\/www.europesays.com\/fr\/318153\/"},"modified":"2025-08-14T08:11:43","modified_gmt":"2025-08-14T08:11:43","slug":"un-photographe-argentique-ambulant-sur-le-chemin-de-stevenson","status":"publish","type":"post","link":"https:\/\/www.europesays.com\/fr\/318153\/","title":{"rendered":"Un photographe argentique ambulant sur le chemin de Stevenson"},"content":{"rendered":"<p>\n                                                                Depuis plusieurs jours, l\u2019artiste Fakele a pos\u00e9 ses valises pour cinq jours au Bleymard afin de photographier les marcheurs de passage sur le chemin de Stevenson. Mais pas avec n\u2019importe quel appareil photo.\n                            <\/p>\n<p>Depuis le d\u00e9but de la semaine, Kevin \u2013 Fakele de son nom d\u2019artiste \u2013 intrigue les passants avec son dr\u00f4le d\u2019appareil photo. Une machine \u00e0 soufflet \u00e0 l\u2019ancienne, dans une caisse, recouverte d\u2019une toile, qui fait \u00e0 la fois appareil et labo photo.\u00a0\u00ab\u00a0Ce type d\u2019appareil, \u00e7a n\u2019a jamais \u00e9t\u00e9 produit en s\u00e9rie. On appelait ceux qui l\u2019utilisaient les photographes ambulants, explique Fakele. C\u2019\u00e9tait un petit m\u00e9tier de rue qui a exist\u00e9 aux alentours de 1900, et c\u2019\u00e9tait souvent des appareils fabriqu\u00e9s par les propres photographes.\u00a0\u00bb<\/p>\n<p>Des clich\u00e9s argentiques (presque) instantan\u00e9s<\/p>\n<p>L\u2019appareil permet d\u2019obtenir un clich\u00e9 en \u201cseulement\u201d une dizaine de minutes. Un temps qui peut para\u00eetre long \u00e0 l\u2019\u00e8re des smartphones, mais qui est extr\u00eamement rapide par rapport \u00e0 l\u2019\u00e9poque o\u00f9 ce proc\u00e9d\u00e9 a \u00e9t\u00e9 invent\u00e9. D\u00e9velopper une pellicule prend en effet entre 1 h et 1\u00a0h\u00a030. Mais Fakele emploie un autre proc\u00e9d\u00e9\u00a0: \u00ab\u00a0La sp\u00e9cificit\u00e9, c\u2019est qu\u2019on utilise du papier argentique \u00e0 la place de la pellicule. Normalement, ce papier est vraiment fait pour r\u00e9aliser des tirages d\u2019exposition. Mais nous, on s\u2019en sert comme mani\u00e8re de prise de vue, d\u2019obtenir le n\u00e9gatif.\u00a0\u00bb\u00a0Pour obtenir le clich\u00e9 final, Fakele doit donc \u00ab\u00a0reprendre en photo la photo\u00a0\u00bb et obtient ainsi un n\u00e9gatif du n\u00e9gatif. Le r\u00e9sultat\u00a0? Un superbe clich\u00e9 en noir et blanc.<\/p>\n<p>Mais Fakele ne prend pas n\u2019importe qui en photo. Apr\u00e8s avoir fait le chemin de Stevenson seul l\u2019an dernier, il a d\u00e9cid\u00e9 cette ann\u00e9e d\u2019immortaliser les randonneurs qui le traversent.\u00a0\u00a0\u00bb\u00a0J\u2019ai cr\u00e9\u00e9 beaucoup de liens avec des personnes sur ce chemin. Au d\u00e9but, mes photos \u00e9taient tr\u00e8s centr\u00e9es sur le paysage.\u00a0Et au fur et \u00e0 mesure, je me suis vraiment dirig\u00e9 vers du portrait.\u00a0C\u2019est pour \u00e7a que je suis revenu pour continuer ce projet.\u00a0\u00bb<\/p>\n<p>\u00ab\u00a0Pour moi, ce qui est attendu est plus appr\u00e9ci\u00e9\u00a0\u00bb<\/p>\n<p>Apr\u00e8s avoir pass\u00e9 quatre jours en Haute-Loire, o\u00f9 il a pris une dizaine de clich\u00e9s par jour, Fakele continue donc son bout de chemin au Bleymard, jusqu\u2019au vendredi 8\u00a0ao\u00fbt 2025. Il ira ensuite \u00e0 Saint-Jean-du-Gard, o\u00f9 les marcheurs qu\u2019il a photographi\u00e9s pourront obtenir leur portrait.\u00a0\u00ab\u00a0Pour moi, ce qui est attendu est plus appr\u00e9ci\u00e9, sourit\u00a0l\u2019artiste.\u00a0Le but, c\u2019est vraiment d\u2019attendre\u00a0et d\u2019aller dans ces valeurs de la marche, qui sont de prendre le temps, de revenir \u00e0 quelque chose de plus simple.\u00a0\u00bb Les randonneurs de Haute-Loire qu\u2019il\u00a0retrouve au Bleymard peuvent donc r\u00e9cup\u00e9rer la prise de vue effectu\u00e9e quelques jours auparavant. Un souvenir unique.<\/p>\n<p>\u00ab\u00a0\u00c0 travers son travail photographique, l\u2019artiste choisit de capturer l\u2019essence des choses simples, la r\u00e9alit\u00e9 d\u2019un chemin et surtout les motivations personnelles\u00a0qui \u00e9manent de chaque marcheur qu\u2019il rencontre, souligne\u00a0Lucie Guillot, charg\u00e9e des relations presse au comit\u00e9 d\u00e9partemental du tourisme. Nous avons choisi de l\u2019accompagner, parce qu\u2019encourager une telle d\u00e9marche, c\u2019est aussi d\u00e9fendre l\u2019authenticit\u00e9 et la richesse de notre territoire.\u00a0\u00bb<\/p>\n<p>Avec la mati\u00e8re r\u00e9colt\u00e9e, que ce soit les photos ou les t\u00e9moignages, Fakele esp\u00e8re aller plus loin en proposant une exposition ou un livre.\u00a0\u00ab\u00a0Je suis aussi en\u00a0recherche de gens qui voudront soutenir ce projet, qui sont int\u00e9ress\u00e9s par ce fond\u00a0photographique et qu\u2019on imagine ensemble la suite.\u00a0\u00bb<\/p>\n","protected":false},"excerpt":{"rendered":"Depuis plusieurs jours, l\u2019artiste Fakele a pos\u00e9 ses valises pour cinq jours au Bleymard afin de photographier les&hellip;\n","protected":false},"author":2,"featured_media":318154,"comment_status":"","ping_status":"","sticky":false,"template":"","format":"standard","meta":{"footnotes":""},"categories":[1358],"tags":[1348,1384,1385,1386,58,59,1011,27],"class_list":{"0":"post-318153","1":"post","2":"type-post","3":"status-publish","4":"format-standard","5":"has-post-thumbnail","7":"category-arts-et-design","8":"tag-arts","9":"tag-arts-and-design","10":"tag-arts-et-design","11":"tag-design","12":"tag-divertissement","13":"tag-entertainment","14":"tag-fr","15":"tag-france"},"share_on_mastodon":{"url":"https:\/\/pubeurope.com\/@fr\/115026112460045504","error":""},"_links":{"self":[{"href":"https:\/\/www.europesays.com\/fr\/wp-json\/wp\/v2\/posts\/318153","targetHints":{"allow":["GET"]}}],"collection":[{"href":"https:\/\/www.europesays.com\/fr\/wp-json\/wp\/v2\/posts"}],"about":[{"href":"https:\/\/www.europesays.com\/fr\/wp-json\/wp\/v2\/types\/post"}],"author":[{"embeddable":true,"href":"https:\/\/www.europesays.com\/fr\/wp-json\/wp\/v2\/users\/2"}],"replies":[{"embeddable":true,"href":"https:\/\/www.europesays.com\/fr\/wp-json\/wp\/v2\/comments?post=318153"}],"version-history":[{"count":0,"href":"https:\/\/www.europesays.com\/fr\/wp-json\/wp\/v2\/posts\/318153\/revisions"}],"wp:featuredmedia":[{"embeddable":true,"href":"https:\/\/www.europesays.com\/fr\/wp-json\/wp\/v2\/media\/318154"}],"wp:attachment":[{"href":"https:\/\/www.europesays.com\/fr\/wp-json\/wp\/v2\/media?parent=318153"}],"wp:term":[{"taxonomy":"category","embeddable":true,"href":"https:\/\/www.europesays.com\/fr\/wp-json\/wp\/v2\/categories?post=318153"},{"taxonomy":"post_tag","embeddable":true,"href":"https:\/\/www.europesays.com\/fr\/wp-json\/wp\/v2\/tags?post=318153"}],"curies":[{"name":"wp","href":"https:\/\/api.w.org\/{rel}","templated":true}]}}