{"id":318157,"date":"2025-08-14T08:13:20","date_gmt":"2025-08-14T08:13:20","guid":{"rendered":"https:\/\/www.europesays.com\/fr\/318157\/"},"modified":"2025-08-14T08:13:20","modified_gmt":"2025-08-14T08:13:20","slug":"audiences-diffuse-en-prime-sur-tf1-sentinelle-le-film-damazon-prime-video-avec-jonathan-cohen-a-t-il-reussi-a-battre-astrid-et-raphaelle-sur-france-2","status":"publish","type":"post","link":"https:\/\/www.europesays.com\/fr\/318157\/","title":{"rendered":"Audiences : Diffus\u00e9 en prime sur TF1, \u00ab\u00a0Sentinelle\u00a0\u00bb, le film d&rsquo;Amazon Prime Video avec Jonathan Cohen, a-t-il r\u00e9ussi \u00e0 battre \u00ab\u00a0Astrid et Rapha\u00eblle\u00a0\u00bb sur France 2 ?"},"content":{"rendered":"<p>            <img loading=\"lazy\" decoding=\"async\" src=\"https:\/\/www.europesays.com\/fr\/wp-content\/uploads\/2025\/04\/62-634431c674c20-35x35-1.jpg\" class=\"author-article-picture\" width=\"35\" height=\"35\"\/><\/p>\n<p>                Par<br \/>\n                                    <a class=\"author-article-bio-link\" href=\"https:\/\/www.ozap.com\/auteur\/benjamin-rabier_a62\" rel=\"nofollow noopener\" target=\"_blank\">Benjamin Rabier<\/a><br \/>\n                                                    | R\u00e9dacteur en chef<\/p>\n<p>\n                Addict aux audiences, Benjamin Rabier a chopp\u00e9 le virus de la t\u00e9l\u00e9vision gr\u00e2ce \u00e0 la \u00ab\u00a0Star Academy\u00a0\u00bb. Intrigu\u00e9 par l\u2019envers du d\u00e9cor, il a d\u00e9cid\u00e9 d\u2019en faire son m\u00e9tier. 20 ans plus tard, s\u2019il ne rate (presque) jamais un prime de \u00ab\u00a0The Voice\u00a0\u00bb, il peut vibrer devant une comp\u00e9tition sportive, se passionner pour un documentaire ou d\u00e9vorer une s\u00e9rie en un week-end.\n            <\/p>\n<p>\n    \u00ab\u00a0Sentinelle\u00a0\u00bb, \u00ab\u00a0Astrid et Rapha\u00eblle\u00a0\u00bb, \u00ab\u00a0Secrets d&rsquo;histoire\u00a0\u00bb, \u00ab\u00a0Arnaques\u00a0\u00bb&#8230; \u00ab\u00a0Les audiences de la soir\u00e9e du mercredi 13 ao\u00fbt 2025.\n<\/p>\n<p>                            <img loading=\"lazy\" decoding=\"async\" class=\"player-thumbnail\" src=\"https:\/\/www.europesays.com\/fr\/wp-content\/uploads\/2025\/08\/63a7784a1b47a703-580x326-2.png\" width=\"580\" height=\"326\"\/><\/p>\n<p>                    Comment sont mesur\u00e9es les audiences t\u00e9l\u00e9 ?<\/p>\n<p>La suite apr\u00e8s la publicit\u00e9<\/p>\n<p>                            <img decoding=\"async\" class=\"article-audience-img\" src=\"https:\/\/www.europesays.com\/fr\/wp-content\/uploads\/2025\/04\/2.jpg\" alt=\"France 2\"\/><\/p>\n<p>\n                    ASTRID ET RAPHAELLE \\ NATIFS<br \/>\n                    SERIE\n                <\/p>\n<p>\n                    2 543 000 t\u00e9l\u00e9spectateurs\n                <\/p>\n<p>                            <img decoding=\"async\" class=\"article-audience-img\" src=\"https:\/\/www.europesays.com\/fr\/wp-content\/uploads\/2025\/04\/1.jpg\" alt=\"TF1\"\/><\/p>\n<p>\n                    SENTINELLE<br \/>\n                    TELEFILM\n                <\/p>\n<p>\n                    1 711 000 t\u00e9l\u00e9spectateurs\n                <\/p>\n<p>                            <img decoding=\"async\" class=\"article-audience-img\" src=\"https:\/\/www.europesays.com\/fr\/wp-content\/uploads\/2025\/04\/3.jpg\" alt=\"France 3\"\/><\/p>\n<p>\n                    SECRETS D&rsquo;HISTOIRE \\ MARIE-MADELEINE SI PRES DE JESUS&#8230;<br \/>\n                    MAGAZINE\n                <\/p>\n<p>\n                    1 405 000 t\u00e9l\u00e9spectateurs\n                <\/p>\n<p>                            <img decoding=\"async\" class=\"article-audience-img\" src=\"https:\/\/www.europesays.com\/fr\/wp-content\/uploads\/2025\/04\/4.jpg\" alt=\"Canal+\"\/><\/p>\n<p>\n                    EMISSIONS CRYPTEES<br \/>\n                    AUTRES\n                <\/p>\n<p>\n                    1 469 000 t\u00e9l\u00e9spectateurs\n                <\/p>\n<p>                            <img decoding=\"async\" class=\"article-audience-img\" src=\"https:\/\/www.europesays.com\/fr\/wp-content\/uploads\/2025\/04\/6.jpg\" alt=\"M6\"\/><\/p>\n<p>\n                    ARNAQUES<br \/>\n                    MAGAZINE\n                <\/p>\n<p>\n                    1 234 000 t\u00e9l\u00e9spectateurs\n                <\/p>\n<p>    M\u00e9diam\u00e9trie &#8211; M\u00e9diamat ; reproduction interdite, tous droits r\u00e9serv\u00e9s par M\u00e9diam\u00e9trie<\/p>\n<p>Mercredi soir, France 2 est arriv\u00e9e en t\u00eate des audiences de la soir\u00e9e avec des rediffusions de la saison 3 de la s\u00e9rie \u00ab\u00a0<a href=\"https:\/\/www.ozap.com\/actu\/audiences-apres-une-saison-4-historique-quel-bilan-pour-astrid-et-raphaelle-saison-5-sur-france-2\/648067\" rel=\"nofollow noopener\" target=\"_blank\">Astrid et Rapha\u00eblle<\/a>\u00ab\u00a0. Deux enqu\u00eates men\u00e9es par leurs interpr\u00e8tes, <a href=\"https:\/\/www.ozap.com\/actu\/astrid-et-raphaelle-france-2-annonce-enfin-la-date-de-diffusion-de-la-saison-5-de-sa-serie-a-succes-avec-sara-mortensen-et-lola-dewaere\/647241\" rel=\"nofollow noopener\" target=\"_blank\">Sara Mortensen<\/a> et <a href=\"https:\/\/www.ozap.com\/actu\/audiences-joseph-avec-lucien-jean-baptiste-a-t-elle-fait-mieux-que-mademoiselle-holmes-avec-lola-dewaere-et-panda-avec-julien-dore-sur-tf1\/649285\" rel=\"nofollow noopener\" target=\"_blank\">Lola Dewaere<\/a>, ont intrigu\u00e9 en moyenne<strong> 2,38 millions<\/strong> de t\u00e9l\u00e9spectateurs entre 21h05 et 22h51, selon M\u00e9diam\u00e9trie. Cela repr\u00e9sente <strong>16,8%<\/strong> des individus \u00e2g\u00e9s de quatre ans et plus et <strong>6%<\/strong> des Femmes responsables des achats \u00e2g\u00e9es de moins de 50 ans (FRDA-50). La semaine derni\u00e8re, deux rediffusions de la s\u00e9rie \u00e0 succ\u00e8s avaient attir\u00e9 2,45 millions de t\u00e9l\u00e9spectateurs (18,6% du public et 8,4% des FRDA-50).<\/p>\n<p>TF1 et M6 au coude \u00e0 coude sur cibles<\/p>\n<p>TF1 arrive deuxi\u00e8me avec \u00ab\u00a0Sentinelle\u00a0\u00bb. Ce film sorti sur Amazon Prime Video en 2023 avec <a href=\"https:\/\/www.ozap.com\/personnalite\/jonathan-cohen_e164107\" rel=\"nofollow noopener\" target=\"_blank\">Jonathan Cohen<\/a> a diverti <strong>1,71 million <\/strong>de t\u00e9l\u00e9spectateurs, soit <strong>12,3%<\/strong> du public et <strong>17,7%<\/strong> des femmes responsables des achats de moins de cinquante ans, cible sur laquelle la Une \u00e9tait leader. La semaine derni\u00e8re, \u00ab\u00a0Jos\u00e9phine s&rsquo;arrondit\u00a0\u00bb (2015) de et avec <a href=\"https:\/\/www.ozap.com\/personnalite\/marilou-berry_e449\" rel=\"nofollow noopener\" target=\"_blank\">Marilou Berry<\/a> mais aussi <a href=\"https:\/\/www.ozap.com\/actu\/audiences-quel-score-pour-le-lancement-de-la-derniere-saison-de-hpi-la-serie-phenomene-avec-audrey-fleurot-et-mehdi-nebbou-sur-tf1\/649924\" rel=\"nofollow noopener\" target=\"_blank\">Mehdi Nebbou<\/a>, Medi Sadoun, <a href=\"https:\/\/www.ozap.com\/personnalite\/victoria-abril_e858\" rel=\"nofollow noopener\" target=\"_blank\">Victoria Abril<\/a> et <a href=\"https:\/\/www.ozap.com\/actu\/laurent-ruquier-josiane-balasko-ava-djamshidi-decouvrez-la-premiere-grille-des-programmes-de-lhistoire-de-t18\/650020\" rel=\"nofollow noopener\" target=\"_blank\">Josiane Balasko<\/a> avait diverti 1,43 million de t\u00e9l\u00e9spectateurs, soit 11,1% des 4 ans et plus et 19,4% des FRDA-50.<\/p>\n<p>France 3 finit troisi\u00e8me avec \u00ab\u00a0Secrets d&rsquo;histoire\u00a0\u00bb. Une rediffusion du magazine pr\u00e9sent\u00e9 par St\u00e9phane Bern, sur le th\u00e8me \u00ab\u00a0Marie-Madeleine : si pr\u00e8s de J\u00e9sus&#8230;\u00a0\u00bb, a int\u00e9ress\u00e9 <strong>1,40 million<\/strong> de t\u00e9l\u00e9spectateurs entre 21h06 et 23h01, ce qui \u00e9quivaut \u00e0 <strong>10,1%<\/strong> des 4+ et <strong>6%<\/strong> des FRDA-50. <a href=\"https:\/\/www.ozap.com\/actu\/audiences-france-2-leader-sans-eclat-la-guerre-des-restos-fait-du-bien-a-top-chef-sur-m6-qui-bat-greys-anatomy-sur-tf1\/650031\" rel=\"nofollow noopener\" target=\"_blank\">Le mercredi 21 mai 2025<\/a>, le pr\u00e9c\u00e9dent num\u00e9ro in\u00e9dit de la marque avait int\u00e9ress\u00e9 1,86 million de t\u00e9l\u00e9spectateurs (11,2% du public, 4,8% des 25-49 ans et 4,8% des FRDA-50). La semaine derni\u00e8re, une rediffusion consacr\u00e9e \u00e0 \u00ab\u00a0Vercing\u00e9torix, le premier des Gaulois\u00a0\u00bb, avait passionn\u00e9 1,15 million de t\u00e9l\u00e9spectateurs (<strong>9,0%<\/strong> des 4+ et <strong>6,6%<\/strong> des FRDA-50)<\/p>\n<p>M6 \u00e9choue au pied du podium avec \u00ab\u00a0<a href=\"https:\/\/www.ozap.com\/actu\/une-emission-diffusee-quand-il-y-a-du-tres-lourd-chez-la-concurrence-pourquoi-arnaques-et-julien-courbet-sont-ballottes-dans-la-grille-de-m6\/650674\" rel=\"nofollow noopener\" target=\"_blank\">Arnaques<\/a>\u00ab\u00a0, le magazine pr\u00e9sent\u00e9 par <a href=\"https:\/\/www.ozap.com\/actu\/julien-courbet-je-prefere-que-lon-dise-de-moi-que-je-suis-le-zorro-du-paf-quun-idiot-de-la-tele\/650479\" rel=\"nofollow noopener\" target=\"_blank\">Julien Courbet<\/a>. Une rediffusion de l&rsquo;\u00e9mission a s\u00e9duit <strong>1,23 million d&rsquo;amateurs <\/strong>du genre, soit <strong>8,3%<\/strong> des individus \u00e2g\u00e9s de quatre ans et plus et <strong>17,1%<\/strong> des Femmes responsables des achats \u00e2g\u00e9es de moins de 50 ans (FRDA-50).\u00a0<\/p>\n<p>Du c\u00f4t\u00e9 des autres cha\u00eenes, France 5 tire son \u00e9pingle du jeu avec \u00ab\u00a0Les avions du bout du monde\u00a0\u00bb. Consacr\u00e9 \u00e0 Madagascar, le programme a s\u00e9duit <strong>566.000 t\u00e9l\u00e9spectateurs<\/strong> (<strong>3,7%<\/strong> du public, <strong>0,8%<\/strong> des FRDA-50)<\/p>\n<p>D\u00e9ception pour Rapha\u00ebl Quenard sur Arte<\/p>\n<p>Arte s&rsquo;installe en sixi\u00e8me position avec \u00ab\u00a0Le chien de la casse\u00a0\u00bb. R\u00e9alis\u00e9e par Jean-Baptiste Durand et avec <a href=\"https:\/\/www.ozap.com\/actu\/audiences-access-20h-raphael-quenard-fait-du-bien-aux-audiences-de-quotidien-sur-tmc-anne-sophie-lapix-reduit-lecart-avec-gilles-bouleau\/650442\" rel=\"nofollow noopener\" target=\"_blank\">Rapha\u00ebl Quenard <\/a>cette com\u00e9die dramatique sortie en 2023 a convaincu <strong>546.000<\/strong> cin\u00e9philes, soit<strong> 3,7%<\/strong> des 4+ et <strong>1,6% <\/strong>des FRDA-50. Une petite d\u00e9ception. La semaine derni\u00e8re, Arte avait d\u00e9j\u00e0 fait sensation en arrivant en deuxi\u00e8me position de la soir\u00e9e gr\u00e2ce au film \u00ab\u00a0Le sang \u00e0 la t\u00eate\u00a0\u00bb (1956). Ce drame de Gilles Grangier avec Jean Gabin, Ren\u00e9e Faure et Paul Aza\u00efs avait \u00e9mu 1,46 million de t\u00e9l\u00e9spectateurs entre 20h58 et 22h21, ce qui \u00e9quivaut \u00e0<strong> <\/strong>10,6% des 4+ et<strong> <\/strong>0,2% des FRDA-50.<\/p>\n<p>                            <img decoding=\"async\" class=\"article-audience-img\" src=\"https:\/\/www.europesays.com\/fr\/wp-content\/uploads\/2025\/04\/534.jpg\" alt=\"France 5\"\/><\/p>\n<p>\n                    LES AVIONS DU BOUT DU MONDE \\ MADAGASCAR LE TAXI-BROUSSE DES AIRS<br \/>\n                    DOCUMENTAIRE\n                <\/p>\n<p>\n                    566 000 t\u00e9l\u00e9spectateurs\n                <\/p>\n<p>                            <img decoding=\"async\" class=\"article-audience-img\" src=\"https:\/\/www.europesays.com\/fr\/wp-content\/uploads\/2025\/04\/533.jpg\" alt=\"Arte\"\/><\/p>\n<p>\n                    CHIEN DE LA CASSE<br \/>\n                    FILM\n                <\/p>\n<p>\n                    546 000 t\u00e9l\u00e9spectateurs\n                <\/p>\n<p>                            <img decoding=\"async\" class=\"article-audience-img\" src=\"https:\/\/www.europesays.com\/fr\/wp-content\/uploads\/2025\/04\/13.jpg\" alt=\"TMC\"\/><\/p>\n<p>\n                    UNE FAMILLE EN OR &#8211; TMC &#8211;<br \/>\n                    JEU\n                <\/p>\n<p>\n                    423 000 t\u00e9l\u00e9spectateurs\n                <\/p>\n<p>                            <img decoding=\"async\" class=\"article-audience-img\" src=\"https:\/\/www.europesays.com\/fr\/wp-content\/uploads\/2025\/04\/532.jpg\" alt=\"Gulli\"\/><\/p>\n<p>\n                    LES 100 VIDEOS QUI ONT FAIT RIRE LE MONDE \\ SPECIALE LES ANIMAUX PETENT LES PLOMBS<br \/>\n                    HUMOUR\n                <\/p>\n<p>\n                    370 000 t\u00e9l\u00e9spectateurs\n                <\/p>\n<p>                            <img decoding=\"async\" class=\"article-audience-img\" src=\"https:\/\/www.europesays.com\/fr\/wp-content\/uploads\/2025\/04\/336.jpg\" alt=\"W9\"\/><\/p>\n<p>\n                    ENQUETE D&rsquo;ACTION \\ ACCIDENTS DE LA ROUTE CHUTES GRAVES<br \/>\n                    MAGAZINE\n                <\/p>\n<p>\n                    337 000 t\u00e9l\u00e9spectateurs\n                <\/p>\n<p>                            <img decoding=\"async\" class=\"article-audience-img\" src=\"https:\/\/www.europesays.com\/fr\/wp-content\/uploads\/2025\/04\/727.jpg\" alt=\"RMC D\u00e9couverte\"\/><\/p>\n<p>\n                    RAFALE LES SECRETS DE L AVION STAR DE L&rsquo;ARMEE<br \/>\n                    DOCUMENTAIRE\n                <\/p>\n<p>\n                    333 000 t\u00e9l\u00e9spectateurs\n                <\/p>\n<p>                            <img decoding=\"async\" class=\"article-audience-img\" src=\"https:\/\/www.europesays.com\/fr\/wp-content\/uploads\/2025\/04\/728.jpg\" alt=\"Ch\u00e9rie 25\"\/><\/p>\n<p>\n                    THE CLOSER L.A. ENQUETES PRIORITAIRES<br \/>\n                    SERIE\n                <\/p>\n<p>\n                    259 000 t\u00e9l\u00e9spectateurs\n                <\/p>\n<p>                            <img decoding=\"async\" class=\"article-audience-img\" src=\"https:\/\/www.europesays.com\/fr\/wp-content\/uploads\/2025\/04\/43.jpg\" alt=\"TFX\"\/><\/p>\n<p>\n                    INCROYABLES MARIAGES GITANS \\ BLING-BLING TRADITIONS ET DEMESURE<br \/>\n                    DOCUMENTAIRE\n                <\/p>\n<p>\n                    239 000 t\u00e9l\u00e9spectateurs\n                <\/p>\n<p>                            <img decoding=\"async\" class=\"article-audience-img\" src=\"https:\/\/www.europesays.com\/fr\/wp-content\/uploads\/2025\/04\/499.jpg\" alt=\"CSTAR\"\/><\/p>\n<p>\n                    LE GRAND BETISIER &#8211; CSTAR &#8211; \\ EDITION 2025<br \/>\n                    HUMOUR\n                <\/p>\n<p>\n                    230 000 t\u00e9l\u00e9spectateurs\n                <\/p>\n<p>                            <img decoding=\"async\" class=\"article-audience-img\" src=\"https:\/\/www.europesays.com\/fr\/wp-content\/uploads\/2025\/04\/725.jpg\" alt=\"6ter\"\/><\/p>\n<p>\n                    LA VIE SECRETE DES SUPERMARCHES<br \/>\n                    DOCUMENTAIRE\n                <\/p>\n<p>\n                    163 000 t\u00e9l\u00e9spectateurs\n                <\/p>\n<p>                            <img decoding=\"async\" class=\"article-audience-img\" src=\"https:\/\/www.europesays.com\/fr\/wp-content\/uploads\/2025\/04\/723.jpg\" alt=\"TF1 Series Film\"\/><\/p>\n<p>\n                    CONVOI EXCEPTIONNEL<br \/>\n                    FILM\n                <\/p>\n<p>\n                    161 000 t\u00e9l\u00e9spectateurs\n                <\/p>\n<p>                            <img decoding=\"async\" class=\"article-audience-img\" src=\"https:\/\/www.europesays.com\/fr\/wp-content\/uploads\/2025\/04\/726.jpg\" alt=\"RMC Story\"\/><\/p>\n<p>\n                    100 JOURS AVEC LES GENDARMES DU MEDOC \\ CANNABIS DELIT DE FUITE ET CHAUFFARDS<br \/>\n                    DOCUMENTAIRE\n                <\/p>\n<p>\n                    126 000 t\u00e9l\u00e9spectateurs\n                <\/p>\n<p>    M\u00e9diam\u00e9trie &#8211; M\u00e9diamat ; reproduction interdite, tous droits r\u00e9serv\u00e9s par M\u00e9diam\u00e9trie<\/p>\n","protected":false},"excerpt":{"rendered":"Par Benjamin Rabier | R\u00e9dacteur en chef Addict aux audiences, Benjamin Rabier a chopp\u00e9 le virus de la&hellip;\n","protected":false},"author":2,"featured_media":318158,"comment_status":"","ping_status":"","sticky":false,"template":"","format":"standard","meta":{"footnotes":""},"categories":[1356],"tags":[58,59,1011,27,252,1364],"class_list":{"0":"post-318157","1":"post","2":"type-post","3":"status-publish","4":"format-standard","5":"has-post-thumbnail","7":"category-television","8":"tag-divertissement","9":"tag-entertainment","10":"tag-fr","11":"tag-france","12":"tag-television","13":"tag-tv"},"share_on_mastodon":{"url":"https:\/\/pubeurope.com\/@fr\/115026121548410199","error":""},"_links":{"self":[{"href":"https:\/\/www.europesays.com\/fr\/wp-json\/wp\/v2\/posts\/318157","targetHints":{"allow":["GET"]}}],"collection":[{"href":"https:\/\/www.europesays.com\/fr\/wp-json\/wp\/v2\/posts"}],"about":[{"href":"https:\/\/www.europesays.com\/fr\/wp-json\/wp\/v2\/types\/post"}],"author":[{"embeddable":true,"href":"https:\/\/www.europesays.com\/fr\/wp-json\/wp\/v2\/users\/2"}],"replies":[{"embeddable":true,"href":"https:\/\/www.europesays.com\/fr\/wp-json\/wp\/v2\/comments?post=318157"}],"version-history":[{"count":0,"href":"https:\/\/www.europesays.com\/fr\/wp-json\/wp\/v2\/posts\/318157\/revisions"}],"wp:featuredmedia":[{"embeddable":true,"href":"https:\/\/www.europesays.com\/fr\/wp-json\/wp\/v2\/media\/318158"}],"wp:attachment":[{"href":"https:\/\/www.europesays.com\/fr\/wp-json\/wp\/v2\/media?parent=318157"}],"wp:term":[{"taxonomy":"category","embeddable":true,"href":"https:\/\/www.europesays.com\/fr\/wp-json\/wp\/v2\/categories?post=318157"},{"taxonomy":"post_tag","embeddable":true,"href":"https:\/\/www.europesays.com\/fr\/wp-json\/wp\/v2\/tags?post=318157"}],"curies":[{"name":"wp","href":"https:\/\/api.w.org\/{rel}","templated":true}]}}