{"id":318159,"date":"2025-08-14T08:14:10","date_gmt":"2025-08-14T08:14:10","guid":{"rendered":"https:\/\/www.europesays.com\/fr\/318159\/"},"modified":"2025-08-14T08:14:10","modified_gmt":"2025-08-14T08:14:10","slug":"naza-boleman-r2-de-gros-noms-a-laffiche-de-ce-festival-gratuit-en-essonne-voici-ou-et-quand","status":"publish","type":"post","link":"https:\/\/www.europesays.com\/fr\/318159\/","title":{"rendered":"Naza, Boleman, R2&#8230; de gros noms \u00e0 l&rsquo;affiche de ce festival gratuit en Essonne, voici o\u00f9 et quand"},"content":{"rendered":"<p>            Par<br \/>\n        <strong><br \/>\n            <a href=\"https:\/\/actu.fr\/auteur\/glenn-gillet\" title=\"Consulter tous les articles de Glenn Gillet\" target=\"_blank\" rel=\"noopener\">Glenn Gillet<\/a><br \/>\n        <\/strong><\/p>\n<p>        Publi\u00e9 le<\/p>\n<p>            13 ao\u00fbt 2025 \u00e0 16h02        <\/p>\n<p><a href=\"https:\/\/actu.fr\/ile-de-france\/grigny_91286\/essonne-grands-noms-de-la-scene-rap-r-n-b-et-artistes-locaux-le-mon-festival-de-retour-a-grigny_53278207.html\" target=\"_blank\" rel=\"noopener\">\u00ab\u2009Mon Festival\u2009\u00bb<\/a> f\u00eate ses quinze en beaut\u00e9. L\u2019\u00e9v\u00e9nement culturel phare de <strong>Grigny<\/strong> (Essonne), qui s\u2019est fait conna\u00eetre en programmant des <strong>gros noms<\/strong> de la sc\u00e8ne <a href=\"https:\/\/actu.fr\/tag\/rap\" target=\"_blank\" rel=\"noopener\">rap<\/a> et RnB, revient vendredi\u00a029 et samedi 30\u00a0ao\u00fbt 2025 pour deux jours pleins de <a href=\"https:\/\/actu.fr\/loisirs-culture\/concert\" target=\"_blank\" rel=\"noopener\">concerts<\/a> en plein air, <strong>gratuits<\/strong> et survolt\u00e9s.<\/p>\n<p>Rap, RnB, pop, jazz\u2026<\/p>\n<p class=\" wall-content\">Mze Bastoi, le directeur du label BlockOut Music, organisateur de l\u2019\u00e9v\u00e9nement, a \u00e9grain\u00e9 sur les r\u00e9seaux sociaux les noms des artistes et groupes qui viendront se produire au <strong>Parc des sports de la rue Condorcet<\/strong>, dans le sud de Grigny du c\u00f4t\u00e9 de la zone artisanale et commerciale (ZAC) des Radars.<\/p>\n<p class=\" wall-content\">Parmi les plus grosses personnalit\u00e9s, on attend le chanteur et rappeur <strong>Naza<\/strong>, qui a sorti son nouvel album D\u00e9g\u00e2t mi-juillet, le rappeur <strong>R2<\/strong>, qui a grandi en partie \u00e0 Brunoy (Essonne) et qui a publi\u00e9 fin juin une r\u00e9\u00e9dition de son album \u00e0 succ\u00e8s 7\/7, ou encore une autre star du rap francilien, le rappeur <strong>Boleman<\/strong>.<\/p>\n<p>    <a href=\"https:\/\/www.facebook.com\/plugins\/post.php?href=https%3A%2F%2Fwww.facebook.com%2Fbastoi.mze%2Fposts%2Fpfbid0e6cef2V5xoEgymDc1ZzG3y7GPsentGwxDD3VtwNkkoZwv7vyx2TJwfo5iw6cygerl&amp;show_text=true&amp;width=350\" title=\"Ouvrie le lien\" target=\"_blank\" rel=\"noopener\">Cliquez ici pour visualiser le contenu<\/a><\/p>\n<p class=\" wall-content\">On retrouvera \u00e9galement les chanteuses de pop\/RnB <strong>Bushibabe<\/strong>, <strong>Iselena<\/strong>, <strong>Eisa<\/strong> ou encore le chanteur ivoirien <strong>Ariel Sheney<\/strong>. Dans un autre genre, le jazz\/soul, vous pourrez \u00e9galement retrouver la chanteuse <strong>Stellere Nathalie Barton<\/strong> ou encore la chanteuse <strong>Clara Blon<\/strong> qui chante principalement des textes chr\u00e9tiens en yacouba et en fran\u00e7ais.<\/p>\n<p class=\" wall-content\">D\u2019autres artistes rap prometteurs seront \u00e9galement pr\u00e9sents comme les groupes <strong>La GM<\/strong> et <strong>CDG<\/strong>, les rappeurs <strong>Le G Arzam<\/strong>, <strong>Manns<\/strong>, <strong>Kossdar<\/strong>, <strong>24K<\/strong> ou encore le jeune prodige de 13\u00a0ans <strong>Rayad<\/strong>.<\/p>\n<p class=\" wall-content\">En plus des concerts qui s\u2019\u00e9talent sur l\u2019apr\u00e8s-midi et la soir\u00e9e, des<strong> animations sportives<\/strong> sont g\u00e9n\u00e9ralement organis\u00e9es sur le Parc des sports, avec des terrains de foot ou encore des structures gonflables.<\/p>\n<p class=\" wall-content\">Suivez toute l\u2019actualit\u00e9 de vos villes et m\u00e9dias favoris en vous inscrivant \u00e0 <a href=\"https:\/\/moncompte.actu.fr\" title=\"D\u00e9couvez Mon Actu\" rel=\"nofollow noopener\" data-trk=\"{&quot;cta&quot;:{&quot;action&quot;:&quot;https:\\\/\\\/moncompte.actu.fr&quot;,&quot;category&quot;:&quot;mon compte&quot;,&quot;from&quot;:&quot;article footer&quot;,&quot;name&quot;:&quot;Mon actu&quot;,&quot;type&quot;:&quot;cta&quot;}}\" target=\"_blank\">Mon Actu<\/a>.<\/p>\n","protected":false},"excerpt":{"rendered":"Par Glenn Gillet Publi\u00e9 le 13 ao\u00fbt 2025 \u00e0 16h02 \u00ab\u2009Mon Festival\u2009\u00bb f\u00eate ses quinze en beaut\u00e9. L\u2019\u00e9v\u00e9nement&hellip;\n","protected":false},"author":2,"featured_media":318160,"comment_status":"","ping_status":"","sticky":false,"template":"","format":"standard","meta":{"footnotes":""},"categories":[1355],"tags":[1697,58,59,849,1011,27,1652,1361,873,3616],"class_list":{"0":"post-318159","1":"post","2":"type-post","3":"status-publish","4":"format-standard","5":"has-post-thumbnail","7":"category-musique","8":"tag-concert","9":"tag-divertissement","10":"tag-entertainment","11":"tag-festival","12":"tag-fr","13":"tag-france","14":"tag-loisirs-culture","15":"tag-music","16":"tag-musique","17":"tag-rap"},"share_on_mastodon":{"url":"https:\/\/pubeurope.com\/@fr\/115026124134975740","error":""},"_links":{"self":[{"href":"https:\/\/www.europesays.com\/fr\/wp-json\/wp\/v2\/posts\/318159","targetHints":{"allow":["GET"]}}],"collection":[{"href":"https:\/\/www.europesays.com\/fr\/wp-json\/wp\/v2\/posts"}],"about":[{"href":"https:\/\/www.europesays.com\/fr\/wp-json\/wp\/v2\/types\/post"}],"author":[{"embeddable":true,"href":"https:\/\/www.europesays.com\/fr\/wp-json\/wp\/v2\/users\/2"}],"replies":[{"embeddable":true,"href":"https:\/\/www.europesays.com\/fr\/wp-json\/wp\/v2\/comments?post=318159"}],"version-history":[{"count":0,"href":"https:\/\/www.europesays.com\/fr\/wp-json\/wp\/v2\/posts\/318159\/revisions"}],"wp:featuredmedia":[{"embeddable":true,"href":"https:\/\/www.europesays.com\/fr\/wp-json\/wp\/v2\/media\/318160"}],"wp:attachment":[{"href":"https:\/\/www.europesays.com\/fr\/wp-json\/wp\/v2\/media?parent=318159"}],"wp:term":[{"taxonomy":"category","embeddable":true,"href":"https:\/\/www.europesays.com\/fr\/wp-json\/wp\/v2\/categories?post=318159"},{"taxonomy":"post_tag","embeddable":true,"href":"https:\/\/www.europesays.com\/fr\/wp-json\/wp\/v2\/tags?post=318159"}],"curies":[{"name":"wp","href":"https:\/\/api.w.org\/{rel}","templated":true}]}}