{"id":318161,"date":"2025-08-14T08:15:17","date_gmt":"2025-08-14T08:15:17","guid":{"rendered":"https:\/\/www.europesays.com\/fr\/318161\/"},"modified":"2025-08-14T08:15:17","modified_gmt":"2025-08-14T08:15:17","slug":"venom-pourrait-enfin-affronter-le-super-heros-sauf-si-marvel-nous-trolle","status":"publish","type":"post","link":"https:\/\/www.europesays.com\/fr\/318161\/","title":{"rendered":"Venom pourrait enfin affronter le super-h\u00e9ros, sauf si Marvel nous trolle"},"content":{"rendered":"<p><strong>Pourrait-on enfin avoir la rencontre entre Venom et Peter Parker dans <a href=\"https:\/\/www.ecranlarge.com\/films\/1460751-untitled-spider-man-4\" data-type=\"films\" data-id=\"795194\" rel=\"nofollow noopener\" target=\"_blank\">Spider-Man : Brand New Day<\/a> ?<\/strong><\/p>\n<p>Marvel ne l\u00e9sine pas pour <strong>Spider-Man: Brand New Day<\/strong>. Le dernier volet des aventures de l\u2019homme-araign\u00e9e ayant d\u00e9croch\u00e9 le milliard au box-office, la compagnie sait bien qu\u2019elle doit miser sur la popularit\u00e9 intemporelle du personnage. Apr\u00e8s un aper\u00e7u du nouveau costume de <a href=\"https:\/\/www.ecranlarge.com\/personnalite\/930970-tom-holland\" data-type=\"people\" data-id=\"469852\" rel=\"nofollow noopener\" target=\"_blank\">Tom Holland<\/a> et un premier teaser, le film continue \u00e0 envahir les r\u00e9seaux sociaux gr\u00e2ce \u00e0 des vid\u00e9os du tournage men\u00e9 par le r\u00e9alisateur <a href=\"https:\/\/www.ecranlarge.com\/personnalite\/816834-destin-cretton\" data-type=\"people\" data-id=\"450511\" rel=\"nofollow noopener\" target=\"_blank\">Destin Daniel Cretton<\/a> (<strong><a href=\"https:\/\/www.ecranlarge.com\/films\/1074185-shang-chi\" data-type=\"films\" data-id=\"687926\" rel=\"nofollow noopener\" target=\"_blank\">Shang-Chi<\/a><\/strong>).<\/p>\n<p>                    <img decoding=\"async\" alt=\"\" class=\"wp-image-518375\" style=\"object-fit:cover;width:25px;height:25px\" src=\"https:\/\/www.ecranlarge.com\/content\/uploads\/2023\/09\/arrow-right-circle.svg\"\/><\/p>\n<p> :Pour ce qui est de l\u2019intrigue, on ne sait rien en d\u00e9tail, si ce n\u2019est qu\u2019on nous promet une aventure \u00e0 \u00e9chelle plus r\u00e9duite (enfin) et une pl\u00e9thore de personnages secondaires.<strong> Hulk, le Punisher <\/strong>mais aussi le retour de <a href=\"https:\/\/www.ecranlarge.com\/personnalite\/773599-michael-mando\" data-type=\"people\" data-id=\"412246\" rel=\"nofollow noopener\" target=\"_blank\">Michael Mando<\/a> dans le r\u00f4le du <strong>Scorpion <\/strong>(presque dix ans apr\u00e8s <strong>Homecoming<\/strong>). Quelques rumeurs r\u00f4dent et \u00e9voquent \u00e9galement la possibilit\u00e9 d\u2019avoir Mister Negative dans <strong>Brand New Day<\/strong>\u2026 Tandis que, plus r\u00e9cemment, de myst\u00e9rieuses images sur Instagram laissent, elles, croire \u00e0 <strong>la potentielle pr\u00e9sence de Venom dans le film. <\/strong>Rien que \u00e7a.<\/p>\n<p>                    <img decoding=\"async\" alt=\"\" class=\"wp-image-518375\" style=\"object-fit:cover;width:25px;height:25px\" src=\"https:\/\/www.ecranlarge.com\/content\/uploads\/2023\/09\/arrow-right-circle.svg\"\/><\/p>\n<p><a href=\"https:\/\/www.ecranlarge.com\/content\/uploads\/2025\/06\/hbx2380_comp_v087.1047-h-2022.webp\" rel=\"nofollow noopener\" target=\"_blank\"><img loading=\"lazy\" decoding=\"async\" alt=\"Spider-Man : No Way Home\" class=\"wp-image-1320161\" src=\"https:\/\/www.europesays.com\/fr\/wp-content\/uploads\/2025\/06\/hbx2380_comp_v087.1047-h-2022-1260x710.webp.webp\" width=\"1260\" height=\"710\"  \/><\/a>Le Spidey du MCU m\u00e9rite d\u2019avoir ses propres m\u00e9chantsLe Venin du Scorpion<\/p>\n<p>C\u2019est via une story de l\u2019acteur Michael Mando sur Instagram, que la rumeur a commenc\u00e9 \u00e0 prendre du poids. En effet, le com\u00e9dien a partag\u00e9 <strong>deux images intrigantes.<\/strong> La premi\u00e8re le montre en coulisses, en pleine s\u00e9ance maquillage, arborant un visage balafr\u00e9 gr\u00e2ce \u00e0 des proth\u00e8ses et les tatouages caract\u00e9ristiques du personnage. <\/p>\n<p>La seconde image est plus parlante. Il s\u2019agit d\u2019une couverture du comics The Amazing Spider-Man #573 (2008) par Kevin Maguire, o\u00f9 le Scorpion est <strong>litt\u00e9ralement poss\u00e9d\u00e9 par le symbiote Venom<\/strong>. Un choix d\u2019illustration qui n\u2019est sans doute pas hasardeux. Et l\u00e0, on commence \u00e0 se dire que le personnage du Scorpion pourrait bien \u00eatre davantage que ce que l\u2019on avait anticip\u00e9. Et c\u2019est fort intriguant. <\/p>\n<p>\nhttps:\/\/twitter.com\/tynamiteyt\/status\/1954656990313197806\n<\/p>\n<p>Marvel nous avait d\u00e9j\u00e0 le coup de Venom pour <strong>No Way Home<\/strong>, mais de fa\u00e7on un peu malicieuse. Eddie Brock (incarn\u00e9 par Tom Hardy) \u00e9tait apparu<strong> le temps d\u2019une sc\u00e8ne post-g\u00e9n\u00e9rique<\/strong>, avant de repartir aussi sec dans la dimension Sony, o\u00f9 tous les m\u00e9chants de Spidey croupissent dans l\u2019attente de la d\u00e9livrance. Toutefois, la sc\u00e8ne n\u2019avait pas \u00e9t\u00e9 (totalement) vaine. Un<strong> fragment de symbiote <\/strong>avait \u00e9t\u00e9 abandonn\u00e9 sur place par Brock, laissant une nouvelle chance au MCU d\u2019enfin s\u2019approprier l\u2019iconique monstre alien, loin de la trilogie Sony. <\/p>\n<p>Et \u00e0 ce stade, les probabilit\u00e9s d\u2019une<strong> future transformation de Gargan<\/strong> (alias Scorpion) sont plut\u00f4t raisonnables. Ainsi, nous n\u2019aurons jamais un affrontement entre Tom Hardy et Tom Holland, mais <strong>le combat Venom contre Spidey va peut-\u00eatre bien avoir lieu<\/strong>. Et si la pr\u00e9sence de Mister Negative est confirm\u00e9e \u00e0 l\u2019avenir, on pourrait m\u00eame imaginer la cr\u00e9ation d\u2019un <strong>Anti-Venom<\/strong>.<\/p>\n<p>Enfin, pour l\u2019instant, tout n\u2019est que supposition et hypoth\u00e8se. Esp\u00e9rons d\u00e9j\u00e0 que le tournage de <strong>Brand New Day<\/strong> se passe bien et que Marvel ne se fiche pas de nous avec ces teasings. Pour le d\u00e9couvrir, rendez-vous <strong>le 29 juillet 2026<\/strong> <strong>au cin\u00e9ma.<\/strong><\/p>\n<p>    <script async src=\"https:\/\/platform.twitter.com\/widgets.js\" charset=\"utf-8\"><\/script><\/p>\n","protected":false},"excerpt":{"rendered":"Pourrait-on enfin avoir la rencontre entre Venom et Peter Parker dans Spider-Man : Brand New Day ? Marvel&hellip;\n","protected":false},"author":2,"featured_media":318162,"comment_status":"","ping_status":"","sticky":false,"template":"","format":"standard","meta":{"footnotes":""},"categories":[1354],"tags":[58,59,1346,1011,27,1360],"class_list":{"0":"post-318161","1":"post","2":"type-post","3":"status-publish","4":"format-standard","5":"has-post-thumbnail","7":"category-films","8":"tag-divertissement","9":"tag-entertainment","10":"tag-films","11":"tag-fr","12":"tag-france","13":"tag-movies"},"share_on_mastodon":{"url":"https:\/\/pubeurope.com\/@fr\/115026128296650561","error":""},"_links":{"self":[{"href":"https:\/\/www.europesays.com\/fr\/wp-json\/wp\/v2\/posts\/318161","targetHints":{"allow":["GET"]}}],"collection":[{"href":"https:\/\/www.europesays.com\/fr\/wp-json\/wp\/v2\/posts"}],"about":[{"href":"https:\/\/www.europesays.com\/fr\/wp-json\/wp\/v2\/types\/post"}],"author":[{"embeddable":true,"href":"https:\/\/www.europesays.com\/fr\/wp-json\/wp\/v2\/users\/2"}],"replies":[{"embeddable":true,"href":"https:\/\/www.europesays.com\/fr\/wp-json\/wp\/v2\/comments?post=318161"}],"version-history":[{"count":0,"href":"https:\/\/www.europesays.com\/fr\/wp-json\/wp\/v2\/posts\/318161\/revisions"}],"wp:featuredmedia":[{"embeddable":true,"href":"https:\/\/www.europesays.com\/fr\/wp-json\/wp\/v2\/media\/318162"}],"wp:attachment":[{"href":"https:\/\/www.europesays.com\/fr\/wp-json\/wp\/v2\/media?parent=318161"}],"wp:term":[{"taxonomy":"category","embeddable":true,"href":"https:\/\/www.europesays.com\/fr\/wp-json\/wp\/v2\/categories?post=318161"},{"taxonomy":"post_tag","embeddable":true,"href":"https:\/\/www.europesays.com\/fr\/wp-json\/wp\/v2\/tags?post=318161"}],"curies":[{"name":"wp","href":"https:\/\/api.w.org\/{rel}","templated":true}]}}