{"id":318163,"date":"2025-08-14T08:16:11","date_gmt":"2025-08-14T08:16:11","guid":{"rendered":"https:\/\/www.europesays.com\/fr\/318163\/"},"modified":"2025-08-14T08:16:11","modified_gmt":"2025-08-14T08:16:11","slug":"menu-sur-7-jours-pour-perdre-du-ventre-et-degonfler","status":"publish","type":"post","link":"https:\/\/www.europesays.com\/fr\/318163\/","title":{"rendered":"menu sur 7 jours pour perdre du ventre et d\u00e9gonfler"},"content":{"rendered":"<p class=\"post-excerpt\">Objectif ventre plat ? En seulement 7 jours, il est possible de r\u00e9duire les ballonnements et d\u2019affiner sa silhouette gr\u00e2ce \u00e0 un programme alimentaire riche en fibres, en prot\u00e9ines maigres et en aliments d\u00e9tox. Voici le menu d\u00e9taill\u00e9 pour une semaine, pens\u00e9 pour all\u00e9ger votre digestion, drainer l\u2019organisme et retrouver un ventre plus plat.<\/p>\n<p><a href=\"https:\/\/www.aufeminin.com\/forme\/manger-equilibre\/graisse-abdominale\/graisse-abdominale-voici-les-meilleurs-exercices-a-faire-tous-les-jours-pour-perdre-du-ventre-les-plus-efficaces-157589.html\" target=\"_blank\" rel=\"noopener\">Perdre du ventre<\/a> rapidement ne passe pas uniquement par des s\u00e9ances de sport intenses. L\u2019alimentation joue un r\u00f4le central : certains aliments <strong>favorisent la r\u00e9tention d\u2019eau, ralentissent la digestion et gonflent le ventre<\/strong>, tandis que d\u2019autres contribuent \u00e0 <strong>r\u00e9duire l\u2019inflammation et \u00e0 relancer le transit<\/strong>. <a href=\"https:\/\/www.cosmopolitan.com\/uk\/body\/diet-nutrition\/g3241\/7-day-flat-stomach-foods\/\" rel=\"nofollow  noopener\" target=\"_blank\">Inspir\u00e9 d\u2019un programme d\u00e9voil\u00e9 par Cosmopolitan UK<\/a>, ce plan alimentaire a \u00e9t\u00e9 pens\u00e9 pour aider \u00e0 <strong>d\u00e9gonfler sans se priver<\/strong>. Tout en s\u2019appuyant sur des produits frais, des cuissons douces et une r\u00e9partition \u00e9quilibr\u00e9e entre <strong>prot\u00e9ines, glucides complexes et bons gras<\/strong>.<\/p>\n<p>Pendant cette semaine, on mise sur <strong>des repas simples \u00e0 pr\u00e9parer<\/strong>, avec un minimum d\u2019aliments transform\u00e9s. On hydrate l\u2019organisme tout au long de la journ\u00e9e gr\u00e2ce \u00e0 de <a href=\"https:\/\/www.aufeminin.com\/societe\/canicule-lait-boisson-en-cas-de-fortes-chaleurs-selon-un-medecin-2635120.html\" target=\"_blank\" rel=\"noopener\">l\u2019eau<\/a>, du th\u00e9 vert ou des infusions drainantes, et <strong>on privil\u00e9gie les fibres douces qui apaisent la digestion<\/strong>. Les portions sont calcul\u00e9es pour apporter<strong> \u00e9nergie et sati\u00e9t\u00e9<\/strong>, tout en \u00e9vitant l\u2019exc\u00e8s calorique. L\u2019objectif : <strong>se sentir plus l\u00e9g\u00e8re, moins ballonn\u00e9e, et enclencher un mode de vie plus sain<\/strong>.<\/p>\n<p> Jours 1 \u00e0 3 : D\u00e9tox et remise en route du syst\u00e8me digestif <\/p>\n<p>Les trois premiers jours servent \u00e0<strong> mettre le syst\u00e8me digestif au repos et \u00e0 drainer les exc\u00e8s<\/strong>. Au petit-d\u00e9jeuner, on privil\u00e9gie <strong>les fibres et les probiotiques<\/strong> : un yaourt nature faible en mati\u00e8res grasses avec du granola et une pomme r\u00e2p\u00e9e, un smoothie aux baies m\u00e9lang\u00e9es et lait \u00e9cr\u00e9m\u00e9, ou encore<a href=\"https:\/\/www.aufeminin.com\/manger-equilibre\/glycemie-fini-les-flocons-d-avoine-voici-porridge-ideal-a-manger-apres-50-ans-pour-eviter-les-pics-de-sucre-s4113570.html\" target=\"_blank\" rel=\"noopener\"> un porridge<\/a> aux flocons d\u2019avoine et raisins secs. Ces options <strong>nourrissent le microbiote intestinal<\/strong>, essentiel pour <strong>r\u00e9duire les ballonnements et am\u00e9liorer l\u2019assimilation des nutriments<\/strong>. Ensuite, le midi, on mise sur des salades compl\u00e8tes et color\u00e9es. Par exemple, <strong>une mozzarella all\u00e9g\u00e9e avec tomate, avocat et basilic frais apporte prot\u00e9ines et bons gras<\/strong>, tandis qu\u2019une salade de trois haricots avec poivron, tomate et oignon rouge offre <strong>un concentr\u00e9 de fibres v\u00e9g\u00e9tales et de min\u00e9raux<\/strong>. En effet, <strong>on \u00e9vite les sauces trop grasses<\/strong> et <strong>on pr\u00e9f\u00e8re un filet d\u2019huile d\u2019olive<\/strong> ou de vinaigre balsamique.<\/p>\n<p>Le soir, on privil\u00e9gie<strong> les prot\u00e9ines maigres associ\u00e9es \u00e0 des l\u00e9gumes cuits<\/strong>, plus faciles \u00e0 dig\u00e9rer que les crudit\u00e9s en fin de journ\u00e9e. <strong>Un poulet saut\u00e9 au gingembre avec nouilles de riz, une ratatouille maison avec un peu de feta, ou un filet de poulet r\u00f4ti accompagn\u00e9 de patate douce et haricots verts<\/strong> constituent des repas rassasiants, \u00e9quilibr\u00e9s et peu irritants pour <a href=\"https:\/\/www.aufeminin.com\/manger-equilibre\/graisse-abdominale-cette-collation-riche-en-proteines-soutient-le-systeme-digestif-promesse-ventre-plat-s4106146.html\" target=\"_blank\" rel=\"noopener\">le syst\u00e8me digestif<\/a>. Les collations entre les repas peuvent inclure des fruits frais, du fromage blanc ou quelques galettes de riz avec du cottage cheese.<\/p>\n<p><img loading=\"lazy\" decoding=\"async\" itemprop=\"thumbnailUrl\" class=\"alignnone size-large wp-image-2648348 img-responsive  pinit-here\" src=\"https:\/\/www.europesays.com\/fr\/wp-content\/uploads\/2025\/08\/salade-ventre-plat-1024x502.jpg\" alt=\"Ventre plat : voici exactement ce qu\" il=\"\" faut=\"\" manger=\"\" pendant=\"\" une=\"\" semaine=\"\" pour=\"\" perdre=\"\" du=\"\" ventre=\"\" width=\"1024\" height=\"502\" data-pin-media=\"https:\/\/sf1.afcdn.com\/wp-content\/uploads\/aufeminin\/2025\/08\/salade-ventre-plat-736x361.jpg\"\/> \u00a9  Alena_Kos &#8211; Shutterstock<\/p>\n<p> Jours 4 \u00e0 7 : Vari\u00e9t\u00e9, \u00e9quilibre et consolidation <\/p>\n<p>\u00c0 partir du quatri\u00e8me jour, on introduit plus de vari\u00e9t\u00e9 <strong>pour stimuler le m\u00e9tabolisme et \u00e9viter la lassitude<\/strong>. Les <a href=\"https:\/\/www.aufeminin.com\/manger-equilibre\/voici-le-meilleur-jus-d-orange-industriel-de-supermarche-a-boire-au-petit-dej-pour-la-sante-selon-l-ufc-que-choisir-s4093811.html\" target=\"_blank\" rel=\"noopener\">petits-d\u00e9jeuners<\/a> restent simples mais diversifi\u00e9s : <strong>fruits frais avec yaourt et noix, \u0153uf poch\u00e9 avec tomates et champignons<\/strong>, ou <strong>c\u00e9r\u00e9ales compl\u00e8tes aux graines de lin et myrtilles<\/strong>. Le midi, on privil\u00e9gie des assiettes color\u00e9es riches en fibres et bons gras : <strong>l\u00e9gumes saut\u00e9s aux noix de cajou, salade au ch\u00e8vre frais, tofu saut\u00e9 ou tomates grill\u00e9es \u00e0 l\u2019origan sur pain complet<\/strong>. Le soir, on opte pour des plats l\u00e9gers mais rassasiants : <strong>saumon au four avec pommes de terre nouvelles, brochettes d\u2019agneau avec salade grecque sans feta<\/strong>, ou <strong>filet de porc aux l\u00e9gumes avec riz basmati<\/strong>. <strong>Le saumon grill\u00e9 au pesto avec riz sauvage et brocolis vapeur<\/strong> est aussi une excellente option riche en prot\u00e9ines et antioxydants.<\/p>\n<p>Pour les collations, privil\u00e9giez <strong>des aliments \u00e0 faible indice glyc\u00e9mique<\/strong> : poign\u00e9e d\u2019amandes ou de noix, crudit\u00e9s avec houmous, tranches de fruits frais ou yaourt nature. Ces encas <a href=\"https:\/\/www.aufeminin.com\/manger-equilibre\/manger-ce-fruit-avant-de-dormir-permet-de-limiter-les-fringales-et-les-pics-de-sucre-dans-le-sang-s4093922.html\" target=\"_blank\" rel=\"noopener\">limitent les fringales<\/a>, <strong>stabilisent l\u2019\u00e9nergie et \u00e9vitent le grignotage<\/strong> sucr\u00e9. Adopter ce programme pendant 7 jours n\u2019est pas une solution miracle, mais c\u2019est un excellent point de d\u00e9part <strong>pour r\u00e9duire les ballonnements, stimuler la digestion et amorcer une perte de centim\u00e8tres<\/strong> au niveau de la taille. Associ\u00e9 \u00e0 <strong>une bonne hydratation et \u00e0 une activit\u00e9 physique r\u00e9guli\u00e8re<\/strong>, il peut \u00eatre le coup de pouce dont vous avez besoin pour vous sentir plus l\u00e9g\u00e8re et en forme, tout en instaurant des habitudes durables.<\/p>\n","protected":false},"excerpt":{"rendered":"Objectif ventre plat ? En seulement 7 jours, il est possible de r\u00e9duire les ballonnements et d\u2019affiner sa&hellip;\n","protected":false},"author":2,"featured_media":318164,"comment_status":"","ping_status":"","sticky":false,"template":"","format":"standard","meta":{"footnotes":""},"categories":[10],"tags":[1011,27,72,4991,45655,71,45656],"class_list":{"0":"post-318163","1":"post","2":"type-post","3":"status-publish","4":"format-standard","5":"has-post-thumbnail","7":"category-sante","8":"tag-fr","9":"tag-france","10":"tag-health","11":"tag-nutrition","12":"tag-perdre-du-ventre","13":"tag-sante","14":"tag-ventre-plat"},"share_on_mastodon":{"url":"https:\/\/pubeurope.com\/@fr\/115026132000074447","error":""},"_links":{"self":[{"href":"https:\/\/www.europesays.com\/fr\/wp-json\/wp\/v2\/posts\/318163","targetHints":{"allow":["GET"]}}],"collection":[{"href":"https:\/\/www.europesays.com\/fr\/wp-json\/wp\/v2\/posts"}],"about":[{"href":"https:\/\/www.europesays.com\/fr\/wp-json\/wp\/v2\/types\/post"}],"author":[{"embeddable":true,"href":"https:\/\/www.europesays.com\/fr\/wp-json\/wp\/v2\/users\/2"}],"replies":[{"embeddable":true,"href":"https:\/\/www.europesays.com\/fr\/wp-json\/wp\/v2\/comments?post=318163"}],"version-history":[{"count":0,"href":"https:\/\/www.europesays.com\/fr\/wp-json\/wp\/v2\/posts\/318163\/revisions"}],"wp:featuredmedia":[{"embeddable":true,"href":"https:\/\/www.europesays.com\/fr\/wp-json\/wp\/v2\/media\/318164"}],"wp:attachment":[{"href":"https:\/\/www.europesays.com\/fr\/wp-json\/wp\/v2\/media?parent=318163"}],"wp:term":[{"taxonomy":"category","embeddable":true,"href":"https:\/\/www.europesays.com\/fr\/wp-json\/wp\/v2\/categories?post=318163"},{"taxonomy":"post_tag","embeddable":true,"href":"https:\/\/www.europesays.com\/fr\/wp-json\/wp\/v2\/tags?post=318163"}],"curies":[{"name":"wp","href":"https:\/\/api.w.org\/{rel}","templated":true}]}}