{"id":31817,"date":"2025-04-17T13:59:13","date_gmt":"2025-04-17T13:59:13","guid":{"rendered":"https:\/\/www.europesays.com\/fr\/31817\/"},"modified":"2025-04-17T13:59:13","modified_gmt":"2025-04-17T13:59:13","slug":"donald-trump-sen-prend-au-president-de-la-fed-trop-lent-a-baisser-les-taux","status":"publish","type":"post","link":"https:\/\/www.europesays.com\/fr\/31817\/","title":{"rendered":"Donald Trump s\u2019en prend au pr\u00e9sident de la Fed, \u00ab trop lent \u00bb \u00e0 baisser les taux"},"content":{"rendered":"<p><strong>\u00e9conomie &#8211; Le pr\u00e9sident am\u00e9ricain a m\u00eame \u00e9t\u00e9 jusqu\u2019\u00e0 prendre l\u2019Europe en exemple, indiquant que Jerome Powell aurait \u00ab\u00a0d\u00fb baisser les taux d\u2019int\u00e9r\u00eat depuis longtemps d\u00e9j\u00e0, comme la BCE\u00a0\u00bb<\/strong><\/p>\n<p><a href=\"https:\/\/www.20minutes.fr\/dossier\/donald_trump?at_medium=RSS+feed&amp;at_campaign=ynews&amp;utm_source=yahoo&amp;utm_medium=rss&amp;utm_campaign=news_feed&amp;utm_content=in_article_link\" rel=\"nofollow noopener\" target=\"_blank\" data-ylk=\"slk:Donald Trump;elm:context_link;itc:0;sec:content-canvas\" class=\"link \">Donald Trump<\/a> a une nouvelle cible. Ce jeudi, le pr\u00e9sident des <a href=\"https:\/\/www.20minutes.fr\/monde\/etats-unis\/?at_medium=RSS+feed&amp;at_campaign=ynews&amp;utm_source=yahoo&amp;utm_medium=rss&amp;utm_campaign=news_feed&amp;utm_content=in_article_link\" rel=\"nofollow noopener\" target=\"_blank\" data-ylk=\"slk:Etats-Unis;elm:context_link;itc:0;sec:content-canvas\" class=\"link \">Etats-Unis<\/a> s\u2019en est pris au pr\u00e9sident de la <a href=\"https:\/\/www.20minutes.fr\/economie\/fed\/?at_medium=RSS+feed&amp;at_campaign=ynews&amp;utm_source=yahoo&amp;utm_medium=rss&amp;utm_campaign=news_feed&amp;utm_content=in_article_link\" rel=\"nofollow noopener\" target=\"_blank\" data-ylk=\"slk:banque centrale am\u00e9ricaine;elm:context_link;itc:0;sec:content-canvas\" class=\"link \">banque centrale am\u00e9ricaine<\/a> (la Fed), <a href=\"https:\/\/www.20minutes.fr\/economie\/2162435-20171103-fed-jerome-powell-homme-plus-puissant-finance-mondiale?at_medium=RSS+feed&amp;at_campaign=ynews&amp;utm_source=yahoo&amp;utm_medium=rss&amp;utm_campaign=news_feed&amp;utm_content=in_article_link\" rel=\"nofollow noopener\" target=\"_blank\" data-ylk=\"slk:Jerome Powell;elm:context_link;itc:0;sec:content-canvas\" class=\"link \">Jerome Powell<\/a>, qu\u2019il a jug\u00e9 \u00ab\u00a0trop lent\u00a0\u00bb \u00e0 baisser les taux d\u2019int\u00e9r\u00eat de l\u2019institution.<\/p>\n<p>\u00ab\u00a0Il est plus que temps que le mandat de Powell se termine\u00a0\u00bb, a \u00e9crit Donald Trump sur sa plateforme Truth Social, alors que le second mandat de Jerome Powell doit s\u2019achever en mai\u00a02026.<\/p>\n<p>Une r\u00e9ponse \u00e0 une critique de Jerome Powell\u00a0?<\/p>\n<p>Ce dernier aurait \u00ab\u00a0d\u00fb baisser les taux d\u2019int\u00e9r\u00eat depuis longtemps d\u00e9j\u00e0, comme la BCE\u00a0\u00bb, la Banque centrale europ\u00e9enne, a ajout\u00e9 le pr\u00e9sident am\u00e9ricain, en encourageant Jerome Powell \u00e0 \u00ab\u00a0le faire maintenant\u00a0\u00bb.<\/p>\n<p>Les droits de douane voulus par Donald Trump placent la R\u00e9serve f\u00e9d\u00e9rale (Fed) face \u00e0 une situation \u00ab\u00a0compliqu\u00e9e\u00a0\u00bb, avait d\u00e9clar\u00e9 mercredi Jerome Powell, en estimant que ces surtaxes allaient \u00ab\u00a0tr\u00e8s certainement entra\u00eener au moins une hausse temporaire de l\u2019inflation\u00a0\u00bb.<\/p>\n<p>\u00ab\u00a0Toujours trop lent et a toujours tort\u00a0\u00bb<\/p>\n<p>\u00ab\u00a0Les prix du p\u00e9trole sont en baisse, le montant des courses (m\u00eame les \u0153ufs\u00a0!) aussi, et les Etats-Unis s\u2019enrichissent gr\u00e2ce aux droits de douane\u00a0\u00bb, a r\u00e9pondu t\u00f4t jeudi Donald Trump, pour qui le patron de la Fed \u00ab\u00a0est toujours trop lent et a toujours tort\u00a0\u00bb.<\/p>\n<p>Le dirigeant r\u00e9publicain avait d\u00e9j\u00e0 exhort\u00e9 le 4\u00a0avril Jerome Powell \u00e0 baisser les taux d\u2019int\u00e9r\u00eat, estimant alors que ce serait \u00ab\u00a0le moment parfait\u00a0\u00bb. La Fed a maintenu ses principaux taux stables, entre 4,25\u00a0% et 4,50\u00a0%, depuis le d\u00e9but de l\u2019ann\u00e9e.<\/p>\n<p><a href=\"https:\/\/www.20minutes.fr\/monde\/etats-unis\/4149119-20250417-etats-unis-donald-trump-prend-president-fed-juge-trop-lent-baisser-taux?at_medium=RSS+feed&amp;at_campaign=ynews&amp;utm_source=yahoo&amp;utm_medium=rss&amp;utm_campaign=news_feed&amp;utm_content=read_more_link&quot;\" rel=\"nofollow noopener\" target=\"_blank\" data-ylk=\"slk:Lire la suite sur 20minutes;elm:context_link;itc:0;sec:content-canvas\" class=\"link \">Lire la suite sur 20minutes<\/a><\/p>\n<p>\u00c0 lire aussi :<br \/><a href=\"https:\/\/www.20minutes.fr\/monde\/etats-unis\/4145337-20250325-etats-unis-trump-juge-europeens-profiteurs?at_medium=RSS+feed&amp;at_campaign=ynews&amp;utm_source=yahoo&amp;utm_medium=rss&amp;utm_campaign=news_feed&amp;utm_content=related_content_link\" rel=\"nofollow noopener\" target=\"_blank\" data-ylk=\"slk:Etats-Unis\u00a0: Donald Trump juge que les Europ\u00e9ens sont des \u00ab\u00a0profiteurs\u00a0\u00bb;elm:context_link;itc:0;sec:content-canvas\" class=\"link \">Etats-Unis\u00a0: Donald Trump juge que les Europ\u00e9ens sont des \u00ab\u00a0profiteurs\u00a0\u00bb<\/a><br \/><a href=\"https:\/\/www.20minutes.fr\/monde\/etats-unis\/4145141-20250324-etats-unis-donald-trump-reclame-retrait-portrait-capitole-colorado-juge-deforme?at_medium=RSS+feed&amp;at_campaign=ynews&amp;utm_source=yahoo&amp;utm_medium=rss&amp;utm_campaign=news_feed&amp;utm_content=related_content_link\" rel=\"nofollow noopener\" target=\"_blank\" data-ylk=\"slk:Etats-Unis\u00a0: Donald Trump r\u00e9clame le retrait de son portrait au Capitole du Colorado, qu\u2019il juge \u00ab\u00a0d\u00e9form\u00e9\u00a0\u00bb;elm:context_link;itc:0;sec:content-canvas\" class=\"link \">Etats-Unis\u00a0: Donald Trump r\u00e9clame le retrait de son portrait au Capitole du Colorado, qu\u2019il juge \u00ab\u00a0d\u00e9form\u00e9\u00a0\u00bb<\/a><\/p>\n","protected":false},"excerpt":{"rendered":"\u00e9conomie &#8211; Le pr\u00e9sident am\u00e9ricain a m\u00eame \u00e9t\u00e9 jusqu\u2019\u00e0 prendre l\u2019Europe en exemple, indiquant que Jerome Powell aurait&hellip;\n","protected":false},"author":2,"featured_media":31818,"comment_status":"","ping_status":"","sticky":false,"template":"","format":"standard","meta":{"footnotes":""},"categories":[1589],"tags":[11,75,73,1866,10797,12,7274,10796,1864,1865,1863,308],"class_list":{"0":"post-31817","1":"post","2":"type-post","3":"status-publish","4":"format-standard","5":"has-post-thumbnail","7":"category-etats-unis","8":"tag-actualites","9":"tag-donald-trump","10":"tag-etats-unis","11":"tag-etats-unis-damerique","12":"tag-jerome-powell","13":"tag-news","14":"tag-president-americain","15":"tag-taux-dinteret","16":"tag-united-states","17":"tag-united-states-of-america","18":"tag-us","19":"tag-usa"},"share_on_mastodon":{"url":"https:\/\/pubeurope.com\/@fr\/114353665684323525","error":""},"_links":{"self":[{"href":"https:\/\/www.europesays.com\/fr\/wp-json\/wp\/v2\/posts\/31817","targetHints":{"allow":["GET"]}}],"collection":[{"href":"https:\/\/www.europesays.com\/fr\/wp-json\/wp\/v2\/posts"}],"about":[{"href":"https:\/\/www.europesays.com\/fr\/wp-json\/wp\/v2\/types\/post"}],"author":[{"embeddable":true,"href":"https:\/\/www.europesays.com\/fr\/wp-json\/wp\/v2\/users\/2"}],"replies":[{"embeddable":true,"href":"https:\/\/www.europesays.com\/fr\/wp-json\/wp\/v2\/comments?post=31817"}],"version-history":[{"count":0,"href":"https:\/\/www.europesays.com\/fr\/wp-json\/wp\/v2\/posts\/31817\/revisions"}],"wp:featuredmedia":[{"embeddable":true,"href":"https:\/\/www.europesays.com\/fr\/wp-json\/wp\/v2\/media\/31818"}],"wp:attachment":[{"href":"https:\/\/www.europesays.com\/fr\/wp-json\/wp\/v2\/media?parent=31817"}],"wp:term":[{"taxonomy":"category","embeddable":true,"href":"https:\/\/www.europesays.com\/fr\/wp-json\/wp\/v2\/categories?post=31817"},{"taxonomy":"post_tag","embeddable":true,"href":"https:\/\/www.europesays.com\/fr\/wp-json\/wp\/v2\/tags?post=31817"}],"curies":[{"name":"wp","href":"https:\/\/api.w.org\/{rel}","templated":true}]}}