{"id":318173,"date":"2025-08-14T08:21:14","date_gmt":"2025-08-14T08:21:14","guid":{"rendered":"https:\/\/www.europesays.com\/fr\/318173\/"},"modified":"2025-08-14T08:21:14","modified_gmt":"2025-08-14T08:21:14","slug":"quand-l-amerique-dabord-de-trump-se-pose-en-juge-des-droits-humains","status":"publish","type":"post","link":"https:\/\/www.europesays.com\/fr\/318173\/","title":{"rendered":"Quand l&rsquo;\u00ab\u00a0Am\u00e9rique d\u2019abord\u00a0\u00bb de Trump se pose en juge des droits humains"},"content":{"rendered":"<p>En f\u00e9vrier, le vice-pr\u00e9sident des <a href=\"https:\/\/www.20minutes.fr\/monde\/etats-unis\/\" class=\"c-link c-link--is-underlined\" target=\"_blank\" rel=\"noopener\">Etats-Unis<\/a> avait sid\u00e9r\u00e9 l\u2019Europe lors d\u2019un discours \u00e0 Munich. <a href=\"https:\/\/www.20minutes.fr\/monde\/vance\/\" class=\"c-link c-link--is-underlined\" target=\"_blank\" rel=\"noopener\">J.D.\u00a0Vance<\/a> expliquait alors que la libert\u00e9 d\u2019expression \u00e9tait \u00ab\u00a0en retrait\u00a0\u00bb sur le continent et que \u00e7a l\u2019inqui\u00e9tait plus que la menace de \u00ab\u00a0la Russie ou de la Chine\u00a0\u00bb. Plusieurs mois plus tard, l\u2019administration Trump a sorti son rapport annuel \u00ab\u00a0Country Reports on Human Rights Practices\u00a0\u00bb, cens\u00e9 faire l\u2019\u00e9tat des lieux des libert\u00e9s fondamentales dans le monde et, une fois encore, l\u2019Europe est point\u00e9e du doigt pour son \u00ab\u00a0recul des droits humains\u00a0\u00bb. Mais de nombreux observateurs et ONG ont critiqu\u00e9 la nouvelle mouture de ce rendez-vous annuel, amput\u00e9 de nombreuses clauses sous l\u2019\u00e9gide de <a href=\"https:\/\/www.20minutes.fr\/dossier\/donald_trump\" class=\"c-link c-link--is-underlined\" target=\"_blank\" rel=\"noopener\">Donald Trump<\/a>.<\/p>\n<\/p>\n<p>\u00ab\u00a0L\u2019omission de sections clefs par l\u2019administration Trump et la manipulation des violations des <a href=\"https:\/\/www.20minutes.fr\/monde\/droits_de_l_homme-1\/\" class=\"c-link c-link--is-underlined\" target=\"_blank\" rel=\"noopener\">droits humains<\/a> commises par certains pays d\u00e9gradent et politisent le rapport\u00a0\u00bb, a r\u00e9agi <a href=\"https:\/\/www.20minutes.fr\/dossier\/human_rights_watch\" class=\"c-link c-link--is-underlined\" target=\"_blank\" rel=\"noopener\">Human Rights Watch<\/a> dans un communiqu\u00e9 transmis \u00e0 20 Minutes. Repouss\u00e9 de plusieurs mois et amaigri par rapport \u00e0 ses versions ant\u00e9rieures, le rapport ignore notamment toutes les violations en lien avec la communaut\u00e9 queer. \u00ab\u00a0S\u2019il a \u00e9t\u00e9 en partie r\u00e9dig\u00e9 sous l\u2019ancienne administration, Donald Trump y a tr\u00e8s largement mis sa patte avant qu\u2019il ne soit diffus\u00e9. Il a \u00e9t\u00e9 tr\u00e8s \u00e9dulcor\u00e9, mais aussi politis\u00e9\u00a0\u00bb, analyse Anne Savinel-Barras. La pr\u00e9sidente <a href=\"https:\/\/www.20minutes.fr\/monde\/amnesty_international\/\" class=\"c-link c-link--is-underlined\" target=\"_blank\" rel=\"noopener\">d\u2019Amnesty International France<\/a> estime d\u2019ailleurs qu\u2019il ne s\u2019agit \u00ab\u00a0pas d\u2019un rapport cr\u00e9dible\u00a0\u00bb.<\/p>\n<p>Un \u00ab\u00a0outil qui sert la politique de Trump\u00a0\u00bb<\/p>\n<p>Une kyrielle d\u2019autres ONG \u00e9voquent un rapport politis\u00e9 par l\u2019administration Trump. D\u2019apr\u00e8s des responsables gouvernementaux anonymes, cit\u00e9s par Reuters, le rapport a \u00e9t\u00e9 retard\u00e9 de plusieurs mois pour le rendre conforme aux valeurs de \u00ab\u00a0l\u2019Am\u00e9rique d\u2019abord\u00a0\u00bb. Ainsi, la section \u00ab\u00a0droits reproductifs\u00a0\u00bb, int\u00e9gr\u00e9e sous <a href=\"https:\/\/www.20minutes.fr\/dossier\/barack_obama\" class=\"c-link c-link--is-underlined\" target=\"_blank\" rel=\"noopener\">Barack Obama<\/a>, a \u00e9t\u00e9 purement et simplement supprim\u00e9e. Une d\u00e9cision qui s\u2019aligne avec les <a href=\"https:\/\/www.20minutes.fr\/monde\/etats-unis\/4105298-20240810-etats-unis-nombre-avortements-maison-non-surveilles-augmente-dangereusement\" class=\"c-link c-link--is-underlined\" target=\"_blank\" rel=\"noopener\">attaques massives qui visent le droit \u00e0 l\u2019avortement aux Etats-Unis. <\/a>Divis\u00e9 par quatre, le rapport fait aussi l\u2019impasse sur les droits des femmes, la violence bas\u00e9e sur le genre ou encore la <a href=\"https:\/\/www.20minutes.fr\/dossier\/discrimination\" class=\"c-link c-link--is-underlined\" target=\"_blank\" rel=\"noopener\">discrimination<\/a>. \u00ab\u00a0Donald Trump a voulu faire de ce rapport un outil qui sert sa politique avant tout et notamment avant d\u2019\u00e9tablir les faits\u00a0\u00bb, regrette Anne Savinel-Barras.<\/p>\n<p>La politique ext\u00e9rieure aussi a jou\u00e9 sur les contours du rapport. Les alli\u00e9s de la nouvelle administration am\u00e9ricaine sont ainsi particuli\u00e8rement choy\u00e9s. En <a href=\"https:\/\/www.20minutes.fr\/dossier\/hongrie\" class=\"c-link c-link--is-underlined\" target=\"_blank\" rel=\"noopener\">Hongrie<\/a>, le rapport ne note pas de \u00ab\u00a0violations significatives des droits humains\u00a0\u00bb alors m\u00eame que la marche des fiert\u00e9s a \u00e9t\u00e9 interdite. M\u00eame si elle s\u2019est bel et bien d\u00e9roul\u00e9e sous la pression populaire, le <a href=\"https:\/\/www.lemonde.fr\/international\/article\/2025\/08\/01\/marche-des-fiertes-a-budapest-le-maire-interroge-par-les-autorites-sur-l-organisation-de-l-evenement-malgre-l-interdiction_6626059_3210.html\" rel=\"nofollow noopener\" target=\"_blank\" class=\"c-link c-link--is-underlined\">maire de la capitale risque encore jusqu\u2019\u00e0 un an de prison<\/a>. Aucune mention n\u2019est faite des 61.000 morts dans la bande de <a href=\"https:\/\/www.20minutes.fr\/monde\/gaza\/\" class=\"c-link c-link--is-underlined\" target=\"_blank\" rel=\"noopener\">Gaza<\/a>, du blocus et de l\u2019utilisation de<a href=\"https:\/\/www.20minutes.fr\/monde\/4165608-20250731-famine-gaza-fille-7-ans-perdu-volonte-vivre-temoigne-heba-prothesiste\" class=\"c-link c-link--is-underlined\" target=\"_blank\" rel=\"noopener\"> la famine comme arme de guerre <\/a>par <a href=\"https:\/\/www.20minutes.fr\/monde\/israel\/\" class=\"c-link c-link--is-underlined\" target=\"_blank\" rel=\"noopener\">Isra\u00ebl<\/a> ou m\u00eame des<a href=\"https:\/\/www.20minutes.fr\/monde\/4167484-20250811-gaza-al-jazeera-annonce-mort-cinq-journalistes-frappe-israelienne-ciblee\" class=\"c-link c-link--is-underlined\" target=\"_blank\" rel=\"noopener\"> attaques meurtri\u00e8res visant des journalistes<\/a>. Et \u00e0 deux jours d\u2019une rencontre entre Donald Trump et Vladimir Poutine, Washington \u00e9voque l\u2019invasion de l\u2019Ukraine comme une \u00ab\u00a0guerre entre la <a href=\"https:\/\/www.20minutes.fr\/monde\/russie\/\" class=\"c-link c-link--is-underlined\" target=\"_blank\" rel=\"noopener\">Russie<\/a> et l\u2019Ukraine\u00a0\u00bb.<\/p>\n<p>Une \u00ab\u00a0crise des droits humains\u00a0\u00bb mondiale<\/p>\n<p>A l\u2019inverse, certains pays ne sont pas \u00e9pargn\u00e9s, notamment ceux du continent europ\u00e9en o\u00f9 les libert\u00e9s fondamentales se seraient \u00ab\u00a0d\u00e9t\u00e9rior\u00e9es\u00a0\u00bb. \u00ab\u00a0On traverse une crise des droits humains partout dans le monde, pas seulement en Europe. Oui, il y a une r\u00e9gression aussi en Europe et en France, confirme Anne Savinel-Barras. Mais on est bien plus inquiets de ce qu\u2019il se passe aux Etats-Unis.\u00a0\u00bb Pour la pr\u00e9sidente France de l\u2019<a href=\"https:\/\/www.20minutes.fr\/dossier\/ong\" class=\"c-link c-link--is-underlined\" target=\"_blank\" rel=\"noopener\">ONG<\/a>, la conclusion n\u2019est pas fausse, mais \u00ab\u00a0ce n\u2019est pas forc\u00e9ment les bons crit\u00e8res\u00a0\u00bb. Ainsi, Washington estime que la libert\u00e9 d\u2019expression r\u00e9gresse au <a href=\"https:\/\/www.20minutes.fr\/monde\/royaume-uni\/\" class=\"c-link c-link--is-underlined\" target=\"_blank\" rel=\"noopener\">Royaume-Uni<\/a>, notamment parce que le pays a mis en place des zones tampon autour des cliniques d\u2019avortement afin de pr\u00e9venir le harc\u00e8lement des femmes venues recevoir des soins.<\/p>\n<p><a href=\"https:\/\/www.20minutes.fr\/monde\/etats-unis\/\" class=\"c-link c-btn c-btn--primary\" target=\"_blank\" rel=\"noopener\">Notre dossier sur les Etats-Unis<\/a><\/p>\n<p>En France, le rapport mentionne des \u00ab\u00a0informations cr\u00e9dibles\u00a0\u00bb faisant \u00e9tat de \u00ab\u00a0restrictions graves \u00e0 la libert\u00e9 d\u2019expression\u00a0\u00bb sans citer d\u2019exemples concrets, comme des lois sp\u00e9cifiques, des affaires judiciaires ou des incidents pr\u00e9cis. Les associations, au contraire, font \u00e9tat d\u2019un recul des libert\u00e9s fondamentales notamment d\u2019expression et de manifestation \u00ab\u00a0autour des questions palestiniennes, mais aussi de la d\u00e9fense de l\u2019environnement\u00a0\u00bb. En passant sous silence certaines violations tout en insistant sur d\u2019autres, Washington dresse donc un tableau des droits humains qui laisse de larges zones d\u2019ombre, et notamment sur lui-m\u00eame.<\/p>\n","protected":false},"excerpt":{"rendered":"En f\u00e9vrier, le vice-pr\u00e9sident des Etats-Unis avait sid\u00e9r\u00e9 l\u2019Europe lors d\u2019un discours \u00e0 Munich. J.D.\u00a0Vance expliquait alors que&hellip;\n","protected":false},"author":2,"featured_media":318174,"comment_status":"","ping_status":"","sticky":false,"template":"","format":"standard","meta":{"footnotes":""},"categories":[5],"tags":[47,11,11412,75,6121,4625,73,1011,27,45657,14,79,74,12,28],"class_list":{"0":"post-318173","1":"post","2":"type-post","3":"status-publish","4":"format-standard","5":"has-post-thumbnail","7":"category-international","8":"tag-actualite","9":"tag-actualites","10":"tag-discrimination","11":"tag-donald-trump","12":"tag-droits-des-femmes","13":"tag-droits-humains","14":"tag-etats-unis","15":"tag-fr","16":"tag-france","17":"tag-human-rights-watch","18":"tag-international","19":"tag-j-d-vance","20":"tag-monde","21":"tag-news","22":"tag-world"},"share_on_mastodon":{"url":"https:\/\/pubeurope.com\/@fr\/115026151767590896","error":""},"_links":{"self":[{"href":"https:\/\/www.europesays.com\/fr\/wp-json\/wp\/v2\/posts\/318173","targetHints":{"allow":["GET"]}}],"collection":[{"href":"https:\/\/www.europesays.com\/fr\/wp-json\/wp\/v2\/posts"}],"about":[{"href":"https:\/\/www.europesays.com\/fr\/wp-json\/wp\/v2\/types\/post"}],"author":[{"embeddable":true,"href":"https:\/\/www.europesays.com\/fr\/wp-json\/wp\/v2\/users\/2"}],"replies":[{"embeddable":true,"href":"https:\/\/www.europesays.com\/fr\/wp-json\/wp\/v2\/comments?post=318173"}],"version-history":[{"count":0,"href":"https:\/\/www.europesays.com\/fr\/wp-json\/wp\/v2\/posts\/318173\/revisions"}],"wp:featuredmedia":[{"embeddable":true,"href":"https:\/\/www.europesays.com\/fr\/wp-json\/wp\/v2\/media\/318174"}],"wp:attachment":[{"href":"https:\/\/www.europesays.com\/fr\/wp-json\/wp\/v2\/media?parent=318173"}],"wp:term":[{"taxonomy":"category","embeddable":true,"href":"https:\/\/www.europesays.com\/fr\/wp-json\/wp\/v2\/categories?post=318173"},{"taxonomy":"post_tag","embeddable":true,"href":"https:\/\/www.europesays.com\/fr\/wp-json\/wp\/v2\/tags?post=318173"}],"curies":[{"name":"wp","href":"https:\/\/api.w.org\/{rel}","templated":true}]}}