{"id":318175,"date":"2025-08-14T08:22:09","date_gmt":"2025-08-14T08:22:09","guid":{"rendered":"https:\/\/www.europesays.com\/fr\/318175\/"},"modified":"2025-08-14T08:22:09","modified_gmt":"2025-08-14T08:22:09","slug":"piste-criminelle-vitesse-incroyable-ce-que-lon-sait-du-feu-qui-a-ravage-le-departement","status":"publish","type":"post","link":"https:\/\/www.europesays.com\/fr\/318175\/","title":{"rendered":"Piste criminelle, vitesse \u00ab\u00a0incroyable\u00a0\u00bb\u2026 Ce que l\u2019on sait du feu qui a ravag\u00e9 le d\u00e9partement"},"content":{"rendered":"<p>C\u2019est un feu qui malheureusement restera dans l\u2019histoire du fait de son ampleur et de sa grande vitesse de propagation. Avec ses paysages calcin\u00e9s \u00e0 perte de vue, l\u2019<a href=\"https:\/\/www.20minutes.fr\/dossier\/incendie\" target=\"_blank\" class=\"c-link c-link--is-underlined\" rel=\"nofollow noopener\">incendie<\/a>, qui a parcouru 16.000 hectares, a ravag\u00e9 l\u2019<a href=\"https:\/\/www.20minutes.fr\/societe\/aude\/\" target=\"_blank\" class=\"c-link c-link--is-underlined\" rel=\"nofollow noopener\">Aude<\/a> en seulement 48 heures.<\/p>\n<p>Deux jours apr\u00e8s avoir \u00e9t\u00e9 ma\u00eetris\u00e9, l\u2019enqu\u00eate s\u2019oriente d\u00e9sormais vers la piste criminelle. Voici ce qu\u2019il faut savoir sur ce feu qui a fait un mort et deux bless\u00e9s graves, et de son caract\u00e8re in\u00e9dit.<\/p>\n<p>Une origine potentiellement volontaire<\/p>\n<p>Le feu est parti vers 16h15 le 5\u00a0ao\u00fbt de la commune de Ribaute, \u00e0 une quarantaine de kilom\u00e8tres \u00e0 \u00e9quidistance entre <a href=\"https:\/\/www.20minutes.fr\/dossier\/narbonne\" target=\"_blank\" class=\"c-link c-link--is-underlined\" rel=\"nofollow noopener\">Narbonne<\/a> et <a href=\"https:\/\/www.20minutes.fr\/dossier\/carcassonne\" target=\"_blank\" class=\"c-link c-link--is-underlined\" rel=\"nofollow noopener\">Carcassonne<\/a>. Il s\u2019est d\u00e9clar\u00e9 le long de la RD212 qui relie les villages de Lagrasse et Ribaute.<\/p>\n<\/p>\n<p>Une enqu\u00eate a \u00e9t\u00e9 ouverte d\u00e8s le 6\u00a0ao\u00fbt par les services de gendarmerie de l\u2019Aude et de la section de recherche de <a href=\"https:\/\/www.20minutes.fr\/montpellier\/\" target=\"_blank\" class=\"c-link c-link--is-underlined\" rel=\"nofollow noopener\">Montpellier<\/a>. Le parquet de Carcassonne, initialement comp\u00e9tent g\u00e9ographiquement, s\u2019est dessaisi le 9\u00a0ao\u00fbt au profit du p\u00f4le r\u00e9gional de l\u2019environnement du parquet de Montpellier. Les \u00ab\u00a0experts estiment qu\u2019au regard des conditions de d\u00e9part du feu, celui-ci pourrait avoir une cause criminelle r\u00e9sultant d\u2019un acte volontaire\u00a0\u00bb, a d\u00e9clar\u00e9 le procureur de Montpellier, mercredi. Toutefois, \u00ab\u00a0cette premi\u00e8re expertise demande n\u00e9cessairement \u00e0 \u00eatre confirm\u00e9e par des investigations compl\u00e9mentaires\u00a0\u00bb, a-t-il pr\u00e9venu.<\/p>\n<p>Une vitesse de propagation particuli\u00e8rement rapide<\/p>\n<p>Les pompiers sont intervenus en moins de sept minutes et ont mobilis\u00e9 \u00ab\u00a0le maximum des capacit\u00e9s nationales\u00a0\u00bb a\u00e9riennes, selon la pr\u00e9fecture. Mais, malgr\u00e9 un dispositif \u00ab\u00a0colossal\u00a0\u00bb de plus de 2.000 pompiers, le massif des Corbi\u00e8res s\u2019est embras\u00e9 \u00ab\u00a0au grand galop\u00a0\u00bb, rapporte Bruno Zubieta, \u00e9lu de Villes\u00e8que-des-Corbi\u00e8res. La zone parcourue par le feu est en effet pass\u00e9e de 50 \u00e0 4.000 hectares en cinq heures, pour atteindre 16.000 hectares en \u00e0 peine plus de 48 heures. Ce jour-l\u00e0, M\u00e9t\u00e9o-France avait d\u2019ailleurs plac\u00e9 l\u2019Aude en vigilance rouge pour risque \u00ab\u00a0tr\u00e8s \u00e9lev\u00e9\u00a0\u00bb d\u2019incendies.<\/p>\n<p>Sous l\u2019effet conjugu\u00e9 de la tramontane, un vent sec et chaud, soufflant en rafales \u00e0 50\u00a0km\/h, de la s\u00e9cheresse, un taux d\u2019humidit\u00e9 inf\u00e9rieur \u00e0 30\u00a0%, de temp\u00e9ratures sup\u00e9rieures \u00e0 30 degr\u00e9s, le feu a atteint \u00ab\u00a0une vitesse de propagation de 1.000 hectares par heure\u00a0\u00bb, selon le colonel Christophe Magny, chef du Service d\u2019incendie et de secours de l\u2019Aude.<\/p>\n<p>Les flammes se sont d\u00e9plac\u00e9es \u00e0 la vitesse \u00ab\u00a0incroyable\u00a0\u00bb de 5 \u00e0 6\u00a0km\/h, explique l\u2019agroclimatologue Serge Zaka. Ma\u00eetris\u00e9 le 10\u00a0ao\u00fbt, soit cinq jours apr\u00e8s son d\u00e9clenchement, le feu ne sera pas \u00ab\u00a0\u00e9teint avant plusieurs semaines\u00a0\u00bb, a pr\u00e9venu le colonel Magny.<\/p>\n<p>Une topographie aggravante<\/p>\n<p>Constitu\u00e9 de montagnes et de monts, le massif des Corbi\u00e8res, transition entre le Massif Central et les Pyr\u00e9n\u00e9es, a un relief escarp\u00e9 qui a pu, selon l\u2019expert Serge Zaka, cr\u00e9er un \u00ab\u00a0effet chemin\u00e9e\u00a0\u00bb\u00a0: l\u2019air chaud monte rapidement, cr\u00e9ant \u00ab\u00a0un courant d\u2019air vertical qui acc\u00e9l\u00e8re la combustion et aspire les flammes vers le haut\u00a0\u00bb.<\/p>\n<p>Ce type de relief cr\u00e9e, selon lui, une \u00ab\u00a0inflammation plus pr\u00e9coce\u00a0\u00bb et un \u00ab\u00a0\u00e9chauffement plus rapide\u00a0\u00bb des v\u00e9g\u00e9taux, d\u2019autant que les r\u00e9sineux et la garrigue des Corbi\u00e8res constituent d\u00e9j\u00e0 un combustible naturel puissant.<\/p>\n<p>Un fort impact sur la population locale<\/p>\n<p>Une femme de 65 ans a \u00e9t\u00e9 retrouv\u00e9e morte \u00e0 son domicile de Saint-Laurent-de-la-Cabrerisse. La pr\u00e9fecture a d\u00e9compt\u00e9 24 bless\u00e9s dont un habitant gri\u00e8vement br\u00fbl\u00e9 et un pompier victime d\u2019un traumatisme cr\u00e2nien.<\/p>\n<p>Au moins 2.000 personnes ont \u00e9t\u00e9 \u00e9vacu\u00e9es des 16 villages sinistr\u00e9s, la plupart n\u2019ont pu regagner leur domicile que le 8\u00a0ao\u00fbt. Jusqu\u2019\u00e0 5.000 foyers ont \u00e9t\u00e9 priv\u00e9s d\u2019\u00e9lectricit\u00e9 en raison de pyl\u00f4nes et poteaux br\u00fbl\u00e9s ou effondr\u00e9s, huit communes n\u2019\u00e9taient plus aliment\u00e9es en eau potable. Et 36 maisons ont \u00e9t\u00e9 d\u00e9truites, de m\u00eame que 21 hangars agricoles et chalets, et 54 v\u00e9hicules ont br\u00fbl\u00e9.<\/p>\n<p><a href=\"https:\/\/www.20minutes.fr\/dossier\/incendie\" target=\"_blank\" class=\"c-link c-btn c-btn--primary\" rel=\"nofollow noopener\">Notre dossier sur les Incendies<\/a><\/p>\n<p>Enfin, quelque 2.200 hectares de cultures ont \u00e9t\u00e9 parcourus par le feu, selon le procureur, dont \u00ab\u00a01.000 \u00e0 1.500 hectares de vignobles ont \u00e9t\u00e9 fortement impact\u00e9s\u00a0\u00bb, selon le vice-pr\u00e9sident de la <a href=\"https:\/\/www.20minutes.fr\/dossier\/fnsea\" target=\"_blank\" class=\"c-link c-link--is-underlined\" rel=\"nofollow noopener\">FNSEA<\/a> J\u00e9r\u00f4me Despey.<\/p>\n<p>Un incendie hors normes<\/p>\n<p>\u00ab\u00a0Catastrophe d\u2019une ampleur in\u00e9dite\u00a0\u00bb, selon le Premier ministre Fran\u00e7ois Bayrou, l\u2019incendie est le pire depuis au moins 50 ans sur le pourtour m\u00e9diterran\u00e9en fran\u00e7ais, d\u2019apr\u00e8s la Base de donn\u00e9es gouvernementale des incendies de for\u00eat en France (BDIFF).<\/p>\n<p>Avec ses 16.000 hectares parcourus, dont 13.000 ont br\u00fbl\u00e9, selon la S\u00e9curit\u00e9 civile, c\u2019est aussi le plus gros incendie de l\u2019\u00e9t\u00e9\u00a02025 dans l\u2019Hexagone. Fin juillet, \u00e0 la moiti\u00e9 de la saison estivale et avant que celui-ci ne se d\u00e9clenche, la S\u00e9curit\u00e9 civile avait comptabilis\u00e9 plus de 15.000 hectares br\u00fbl\u00e9s sur le territoire national, principalement sur le littoral m\u00e9diterran\u00e9en.<\/p>\n","protected":false},"excerpt":{"rendered":"C\u2019est un feu qui malheureusement restera dans l\u2019histoire du fait de son ampleur et de sa grande vitesse&hellip;\n","protected":false},"author":2,"featured_media":318176,"comment_status":"","ping_status":"","sticky":false,"template":"","format":"standard","meta":{"footnotes":""},"categories":[4],"tags":[11,4086,6698,1312,27571,1011,27,1310,2681,12,2680,52,1311,44333,25,133],"class_list":{"0":"post-318175","1":"post","2":"type-post","3":"status-publish","4":"format-standard","5":"has-post-thumbnail","7":"category-france","8":"tag-actualites","9":"tag-aude","10":"tag-canicule","11":"tag-feu","12":"tag-feux-de-foret","13":"tag-fr","14":"tag-france","15":"tag-incendie","16":"tag-languedoc-roussillon","17":"tag-news","18":"tag-occitanie","19":"tag-planete","20":"tag-pompiers","21":"tag-pyromane","22":"tag-republique-francaise","23":"tag-video"},"share_on_mastodon":{"url":"https:\/\/pubeurope.com\/@fr\/115026155630889083","error":""},"_links":{"self":[{"href":"https:\/\/www.europesays.com\/fr\/wp-json\/wp\/v2\/posts\/318175","targetHints":{"allow":["GET"]}}],"collection":[{"href":"https:\/\/www.europesays.com\/fr\/wp-json\/wp\/v2\/posts"}],"about":[{"href":"https:\/\/www.europesays.com\/fr\/wp-json\/wp\/v2\/types\/post"}],"author":[{"embeddable":true,"href":"https:\/\/www.europesays.com\/fr\/wp-json\/wp\/v2\/users\/2"}],"replies":[{"embeddable":true,"href":"https:\/\/www.europesays.com\/fr\/wp-json\/wp\/v2\/comments?post=318175"}],"version-history":[{"count":0,"href":"https:\/\/www.europesays.com\/fr\/wp-json\/wp\/v2\/posts\/318175\/revisions"}],"wp:featuredmedia":[{"embeddable":true,"href":"https:\/\/www.europesays.com\/fr\/wp-json\/wp\/v2\/media\/318176"}],"wp:attachment":[{"href":"https:\/\/www.europesays.com\/fr\/wp-json\/wp\/v2\/media?parent=318175"}],"wp:term":[{"taxonomy":"category","embeddable":true,"href":"https:\/\/www.europesays.com\/fr\/wp-json\/wp\/v2\/categories?post=318175"},{"taxonomy":"post_tag","embeddable":true,"href":"https:\/\/www.europesays.com\/fr\/wp-json\/wp\/v2\/tags?post=318175"}],"curies":[{"name":"wp","href":"https:\/\/api.w.org\/{rel}","templated":true}]}}