{"id":318183,"date":"2025-08-14T08:29:11","date_gmt":"2025-08-14T08:29:11","guid":{"rendered":"https:\/\/www.europesays.com\/fr\/318183\/"},"modified":"2025-08-14T08:29:11","modified_gmt":"2025-08-14T08:29:11","slug":"lancien-candidat-a-la-mairie-eddie-goujit-mis-en-examen-et-ecroue-pour-escroqueries","status":"publish","type":"post","link":"https:\/\/www.europesays.com\/fr\/318183\/","title":{"rendered":"L\u2019ancien candidat \u00e0 la mairie Eddie Goujit mis en examen et \u00e9crou\u00e9 pour escroqueries"},"content":{"rendered":"<p>Il \u00e9tait recherch\u00e9 par la police depuis plusieurs mois. Eddie Goujit a \u00e9t\u00e9 interpell\u00e9 par les gendarmes \u00e0 Bourg-Saint-And\u00e9ol (<a href=\"https:\/\/www.20minutes.fr\/societe\/ardeche\/\" class=\"c-link c-link--is-underlined\" target=\"_blank\" rel=\"noopener\">Ard\u00e8che<\/a>), lundi. Ex-candidat \u00e0 la mairie de Toulon, le jeune homme de 18 ans est poursuivi apr\u00e8s de nombreuses plaintes pour escroquerie. Les derni\u00e8res\u00a0? <a href=\"https:\/\/www.20minutes.fr\/faits_divers\/4167819-20250813-faux-ministre-bayrou-vrai-escroc-eddie-goujit-recidive-camping-fait-arreter\" class=\"c-link c-link--is-underlined\" target=\"_blank\" rel=\"noopener\">Il s\u2019\u00e9tait pr\u00e9sent\u00e9 un ministre de Fran\u00e7ois Bayrou ou avait r\u00e9clam\u00e9 de l\u2019argent \u00e0 des enfants pour un acc\u00e8s \u00e0 un city stade gratuit<\/a>\u2026<\/p>\n<p>Il s\u2019\u00e9tait aussi notamment fait passer pour un \u00e9lu de la r\u00e9gion Provence-Alpes-C\u00f4te-d&rsquo;Azur (Paca) ou encore le petit-fils d\u2019Hubert Falco. Eddie Goujit a \u00e9t\u00e9 mis en examen des chefs de faux et usage de faux, usurpation de titres, tentatives d\u2019escroqueries, escroqueries et vols commis entre f\u00e9vrier\u00a02023 et juillet\u00a02025, indique <a href=\"https:\/\/www.varmatin.com\/faits-divers\/eddie-goujit-le-faux-elu-de-la-region-poursuivi-pour-escroqueries-mis-en-examen-997988\" target=\"_blank\" class=\"c-link c-link--is-underlined\" rel=\"noopener\">Var Matin<\/a>.<\/p>\n","protected":false},"excerpt":{"rendered":"Il \u00e9tait recherch\u00e9 par la police depuis plusieurs mois. Eddie Goujit a \u00e9t\u00e9 interpell\u00e9 par les gendarmes \u00e0&hellip;\n","protected":false},"author":2,"featured_media":318184,"comment_status":"","ping_status":"","sticky":false,"template":"","format":"standard","meta":{"footnotes":""},"categories":[9619],"tags":[1111,47,11,4646,2430,3513,1777,674,1011,27,303,12,883,882,25,2431,2310,7506],"class_list":{"0":"post-318183","1":"post","2":"type-post","3":"status-publish","4":"format-standard","5":"has-post-thumbnail","7":"category-toulon","8":"tag-actu","9":"tag-actualite","10":"tag-actualites","11":"tag-ardeche","12":"tag-auvergne-rhone-alpes","13":"tag-escroquerie","14":"tag-eu","15":"tag-europe","16":"tag-fr","17":"tag-france","18":"tag-justice","19":"tag-news","20":"tag-paca","21":"tag-provence-alpes-cote-dazur","22":"tag-republique-francaise","23":"tag-rhone-alpes","24":"tag-toulon","25":"tag-var"},"share_on_mastodon":{"url":"https:\/\/pubeurope.com\/@fr\/115026183142584550","error":""},"_links":{"self":[{"href":"https:\/\/www.europesays.com\/fr\/wp-json\/wp\/v2\/posts\/318183","targetHints":{"allow":["GET"]}}],"collection":[{"href":"https:\/\/www.europesays.com\/fr\/wp-json\/wp\/v2\/posts"}],"about":[{"href":"https:\/\/www.europesays.com\/fr\/wp-json\/wp\/v2\/types\/post"}],"author":[{"embeddable":true,"href":"https:\/\/www.europesays.com\/fr\/wp-json\/wp\/v2\/users\/2"}],"replies":[{"embeddable":true,"href":"https:\/\/www.europesays.com\/fr\/wp-json\/wp\/v2\/comments?post=318183"}],"version-history":[{"count":0,"href":"https:\/\/www.europesays.com\/fr\/wp-json\/wp\/v2\/posts\/318183\/revisions"}],"wp:featuredmedia":[{"embeddable":true,"href":"https:\/\/www.europesays.com\/fr\/wp-json\/wp\/v2\/media\/318184"}],"wp:attachment":[{"href":"https:\/\/www.europesays.com\/fr\/wp-json\/wp\/v2\/media?parent=318183"}],"wp:term":[{"taxonomy":"category","embeddable":true,"href":"https:\/\/www.europesays.com\/fr\/wp-json\/wp\/v2\/categories?post=318183"},{"taxonomy":"post_tag","embeddable":true,"href":"https:\/\/www.europesays.com\/fr\/wp-json\/wp\/v2\/tags?post=318183"}],"curies":[{"name":"wp","href":"https:\/\/api.w.org\/{rel}","templated":true}]}}