{"id":318185,"date":"2025-08-14T08:30:13","date_gmt":"2025-08-14T08:30:13","guid":{"rendered":"https:\/\/www.europesays.com\/fr\/318185\/"},"modified":"2025-08-14T08:30:13","modified_gmt":"2025-08-14T08:30:13","slug":"eddie-goujit-mis-en-examen-et-place-en-detention-provisoire","status":"publish","type":"post","link":"https:\/\/www.europesays.com\/fr\/318185\/","title":{"rendered":"Eddie Goujit mis en examen et plac\u00e9 en d\u00e9tention provisoire"},"content":{"rendered":"<p class=\"article__intro\">Eddie Goujit, 18 ans et candidat \u00e0 la mairie de Toulon, a \u00e9t\u00e9 mis en examen lundi pour divers chefs d&rsquo;accusation, notamment escroquerie et usurpation d&rsquo;identit\u00e9. Il est accus\u00e9 d&rsquo;avoir tromp\u00e9 la R\u00e9gion Sud, des associations et des particuliers. Il a \u00e9t\u00e9 plac\u00e9 en d\u00e9tention provisoire.<\/p>\n<p>\n      La Quotidienne Soci\u00e9t\u00e9\n    <\/p>\n<p>\n      De la vie quotidienne aux grands enjeux, recevez tous les jours les sujets qui font la soci\u00e9t\u00e9 locale, comme la justice, l\u2019\u00e9ducation, la sant\u00e9 et la famille.\n    <\/p>\n<p>    France T\u00e9l\u00e9visions utilise votre adresse e-mail afin de vous envoyer la newsletter \u00ab\u00a0La Quotidienne Soci\u00e9t\u00e9\u00a0\u00bb. Vous pouvez vous d\u00e9sinscrire \u00e0 tout moment via le lien en bas de cette newsletter. <a target=\"_blank\" href=\"https:\/\/www.francetelevisions.fr\/groupe\/confidentialite\/politique-de-confidentialite\/politique-de-confidentialite-de-france-televisions-6503\" rel=\"nofollow noopener\">Notre politique de confidentialit\u00e9<\/a><\/p>\n<p>L&rsquo;ancien membre du Parlement de la jeunesse et candidat d\u00e9clar\u00e9 \u00e0 la mairie de Toulon en 2026, Eddie Goujit, a \u00e9t\u00e9 \u00ab\u00a0mis en examen des chefs de faux et usage de faux, usurpation de titres, tentatives d\u2019escroqueries, escroqueries, vols commis entre f\u00e9vrier 2023 et juillet 2025\u00a0\u00bb, a annonc\u00e9 le parquet de Toulon.<\/p>\n<p>Mercredi 13 ao\u00fbt, il <a>avait \u00e9t\u00e9 plac\u00e9 en garde \u00e0 vue<\/a> apr\u00e8s son arrestation \u00e0 la sortie d&rsquo;un camping en Ard\u00e8che, dans lequel il travaillait comme animateur cet \u00e9t\u00e9. D&rsquo;apr\u00e8s nos informations, <a>c&rsquo;est la directrice de l&rsquo;\u00e9tablissement qui a alert\u00e9 la police<\/a>, alors qu&rsquo;il se rendait \u00e0 la gare. Elle racontait alors \u00e0 France 3 C\u00f4te d&rsquo;Azur que<a> le jeune employ\u00e9 soutirait de l&rsquo;argent \u00e0 des enfants <\/a>en organisant des soir\u00e9es.<\/p>\n<blockquote class=\"ftvi_content_quote\">\n<p class=\"ftvi_citation_quote\">Quand j&rsquo;ai tap\u00e9 son nom sur Google, j&rsquo;ai compris qu&rsquo;il \u00e9tait recherch\u00e9.<\/p>\n<p>La directrice du camping dans lequel Eddie Goujit travaillait<\/p>\n<p class=\"ftvi_citation_source\">\u00e0 france 3<\/p>\n<\/blockquote>\n<p>De nombreuses accusations<\/p>\n<p>L&rsquo;homme \u00e9tait recherch\u00e9 par les autorit\u00e9s depuis plusieurs mois. Plusieurs plaintes avaient \u00e9t\u00e9 d\u00e9pos\u00e9es \u00e0 son encontre, dont une par R\u00e9gion Sud. L&rsquo;int\u00e9ress\u00e9 n\u2019avait cependant r\u00e9pondu \u00e0 aucune des convocations adress\u00e9es par la justice.<\/p>\n<p>Il aurait utilis\u00e9 plusieurs identit\u00e9s fictives pour duper des associations, des professionnels et des particuliers. Eddie Goujit se serait notamment fait passer pour le vice-pr\u00e9sident de la R\u00e9gion Sud, un ministre de Fran\u00e7ois Bayrou ou encore le responsable d\u2019une structure pr\u00e9sent\u00e9e comme gouvernementale.<\/p>\n<p>Signature de faux contrats de partenariat, <a>remise d&rsquo;un faux ch\u00e8que de 175 000 euros<\/a> \u00e0 une association, ou encore production de factures \u00e0 destination de la R\u00e9gion : de nombreux faits lui sont reproch\u00e9s. <\/p>\n<p>L&rsquo;individu a \u00e9t\u00e9 plac\u00e9 mercredi soir en d\u00e9tention provisoire par le juge des libert\u00e9s et de la d\u00e9tention.<\/p>\n","protected":false},"excerpt":{"rendered":"Eddie Goujit, 18 ans et candidat \u00e0 la mairie de Toulon, a \u00e9t\u00e9 mis en examen lundi pour&hellip;\n","protected":false},"author":2,"featured_media":318186,"comment_status":"","ping_status":"","sticky":false,"template":"","format":"standard","meta":{"footnotes":""},"categories":[9619],"tags":[1111,11,1777,674,1011,27,12,882,25,2310],"class_list":{"0":"post-318185","1":"post","2":"type-post","3":"status-publish","4":"format-standard","5":"has-post-thumbnail","7":"category-toulon","8":"tag-actu","9":"tag-actualites","10":"tag-eu","11":"tag-europe","12":"tag-fr","13":"tag-france","14":"tag-news","15":"tag-provence-alpes-cote-dazur","16":"tag-republique-francaise","17":"tag-toulon"},"share_on_mastodon":{"url":"https:\/\/pubeurope.com\/@fr\/115026186954558499","error":""},"_links":{"self":[{"href":"https:\/\/www.europesays.com\/fr\/wp-json\/wp\/v2\/posts\/318185","targetHints":{"allow":["GET"]}}],"collection":[{"href":"https:\/\/www.europesays.com\/fr\/wp-json\/wp\/v2\/posts"}],"about":[{"href":"https:\/\/www.europesays.com\/fr\/wp-json\/wp\/v2\/types\/post"}],"author":[{"embeddable":true,"href":"https:\/\/www.europesays.com\/fr\/wp-json\/wp\/v2\/users\/2"}],"replies":[{"embeddable":true,"href":"https:\/\/www.europesays.com\/fr\/wp-json\/wp\/v2\/comments?post=318185"}],"version-history":[{"count":0,"href":"https:\/\/www.europesays.com\/fr\/wp-json\/wp\/v2\/posts\/318185\/revisions"}],"wp:featuredmedia":[{"embeddable":true,"href":"https:\/\/www.europesays.com\/fr\/wp-json\/wp\/v2\/media\/318186"}],"wp:attachment":[{"href":"https:\/\/www.europesays.com\/fr\/wp-json\/wp\/v2\/media?parent=318185"}],"wp:term":[{"taxonomy":"category","embeddable":true,"href":"https:\/\/www.europesays.com\/fr\/wp-json\/wp\/v2\/categories?post=318185"},{"taxonomy":"post_tag","embeddable":true,"href":"https:\/\/www.europesays.com\/fr\/wp-json\/wp\/v2\/tags?post=318185"}],"curies":[{"name":"wp","href":"https:\/\/api.w.org\/{rel}","templated":true}]}}