{"id":318191,"date":"2025-08-14T08:33:08","date_gmt":"2025-08-14T08:33:08","guid":{"rendered":"https:\/\/www.europesays.com\/fr\/318191\/"},"modified":"2025-08-14T08:33:08","modified_gmt":"2025-08-14T08:33:08","slug":"nos-idees-de-sorties-a-rouen-pour-ce-weekend-du-15-aout","status":"publish","type":"post","link":"https:\/\/www.europesays.com\/fr\/318191\/","title":{"rendered":"nos id\u00e9es de sorties \u00e0 Rouen pour ce weekend du 15 ao\u00fbt"},"content":{"rendered":"<p>            Par<br \/>\n        <strong><br \/>\n            <a href=\"https:\/\/actu.fr\/auteur\/julien-bouteiller\" title=\"Consulter tous les articles de Julien Bouteiller\" rel=\"nofollow noopener\" target=\"_blank\">Julien Bouteiller<\/a><br \/>\n        <\/strong><\/p>\n<p>        Publi\u00e9 le<\/p>\n<p>            14 ao\u00fbt 2025 \u00e0 9h51        <\/p>\n<p>Pour ceux qui ne sont pas en vacances, c\u2019est <strong>un weekend de trois jours<\/strong> qui arrive, gr\u00e2ce au vendredi 15\u00a0ao\u00fbt f\u00e9ri\u00e9. Et si vous vous demandez encore comment en profiter, <strong>on vous donne nos id\u00e9es de sorties \u00e0 Rouen<\/strong> pour ce weekend.<\/p>\n<p>Tester ce nouveau restaurant<\/p>\n<p class=\" wall-content\">Envie de vivre la dolce vita\u2009? Pas besoin d\u2019aller en Italie, puisqu\u2019il suffit d\u2019aller <strong>rue Eau-de-Robec<\/strong> \u00e0 Rouen pour tester <strong>Bambini<\/strong>, un nouveau restaurant italien. Et si \u00e7a ne suffit pas \u00e0 vous convaincre, <a href=\"https:\/\/actu.fr\/?p=63032671\" rel=\"nofollow noopener\" target=\"_blank\">l\u2019avis de notre critique culinaire<\/a> pourrait bien vous aider.<\/p>\n<p>Une grande f\u00eate \u00e0 Duclair<\/p>\n<p class=\" wall-content\">Jeudi et vendredi, <strong>Duclair<\/strong> va vivre au rythme de la f\u00eate des Monts. <strong>Au programme\u2009:<\/strong> retraite aux flambeaux de motos, feu d\u2019artifice, foire \u00e0 tout et concerts, avec <a href=\"https:\/\/actu.fr\/normandie\/duclair_76222\/motards-feu-d-artifice-et-star-des-annees-80-une-grosse-fete-arrive-pres-de-rouen_63026983.html\" rel=\"nofollow noopener\" target=\"_blank\">la pr\u00e9sence d\u2019une star de la chanson<\/a>.<\/p>\n<p>Des animations gratuites dans la M\u00e9tropole<\/p>\n<p class=\" wall-content\">Tout l\u2019\u00e9t\u00e9, la M\u00e9tropole propose <strong>plusieurs animations gratuites<\/strong>. Ce weekend, ce sera spectacle de cirque \u00e0 l\u2019a\u00eetre Saint-Maclou. Dimanche, place \u00e0 <strong>un grand bal<\/strong> sur l\u2019esplanade du mus\u00e9e des Beaux-Arts. <a href=\"https:\/\/url.de.m.mimecastprotect.com\/s\/ALMwCBrD9MIEE0j3Hzfxs2Mi84?domain=r.presse.metropole-rouen-normandie.fr\" rel=\"nofollow noopener\" target=\"_blank\">Toutes les infos sont ici<\/a>. Ce dimanche, vous pourrez aussi profiter <a href=\"https:\/\/actu.fr\/normandie\/rouen_76540\/kayak-paddle-voile-a-rouen-des-activites-pour-profiter-du-nouveau-canal-de-la-seine-pendant-l-ete_62942861.html\" rel=\"nofollow noopener\" target=\"_blank\">des activit\u00e9s nautiques<\/a> <strong>au parc-canal Camille-Claudel.<\/strong><\/p>\n<p>D\u00e9couvrir des p\u00e2tisseries aux fleurs<\/p>\n<p class=\" wall-content\">Une nouvelle adresse pour les gourmands\u2009! <strong>Place des Carmes<\/strong>, <a href=\"https:\/\/actu.fr\/normandie\/rouen_76540\/passee-chez-cyril-lignac-claire-propose-ses-patisseries-aux-fleurs-a-rouen_62945810.html\" rel=\"nofollow noopener\" target=\"_blank\">Claire Simon a ouvert Fleurs Sucr\u00e9es<\/a>. Pass\u00e9e chez Cyril Lignac et plusieurs grandes maisons, elle propose des p\u00e2tisseries savoureuses <strong>dont certaines agr\u00e9ment\u00e9es de fleurs<\/strong>. \u00c0 tester\u2009!<\/p>\n<p>Un petit action game<\/p>\n<p class=\" wall-content\">Pr\u00eats \u00e0 relever un d\u00e9fi aussi ludique que physique entre amis ou en famille\u2009? Vous pouvez vous laisser tenter par <a href=\"https:\/\/actu.fr\/normandie\/rouen_76540\/tres-physique-et-technologique-un-escape-game-ameliore-ouvre-bientot-ses-portes-a-rouen_62589260.html\" rel=\"nofollow noopener\" target=\"_blank\">Bomb Squad<\/a>. Juste \u00e0 c\u00f4t\u00e9 des Docks 76,<strong> cet action game<\/strong> n\u00e9cessitera entraide et \u00e9nergie pour r\u00e9soudre des \u00e9nigmes et \u00e9chapper aux pi\u00e8ges des diff\u00e9rentes salles.<\/p>\n<p>Suivez l\u2019actualit\u00e9 de Rouen <a href=\"https:\/\/www.whatsapp.com\/channel\/0029VaKfnf99hXF2ddApFB1D\" rel=\"nofollow noopener\" target=\"_blank\">sur notre cha\u00eene WhatsApp<\/a> et <a href=\"https:\/\/www.tiktok.com\/@76actu.fr?lang=fr\" rel=\"nofollow noopener\" target=\"_blank\">sur notre compte TikTok<\/a>Vous souhaitez annoncer un \u00e9v\u00e9nement festif ou associatif, une initiative locale\u2009? Rendez-vous sur notre plateforme <a href=\"https:\/\/www.infolocale.fr\/decouvrir\/actu\/\" rel=\"nofollow noopener\" target=\"_blank\">Infolocale<\/a>.<\/p>\n<p class=\" wall-content\">Suivez toute l\u2019actualit\u00e9 de vos villes et m\u00e9dias favoris en vous inscrivant \u00e0 <a href=\"https:\/\/moncompte.actu.fr\" title=\"D\u00e9couvez Mon Actu\" rel=\"nofollow noopener\" data-trk=\"{&quot;cta&quot;:{&quot;action&quot;:&quot;https:\\\/\\\/moncompte.actu.fr&quot;,&quot;category&quot;:&quot;mon compte&quot;,&quot;from&quot;:&quot;article footer&quot;,&quot;name&quot;:&quot;Mon actu&quot;,&quot;type&quot;:&quot;cta&quot;}}\" target=\"_blank\">Mon Actu<\/a>.<\/p>\n<p>                    <script async src=\"\/\/www.tiktok.com\/embed.js\"><\/script><\/p>\n","protected":false},"excerpt":{"rendered":"Par Julien Bouteiller Publi\u00e9 le 14 ao\u00fbt 2025 \u00e0 9h51 Pour ceux qui ne sont pas en vacances,&hellip;\n","protected":false},"author":2,"featured_media":318192,"comment_status":"","ping_status":"","sticky":false,"template":"","format":"standard","meta":{"footnotes":""},"categories":[9587],"tags":[1111,11,9086,1777,674,1011,27,1652,12,5161,25,9590],"class_list":{"0":"post-318191","1":"post","2":"type-post","3":"status-publish","4":"format-standard","5":"has-post-thumbnail","7":"category-rouen","8":"tag-actu","9":"tag-actualites","10":"tag-bon-plan-a-rouen","11":"tag-eu","12":"tag-europe","13":"tag-fr","14":"tag-france","15":"tag-loisirs-culture","16":"tag-news","17":"tag-normandie","18":"tag-republique-francaise","19":"tag-rouen"},"share_on_mastodon":{"url":"https:\/\/pubeurope.com\/@fr\/115026198828102236","error":""},"_links":{"self":[{"href":"https:\/\/www.europesays.com\/fr\/wp-json\/wp\/v2\/posts\/318191","targetHints":{"allow":["GET"]}}],"collection":[{"href":"https:\/\/www.europesays.com\/fr\/wp-json\/wp\/v2\/posts"}],"about":[{"href":"https:\/\/www.europesays.com\/fr\/wp-json\/wp\/v2\/types\/post"}],"author":[{"embeddable":true,"href":"https:\/\/www.europesays.com\/fr\/wp-json\/wp\/v2\/users\/2"}],"replies":[{"embeddable":true,"href":"https:\/\/www.europesays.com\/fr\/wp-json\/wp\/v2\/comments?post=318191"}],"version-history":[{"count":0,"href":"https:\/\/www.europesays.com\/fr\/wp-json\/wp\/v2\/posts\/318191\/revisions"}],"wp:featuredmedia":[{"embeddable":true,"href":"https:\/\/www.europesays.com\/fr\/wp-json\/wp\/v2\/media\/318192"}],"wp:attachment":[{"href":"https:\/\/www.europesays.com\/fr\/wp-json\/wp\/v2\/media?parent=318191"}],"wp:term":[{"taxonomy":"category","embeddable":true,"href":"https:\/\/www.europesays.com\/fr\/wp-json\/wp\/v2\/categories?post=318191"},{"taxonomy":"post_tag","embeddable":true,"href":"https:\/\/www.europesays.com\/fr\/wp-json\/wp\/v2\/tags?post=318191"}],"curies":[{"name":"wp","href":"https:\/\/api.w.org\/{rel}","templated":true}]}}