{"id":318195,"date":"2025-08-14T08:35:10","date_gmt":"2025-08-14T08:35:10","guid":{"rendered":"https:\/\/www.europesays.com\/fr\/318195\/"},"modified":"2025-08-14T08:35:10","modified_gmt":"2025-08-14T08:35:10","slug":"cote-cour-cote-salle-les-affiches-de-grenoble-et-du-dauphine","status":"publish","type":"post","link":"https:\/\/www.europesays.com\/fr\/318195\/","title":{"rendered":"C\u00f4t\u00e9 cour, c\u00f4t\u00e9 salle &#8211; Les Affiches de Grenoble et du Dauphin\u00e9"},"content":{"rendered":"<p>S\u2019adapter pour perdurer. Ce pourrait \u00eatre le nouvel adage du Festival de la cour du Vieux Temple, qui, pour la deuxi\u00e8me ann\u00e9e, doit cohabiter avec le Minimistan, \u00e0 Grenoble. Du 23 au 29\u00a0ao\u00fbt, la moiti\u00e9 des spectacles se d\u00e9roulera en int\u00e9rieur, avec une programmation qualitative pour s\u00e9duire malgr\u00e9 tout le public.<\/p>\n<p>C\u2019est une 25e\u00a0\u00e9dition un peu diff\u00e9rente des autres. Depuis deux ans, le Festival de la cour du Vieux Temple doit combiner avec le Minimistan, qui a \u00e9lu domicile dans l\u2019ancien couvent des Minimes, \u00e0 Grenoble. \u00ab\u00a0Le bar et le resto ne peuvent pas fermer\u00a0\u00bb, annonce Emmanu\u00e8le Amiell, directrice de l\u2019\u00e9v\u00e9nement. Difficile en effet pour le Minimistan de se priver pendant une semaine de sa vaste cour, qui fait le plein les soirs d\u2019\u00e9t\u00e9. \u00ab\u00a0Nous travaillons en \u00e9troite collaboration\u00a0\u00bb, assure la directrice.<\/p>\n<p>Plein air et int\u00e9rieur<\/p>\n<p>Samedi 23\u00a0ao\u00fbt, les festivit\u00e9s d\u00e9buteront en deux temps et dans deux lieux\u00a0: un concert et un bal folk investiront la cour Marcel-Reymond, tandis que la pi\u00e8ce Je te regarde sera propos\u00e9e en salle Olivier Messiaen, situ\u00e9e \u00e0 proximit\u00e9. Fini les gradins, un grand plateau, dispos\u00e9 \u00e0 un m\u00e8tre de hauteur, occupera la cour historique pendant trois soir\u00e9es\u00a0: le dimanche (jour de fermeture hebdomadaire du Minimistan), le lundi et le mardi. Le reste de la semaine se d\u00e9roulera en int\u00e9rieur, \u00e0 l\u2019exception de la traditionnelle \u00ab\u00a0demi-heure joyeuse\u00a0\u00bb, qui invitera des musiciens \u2013 d\u00e9sormais s\u00e9lectionn\u00e9s en amont \u2013 \u00e0 se produire dans la cour, \u00e0 18\u00a0h.<\/p>\n<p>Musique et th\u00e9\u00e2tre<\/p>\n<p>Malgr\u00e9 ces changements d\u2019organisation, la programmation s\u2019annonce de \u00ab\u00a0grande qualit\u00e9\u00a0\u00bb et \u00ab\u00a0plus professionnelle\u00a0\u00bb. \u00ab\u00a0Elle parle beaucoup de ce qu\u2019il se passe en ce moment \u2013 \u00e9cologie, IA, r\u00e9seaux\u2026\u00a0\u2013, mais pas de fa\u00e7on plombante, constate Emmanu\u00e8le Amiell. Nous avons besoin de spectacles qui parlent de notre soci\u00e9t\u00e9 et qui nous font r\u00e9fl\u00e9chir.\u00a0\u00bb Fid\u00e8les aux habitudes,les premi\u00e8res parties se feront en musique, allant du concert jeune public, le dimanche, au musicien grenoblois Arash Sarkechik, le lendemain. C\u00f4t\u00e9 th\u00e9\u00e2tre, le festival continuera de s\u2019ouvrir aux amateurs avec la com\u00e9die polici\u00e8re Meurtre \u00e0 l\u2019Auberge de l\u2019Autruche bleue, le lundi, suivie le lendemain des Mots nus, autour du soul\u00e8vement des banlieues. Nouveaut\u00e9, le jeudi se d\u00e9roulera enti\u00e8rement aux c\u00f4t\u00e9s du Th\u00e9\u00e2tre du Risque, qui reviendra sur l\u2019histoire des Atrides, d\u2019apr\u00e8s Tiago Rodrigues. \u00ab Nous avons d\u00e9cid\u00e9 de monter cette \u00e9pop\u00e9e pour f\u00eater les 20 ans de la compagnie \u00bb, explique le com\u00e9dien Charles-\u00c9tienne Coly. Au vu de la programmation, certains regretteront peut-\u00eatre le charme des spectacles donn\u00e9s exclusivement en plein air. \u00ab\u00a0Bien s\u00fbr que le festival change, mais les choses changent dans la vie et on s\u2019adapte, r\u00e9pond la directrice. Soyons un peu aventuriers\u00a0!\u00a0\u00bb \u00c0 bon entendeur\u2026<\/p>\n<p><strong>Festival de la cour du Vieux Temple : <\/strong>du samedi 23 au vendredi 29 ao\u00fbt, en soir\u00e9e, dans la cour Marcel-Reymond ou en salle Olivier Messiaen, \u00e0 Grenoble. Atelier de gravure et bar \u00e0 estampes, par Mille lieues, du dimanche au mercredi, \u00e0 partir de 15 h 30, dans la cour. Tarifs : festivalduvieuxtemple.fr \/ 06 59 15 31 13.<\/p>\n","protected":false},"excerpt":{"rendered":"S\u2019adapter pour perdurer. Ce pourrait \u00eatre le nouvel adage du Festival de la cour du Vieux Temple, qui,&hellip;\n","protected":false},"author":2,"featured_media":318196,"comment_status":"","ping_status":"","sticky":false,"template":"","format":"standard","meta":{"footnotes":""},"categories":[9566],"tags":[1111,11,2430,1777,674,1011,27,2731,12,25],"class_list":{"0":"post-318195","1":"post","2":"type-post","3":"status-publish","4":"format-standard","5":"has-post-thumbnail","7":"category-grenoble","8":"tag-actu","9":"tag-actualites","10":"tag-auvergne-rhone-alpes","11":"tag-eu","12":"tag-europe","13":"tag-fr","14":"tag-france","15":"tag-grenoble","16":"tag-news","17":"tag-republique-francaise"},"share_on_mastodon":{"url":"https:\/\/pubeurope.com\/@fr\/115026206682626334","error":""},"_links":{"self":[{"href":"https:\/\/www.europesays.com\/fr\/wp-json\/wp\/v2\/posts\/318195","targetHints":{"allow":["GET"]}}],"collection":[{"href":"https:\/\/www.europesays.com\/fr\/wp-json\/wp\/v2\/posts"}],"about":[{"href":"https:\/\/www.europesays.com\/fr\/wp-json\/wp\/v2\/types\/post"}],"author":[{"embeddable":true,"href":"https:\/\/www.europesays.com\/fr\/wp-json\/wp\/v2\/users\/2"}],"replies":[{"embeddable":true,"href":"https:\/\/www.europesays.com\/fr\/wp-json\/wp\/v2\/comments?post=318195"}],"version-history":[{"count":0,"href":"https:\/\/www.europesays.com\/fr\/wp-json\/wp\/v2\/posts\/318195\/revisions"}],"wp:featuredmedia":[{"embeddable":true,"href":"https:\/\/www.europesays.com\/fr\/wp-json\/wp\/v2\/media\/318196"}],"wp:attachment":[{"href":"https:\/\/www.europesays.com\/fr\/wp-json\/wp\/v2\/media?parent=318195"}],"wp:term":[{"taxonomy":"category","embeddable":true,"href":"https:\/\/www.europesays.com\/fr\/wp-json\/wp\/v2\/categories?post=318195"},{"taxonomy":"post_tag","embeddable":true,"href":"https:\/\/www.europesays.com\/fr\/wp-json\/wp\/v2\/tags?post=318195"}],"curies":[{"name":"wp","href":"https:\/\/api.w.org\/{rel}","templated":true}]}}