{"id":318197,"date":"2025-08-14T08:36:12","date_gmt":"2025-08-14T08:36:12","guid":{"rendered":"https:\/\/www.europesays.com\/fr\/318197\/"},"modified":"2025-08-14T08:36:12","modified_gmt":"2025-08-14T08:36:12","slug":"cest-une-bonne-surprise-une-piscine-de-lagglomeration-de-grenoble-gratuite-jusqua-dimanche","status":"publish","type":"post","link":"https:\/\/www.europesays.com\/fr\/318197\/","title":{"rendered":"\u00ab\u00a0C&rsquo;est une bonne surprise\u00a0\u00bb, une piscine de l&rsquo;agglom\u00e9ration de Grenoble gratuite jusqu&rsquo;\u00e0 dimanche"},"content":{"rendered":"<p class=\"article__intro\">L&rsquo;entr\u00e9e du stade nautique d&rsquo;\u00c9chirolles, en Is\u00e8re, est gratuite pour les habitants de la commune jusqu&rsquo;\u00e0 dimanche en raison de l&rsquo;\u00e9pisode de canicule. Ils sont nombreux \u00e0 venir s&rsquo;y r\u00e9fugier pour \u00e9chapper \u00e0 la fournaise.<\/p>\n<p>\n      L\u2019actu des r\u00e9gions\n    <\/p>\n<p>\n      Chaque jour, un tour d\u2019horizon des principales infos de toutes les r\u00e9gions.\n    <\/p>\n<p>    France T\u00e9l\u00e9visions utilise votre adresse e-mail afin de vous envoyer la newsletter \u00ab\u00a0L\u2019actu des r\u00e9gions\u00a0\u00bb. Vous pouvez vous d\u00e9sinscrire \u00e0 tout moment via le lien en bas de cette newsletter. <a target=\"_blank\" href=\"https:\/\/www.francetelevisions.fr\/groupe\/confidentialite\/politique-de-confidentialite\/politique-de-confidentialite-de-france-televisions-6503\" rel=\"nofollow noopener\">Notre politique de confidentialit\u00e9<\/a><\/p>\n<p>C\u2019est la bousculade \u00e0 la caisse du stade nautique d\u2019Echirolles. L&rsquo;information s\u2019est r\u00e9pandue comme une tra\u00een\u00e9e de poudre : l\u2019acc\u00e8s aux bassins est gratuit pour les habitants de la commune.<\/p>\n<p>\u00ab\u00a0Avec la chaleur, on avait pr\u00e9vu de venir ici. C&rsquo;est une bonne surprise la gratuit\u00e9\u00a0\u00bb, sourit Nathan. Il suffit aux Echirollois de pr\u00e9senter une facture r\u00e9cente et une pi\u00e8ce d&rsquo;identit\u00e9 pour b\u00e9n\u00e9ficier de la gratuit\u00e9.<\/p>\n<p>\u00c0 l&rsquo;int\u00e9rieur, des bassins pour tous les \u00e2ges et une ambiance de plage. Les plus jeunes et leurs parents se sont pr\u00e9cipit\u00e9s dans la pataugeoire pour se rafra\u00eechir dans l\u2019eau transparente.<\/p>\n<blockquote class=\"ftvi_content_quote\">\n<p class=\"ftvi_citation_quote\">Un acc\u00e8s gratuit \u00e0 une belle piscine de proximit\u00e9 comme ici, c&rsquo;\u00e9tait essentiel de permettre \u00e7a aux Echirollois.<\/p>\n<p>Pierre Labriet, premier adjoint \u00e0 la maire d&rsquo;Echirolles<\/p>\n<\/blockquote>\n<p>\u00ab\u00a0C&rsquo;est top pour tout le monde et c&rsquo;est bien pour cela qu&rsquo;il y a autant de monde. On est joyeux pour \u00e7a\u00a0\u00bb, assure Laura, les pieds dans l&rsquo;eau.\u00a0La gratuit\u00e9 de la piscine est une n\u00e9cessit\u00e9 pour la commune d&rsquo;Echirolles alors que l&rsquo;Is\u00e8re a \u00e9t\u00e9 <a href=\"https:\/\/france3-regions.franceinfo.fr\/auvergne-rhone-alpes\/isere\/canicule-fin-de-la-vigilance-rouge-pour-les-quatre-departements-d-auvergne-rhone-alpes-concernes-3201612.html\" target=\"_blank\" rel=\"noopener nofollow\">plac\u00e9e en vigilance rouge canicule<\/a> de mardi \u00e0 jeudi matin.<\/p>\n<p>Une question de sant\u00e9 publique. \u00ab\u00a0Quand on n&rsquo;est pas forc\u00e9ment parti en vacances parce qu&rsquo;on n&rsquo;avait pas les moyens, avoir un acc\u00e8s gratuit \u00e0 une belle piscine de proximit\u00e9 comme ici, c&rsquo;\u00e9tait essentiel de permettre \u00e7a aux Echirollois\u00a0\u00bb, estime Pierre Labriet, premier adjoint \u00e0 la maire d&rsquo;Echirolles.<\/p>\n<p>    dur\u00e9e de la vid\u00e9o : 00h01mn47s<\/p>\n<p>        <img decoding=\"async\" width=\"640\" height=\"426\" class=\"article-image not-lazy\" src=\"https:\/\/www.europesays.com\/fr\/wp-content\/uploads\/2025\/08\/704eb30e-985f-4495-9bce-ea2b0e36e783.jpg\" alt=\"\" fetchpriority=\"high\"\/><\/p>\n<p>\n          L&rsquo;entr\u00e9e du stade nautique d&rsquo;Echirolles, en Is\u00e8re, est gratuite pour les habitants de la commune jusqu&rsquo;\u00e0 dimanche en raison de la vague de chaleur. Ils sont nombreux \u00e0 venir s&rsquo;y r\u00e9fugier pour \u00e9chapper \u00e0 la fournaise.<\/p>\n<p>        \u2022<\/p>\n<p>              \u00a9France T\u00e9l\u00e9visions\n      <\/p>\n<p>Car dans les appartements des quartiers populaires, l&rsquo;atmosph\u00e8re est souvent intenable quand la temp\u00e9rature ext\u00e9rieure atteint 40 \u00b0C. \u00ab\u00a0Il fait super chaud, c\u2019est insupportable. On suffoque, m\u00eame avec des ventilateurs, \u00e7a brasse de l\u2019air chaud en continu. Venir \u00e0 la piscine, c&rsquo;est un rafra\u00eechissement pour toute la famille et que du plaisir\u00a0\u00bb, confirme Eude, tenant son fils dans les bras.<\/p>\n<p>Les nageurs sportifs qui viennent pour s&rsquo;exercer dans le bassin de 50 m\u00e8tres ont leur p\u00e9rim\u00e8tre pr\u00e9serv\u00e9 : quatre couloirs qu\u2019ils peuvent parcourir paisiblement dans une eau \u00e0 27\u00a0\u00b0C.<\/p>\n<p>\u00ab\u00a0C&rsquo;est rafra\u00eechissant, c&rsquo;est parfait. On prend le temps de papoter avec les copains en bout de ligne\u00a0\u00bb, acquiesce Claudine.\u00a0\u00ab\u00a0Je suis toujours \u00e9tonn\u00e9e de voir qu&rsquo;il y a tr\u00e8s peu de monde qui nage, mais c\u2019est tr\u00e8s bien pour moi\u00a0\u00bb, ironise Fran\u00e7oise, bonnet de bain sur la t\u00eate.<\/p>\n<p>La gratuit\u00e9 doit \u00eatre maintenue pour les habitants jusqu\u2019\u00e0 dimanche, et la fin esp\u00e9r\u00e9e de l\u2019\u00e9pisode de canicule.<\/p>\n","protected":false},"excerpt":{"rendered":"L&rsquo;entr\u00e9e du stade nautique d&rsquo;\u00c9chirolles, en Is\u00e8re, est gratuite pour les habitants de la commune jusqu&rsquo;\u00e0 dimanche en&hellip;\n","protected":false},"author":2,"featured_media":318198,"comment_status":"","ping_status":"","sticky":false,"template":"","format":"standard","meta":{"footnotes":""},"categories":[9566],"tags":[1111,11,2430,1777,674,1011,27,2731,12,25],"class_list":{"0":"post-318197","1":"post","2":"type-post","3":"status-publish","4":"format-standard","5":"has-post-thumbnail","7":"category-grenoble","8":"tag-actu","9":"tag-actualites","10":"tag-auvergne-rhone-alpes","11":"tag-eu","12":"tag-europe","13":"tag-fr","14":"tag-france","15":"tag-grenoble","16":"tag-news","17":"tag-republique-francaise"},"share_on_mastodon":{"url":"https:\/\/pubeurope.com\/@fr\/115026210626717033","error":""},"_links":{"self":[{"href":"https:\/\/www.europesays.com\/fr\/wp-json\/wp\/v2\/posts\/318197","targetHints":{"allow":["GET"]}}],"collection":[{"href":"https:\/\/www.europesays.com\/fr\/wp-json\/wp\/v2\/posts"}],"about":[{"href":"https:\/\/www.europesays.com\/fr\/wp-json\/wp\/v2\/types\/post"}],"author":[{"embeddable":true,"href":"https:\/\/www.europesays.com\/fr\/wp-json\/wp\/v2\/users\/2"}],"replies":[{"embeddable":true,"href":"https:\/\/www.europesays.com\/fr\/wp-json\/wp\/v2\/comments?post=318197"}],"version-history":[{"count":0,"href":"https:\/\/www.europesays.com\/fr\/wp-json\/wp\/v2\/posts\/318197\/revisions"}],"wp:featuredmedia":[{"embeddable":true,"href":"https:\/\/www.europesays.com\/fr\/wp-json\/wp\/v2\/media\/318198"}],"wp:attachment":[{"href":"https:\/\/www.europesays.com\/fr\/wp-json\/wp\/v2\/media?parent=318197"}],"wp:term":[{"taxonomy":"category","embeddable":true,"href":"https:\/\/www.europesays.com\/fr\/wp-json\/wp\/v2\/categories?post=318197"},{"taxonomy":"post_tag","embeddable":true,"href":"https:\/\/www.europesays.com\/fr\/wp-json\/wp\/v2\/tags?post=318197"}],"curies":[{"name":"wp","href":"https:\/\/api.w.org\/{rel}","templated":true}]}}