{"id":318201,"date":"2025-08-14T08:39:11","date_gmt":"2025-08-14T08:39:11","guid":{"rendered":"https:\/\/www.europesays.com\/fr\/318201\/"},"modified":"2025-08-14T08:39:11","modified_gmt":"2025-08-14T08:39:11","slug":"strasbourg-un-appel-a-temoin-lance-apres-un-accident-sur-la-m35-entre-lelsau-et-la-sortie-baggersee","status":"publish","type":"post","link":"https:\/\/www.europesays.com\/fr\/318201\/","title":{"rendered":"Strasbourg. Un appel \u00e0 t\u00e9moin lanc\u00e9 apr\u00e8s un accident sur la M35 entre l&rsquo;Elsau et la sortie Baggersee"},"content":{"rendered":"<p>La police de Strasbourg lance un appel \u00e0 t\u00e9moins suite \u00e0 un accident de la circulation survenu sur l&rsquo;autoroute M35, dans le sens Strasbourg\/Colmar entre la maison d&rsquo;arr\u00eat de l&rsquo;Elsau et la sortie Baggersee, vendredi 8 ao\u00fbt vers 21h55.<\/p>\n<p>Un v\u00e9hicule Peugeot 207 SW de couleur noire a percut\u00e9 un v\u00e9hicule Citro\u00ebn Berlingo de couleur blanche (v\u00e9hicule utilitaire de soci\u00e9t\u00e9 s\u00e9rigraphi\u00e9e) avant de s&rsquo;immobiliser sur la bande d&rsquo;arr\u00eat d&rsquo;urgence.<\/p>\n<p>Les forces de l\u2019ordre recherchent toute personne ayant assist\u00e9 \u00e0 la sc\u00e8ne ou disposant d\u2019informations susceptibles d&rsquo;int\u00e9resser l&rsquo;enqu\u00eate en cours.<\/p>\n<p>Les t\u00e9moins sont invit\u00e9s \u00e0 contacter les services de police au 06 80 67 23 61.<\/p>\n","protected":false},"excerpt":{"rendered":"La police de Strasbourg lance un appel \u00e0 t\u00e9moins suite \u00e0 un accident de la circulation survenu sur&hellip;\n","protected":false},"author":2,"featured_media":318202,"comment_status":"","ping_status":"","sticky":false,"template":"","format":"standard","meta":{"footnotes":""},"categories":[2820],"tags":[119,1111,11,2649,2880,1777,674,274,107,1011,27,775,3088,12,25,640],"class_list":{"0":"post-318201","1":"post","2":"type-post","3":"status-publish","4":"format-standard","5":"has-post-thumbnail","7":"category-strasbourg","8":"tag-accident","9":"tag-actu","10":"tag-actualites","11":"tag-bas-rhin","12":"tag-edition-strasbourg","13":"tag-eu","14":"tag-europe","15":"tag-faits-divers-justice","16":"tag-fil-info","17":"tag-fr","18":"tag-france","19":"tag-grand-est","20":"tag-illkirch-graffenstaden","21":"tag-news","22":"tag-republique-francaise","23":"tag-strasbourg"},"share_on_mastodon":{"url":"https:\/\/pubeurope.com\/@fr\/115026222392760257","error":""},"_links":{"self":[{"href":"https:\/\/www.europesays.com\/fr\/wp-json\/wp\/v2\/posts\/318201","targetHints":{"allow":["GET"]}}],"collection":[{"href":"https:\/\/www.europesays.com\/fr\/wp-json\/wp\/v2\/posts"}],"about":[{"href":"https:\/\/www.europesays.com\/fr\/wp-json\/wp\/v2\/types\/post"}],"author":[{"embeddable":true,"href":"https:\/\/www.europesays.com\/fr\/wp-json\/wp\/v2\/users\/2"}],"replies":[{"embeddable":true,"href":"https:\/\/www.europesays.com\/fr\/wp-json\/wp\/v2\/comments?post=318201"}],"version-history":[{"count":0,"href":"https:\/\/www.europesays.com\/fr\/wp-json\/wp\/v2\/posts\/318201\/revisions"}],"wp:featuredmedia":[{"embeddable":true,"href":"https:\/\/www.europesays.com\/fr\/wp-json\/wp\/v2\/media\/318202"}],"wp:attachment":[{"href":"https:\/\/www.europesays.com\/fr\/wp-json\/wp\/v2\/media?parent=318201"}],"wp:term":[{"taxonomy":"category","embeddable":true,"href":"https:\/\/www.europesays.com\/fr\/wp-json\/wp\/v2\/categories?post=318201"},{"taxonomy":"post_tag","embeddable":true,"href":"https:\/\/www.europesays.com\/fr\/wp-json\/wp\/v2\/tags?post=318201"}],"curies":[{"name":"wp","href":"https:\/\/api.w.org\/{rel}","templated":true}]}}