{"id":318203,"date":"2025-08-14T08:40:17","date_gmt":"2025-08-14T08:40:17","guid":{"rendered":"https:\/\/www.europesays.com\/fr\/318203\/"},"modified":"2025-08-14T08:40:17","modified_gmt":"2025-08-14T08:40:17","slug":"canicule-en-alsace-a-obernai-la-mairie-se-mobilise-pour-appeler-regulierement-les-plus-ages","status":"publish","type":"post","link":"https:\/\/www.europesays.com\/fr\/318203\/","title":{"rendered":"Canicule en Alsace\u00a0: \u00e0 Obernai, la mairie se mobilise pour appeler r\u00e9guli\u00e8rement les plus \u00e2g\u00e9s"},"content":{"rendered":"<p>La canicule continue en Alsace ce jeudi 14 ao\u00fbt avec des temp\u00e9ratures qui s&rsquo;envolent chaque jour un peu plus. A Obernai, dans le Bas-Rhin, la mairie se mobilise pour appeler r\u00e9guli\u00e8rement les a\u00een\u00e9s et prendre des nouvelles. <\/p>\n<p>Jusqu&rsquo;\u00e0 38 degr\u00e9s ce mercredi en Alsace. Les temp\u00e9ratures s&rsquo;envolent. Et elles ne vont pas tellement tomber la nuit prochaine. Elles descendront rarement sous les 20 degr\u00e9s. La chaleur est donc tr\u00e8s difficile \u00e0 supporter. Surtout pour les personnes \u00e2g\u00e9es. Alors de nombreuses mairies <strong>d\u00e9clenchent leur plan de pr\u00e9vention.<\/strong>\u00a0Notamment \u00e0 Obernai (sud ouest de Strasbourg, 12.500 habitants), o\u00f9 le CCAS et les adjoints au maire se relaient pour appeler quasi quotidiennement les personnes \u00e2g\u00e9es et souvent isol\u00e9es.<\/p>\n<p>C&rsquo;est le cas d&rsquo;Isabelle Obrecht, premi\u00e8re adjointe, ce mercredi 13 ao\u00fbt. Elle consacre ce matin l\u00e0 sa matin\u00e9e \u00e0 prendre des nouvelles des anciens de la commune. Ils sont 88 inscrits sur sa liste.<\/p>\n<p>\u00ab\u00a0Ce sont des personnes de profil 75 et plus. Plut\u00f4t proches des 80 ans et plus. les gens sont tr\u00e8s r\u00e9ceptifs par rapport \u00e0 ce service. Et certains vous disent m\u00eame \u00ab\u00a0c&rsquo;est pas la peine de m&rsquo;appeler tous les jours\u00a0\u00bb, mais on les appelle quand m\u00eame, ne serait-ce que pour \u00e9changer un peu avec eux\u00a0\u00bb dit-elle.<\/p>\n<p><img loading=\"lazy\" decoding=\"async\" class=\"VisualPreview svelte-1rldrkz\" src=\"data:image\/jpeg;base64,\/9j\/2wBDACgcHiMeGSgjISMtKygwPGRBPDc3PHtYXUlkkYCZlo+AjIqgtObDoKrarYqMyP\/L2u71\/\/\/\/m8H\/\/\/\/6\/+b9\/\/j\/2wBDASstLTw1PHZBQXb4pYyl+Pj4+Pj4+Pj4+Pj4+Pj4+Pj4+Pj4+Pj4+Pj4+Pj4+Pj4+Pj4+Pj4+Pj4+Pj4+Pj4+Pj\/wAARCAAfACoDASIAAhEBAxEB\/8QAFwABAQEBAAAAAAAAAAAAAAAAAAECA\/\/EABYQAQEBAAAAAAAAAAAAAAAAAAABEf\/EABcBAQEBAQAAAAAAAAAAAAAAAAADAQL\/xAAVEQEBAAAAAAAAAAAAAAAAAAAAEf\/aAAwDAQACEQMRAD8A0GitcQUQrIGpamlIkrUrjK6SpVSNlSKUjNRbDCkf\/9k=\" alt=\"Il a fait jusqu'\u00e0 35 degr\u00e9s \u00e0 Obernai ce mercredi 13 ao\u00fbt\" width=\"600\" height=\"450\"\/>  Il a fait jusqu&rsquo;\u00e0 35 degr\u00e9s \u00e0 Obernai ce mercredi 13 ao\u00fbt \u00a9 Radio France &#8211; Antoine Balandra<\/p>\n<p>Le principe, c&rsquo;est de prendre des nouvelles <strong>et poser quelques questions cl\u00e9s<\/strong>, l&rsquo;air de rien, pour voir si tout va vraiment bien. \u00ab\u00a0Les questions, c&rsquo;est pour voir comment ils vivent chez eux \u00e0 la maison, s&rsquo;ils \u00e9prouvent des sympt\u00f4mes de grande fatigue, et puis on regarde les besoins pratiques, s&rsquo;ils ont besoin de courses ou de quelque chose\u00a0\u00bb explique Isabelle Obrecht.<\/p>\n<p>Ce service activ\u00e9 uniquement en cas d&rsquo;\u00e9v\u00e9nement climatique majeur, canicule ou grand froid est gratuit, destin\u00e9 aux volontaires de plus de 65 ans. Il permet un suivi, et n&rsquo;a pour l&rsquo;instant jamais abouti \u00e0 une action d&rsquo;urgence pour aller sauver une personne \u00e2g\u00e9e.<\/p>\n<p>Mais les \u00e9lus ont bien conscience que face \u00e0 la mont\u00e9e en fl\u00e8che des temp\u00e9ratures l&rsquo;\u00e9t\u00e9, il va falloir s&rsquo;adapter. Pour l&rsquo;instant Obernai dispose seulement d&rsquo;une salle climatis\u00e9e dans un foyer. De gros travaux ont aussi \u00e9t\u00e9 r\u00e9alis\u00e9s au centre socio-culturel Arthur Rimbaud pour refaire la toiture et l&rsquo;isoler. Des fontaines \u00e0 eau sont aussi disponibles dans les parcs.<\/p>\n<p>\u00c0 lire aussi   <img decoding=\"async\" src=\"https:\/\/www.europesays.com\/fr\/wp-content\/uploads\/2025\/08\/560x315_sc_cascade-hohwald-alexander-sorokopud-gettyimages-1199084255.jpg\" alt=\"La cascade du Hohwald.\" style=\"--_image-preview:url('data:image\/jpeg;base64,\/9j\/2wBDACgcHiMeGSgjISMtKygwPGRBPDc3PHtYXUlkkYCZlo+AjIqgtObDoKrarYqMyP\/L2u71\/\/\/\/m8H\/\/\/\/6\/+b9\/\/j\/2wBDASstLTw1PHZBQXb4pYyl+Pj4+Pj4+Pj4+Pj4+Pj4+Pj4+Pj4+Pj4+Pj4+Pj4+Pj4+Pj4+Pj4+Pj4+Pj4+Pj4+Pj\/wAARCAAXACoDASIAAhEBAxEB\/8QAFgABAQEAAAAAAAAAAAAAAAAAAAEE\/8QAFhABAQEAAAAAAAAAAAAAAAAAABEB\/8QAFwEBAQEBAAAAAAAAAAAAAAAAAQACA\/\/EABQRAQAAAAAAAAAAAAAAAAAAAAD\/2gAMAwEAAhEDEQA\/AMWKiuYVAKQAAKCaFAoIAD\/\/2Q==');\" loading=\"lazy\" fetchpriority=\"low\" aria-hidden=\"true\" class=\"svelte-1pnmlwx rounded\" onload=\"this.__e=event\" onerror=\"this.__e=event\"\/><\/p>\n","protected":false},"excerpt":{"rendered":"La canicule continue en Alsace ce jeudi 14 ao\u00fbt avec des temp\u00e9ratures qui s&rsquo;envolent chaque jour un peu&hellip;\n","protected":false},"author":2,"featured_media":318204,"comment_status":"","ping_status":"","sticky":false,"template":"","format":"standard","meta":{"footnotes":""},"categories":[2820],"tags":[1111,11,1777,674,1011,27,775,12,25,640],"class_list":{"0":"post-318203","1":"post","2":"type-post","3":"status-publish","4":"format-standard","5":"has-post-thumbnail","7":"category-strasbourg","8":"tag-actu","9":"tag-actualites","10":"tag-eu","11":"tag-europe","12":"tag-fr","13":"tag-france","14":"tag-grand-est","15":"tag-news","16":"tag-republique-francaise","17":"tag-strasbourg"},"share_on_mastodon":{"url":"https:\/\/pubeurope.com\/@fr\/115026226304646187","error":""},"_links":{"self":[{"href":"https:\/\/www.europesays.com\/fr\/wp-json\/wp\/v2\/posts\/318203","targetHints":{"allow":["GET"]}}],"collection":[{"href":"https:\/\/www.europesays.com\/fr\/wp-json\/wp\/v2\/posts"}],"about":[{"href":"https:\/\/www.europesays.com\/fr\/wp-json\/wp\/v2\/types\/post"}],"author":[{"embeddable":true,"href":"https:\/\/www.europesays.com\/fr\/wp-json\/wp\/v2\/users\/2"}],"replies":[{"embeddable":true,"href":"https:\/\/www.europesays.com\/fr\/wp-json\/wp\/v2\/comments?post=318203"}],"version-history":[{"count":0,"href":"https:\/\/www.europesays.com\/fr\/wp-json\/wp\/v2\/posts\/318203\/revisions"}],"wp:featuredmedia":[{"embeddable":true,"href":"https:\/\/www.europesays.com\/fr\/wp-json\/wp\/v2\/media\/318204"}],"wp:attachment":[{"href":"https:\/\/www.europesays.com\/fr\/wp-json\/wp\/v2\/media?parent=318203"}],"wp:term":[{"taxonomy":"category","embeddable":true,"href":"https:\/\/www.europesays.com\/fr\/wp-json\/wp\/v2\/categories?post=318203"},{"taxonomy":"post_tag","embeddable":true,"href":"https:\/\/www.europesays.com\/fr\/wp-json\/wp\/v2\/tags?post=318203"}],"curies":[{"name":"wp","href":"https:\/\/api.w.org\/{rel}","templated":true}]}}