{"id":318221,"date":"2025-08-14T08:51:09","date_gmt":"2025-08-14T08:51:09","guid":{"rendered":"https:\/\/www.europesays.com\/fr\/318221\/"},"modified":"2025-08-14T08:51:09","modified_gmt":"2025-08-14T08:51:09","slug":"pres-de-marseille-un-homme-chute-dun-pont-au-dessus-de-cette-autoroute-tres-frequentee","status":"publish","type":"post","link":"https:\/\/www.europesays.com\/fr\/318221\/","title":{"rendered":"Pr\u00e8s de Marseille. Un homme chute d&rsquo;un pont au dessus de cette autoroute tr\u00e8s fr\u00e9quent\u00e9e"},"content":{"rendered":"<p>            Par<br \/>\n        <strong><br \/>\n            <a href=\"https:\/\/actu.fr\/auteur\/thomas-blanc\" title=\"Consulter tous les articles de Thomas Blanc\" rel=\"nofollow noopener\" target=\"_blank\">Thomas Blanc<\/a><br \/>\n        <\/strong><\/p>\n<p>        Publi\u00e9 le<\/p>\n<p>            14 ao\u00fbt 2025 \u00e0 9h48        <\/p>\n<p>C\u2019est un bien triste spectacle auquel ont pu assister les automobilistes en route vers l\u2019\u00e9tang de Berre ce jeudi 14\u00a0ao\u00fbt au matin. Un homme d\u2019une quarantaine d\u2019ann\u00e9es est <strong>d\u00e9c\u00e9d\u00e9 sur l\u2019A7<\/strong> \u00e0 proximit\u00e9 de la Caillole, \u00e0 <a href=\"https:\/\/actu.fr\/provence-alpes-cote-d-azur\/septemes-les-vallons_13106\" rel=\"nofollow noopener\" target=\"_blank\">Sept\u00e8mes-les-Vallons<\/a>, en direction de <a href=\"https:\/\/actu.fr\/provence-alpes-cote-d-azur\/vitrolles_13117\" rel=\"nofollow noopener\" target=\"_blank\">Vitrolles<\/a>.<\/p>\n<p>    <a href=\"https:\/\/www.google.com\/maps\/embed?pb=!1m18!1m12!1m3!1d46382.96929779653!2d5.333460304372019!3d43.399275838035585!2m3!1f0!2f0!3f0!3m2!1i1024!2i768!4f13.1!3m3!1m2!1s0x12c9eba982da9b39%3A0xd3f29e82232a7d22!2sLa%20Caillole%2C%2013240%20Sept%C3%A8mes-les-Vallons!5e0!3m2!1sfr!2sfr!4v1755156628572!5m2!1sfr!2sfr\" title=\"Ouvrie le lien\" rel=\"nofollow noopener\" target=\"_blank\">Cliquez ici pour visualiser le contenu<\/a><\/p>\n<p class=\" wall-content\">Le quadrag\u00e9naire a chut\u00e9 depuis le <strong>viaduc du chemin du vallon de la gazelle<\/strong> peu apr\u00e8s 8h, les pompiers des <a href=\"https:\/\/actu.fr\/provence-alpes-cote-d-azur\/bouches-du-rhone_13\" rel=\"nofollow noopener\" target=\"_blank\">Bouches-du-Rh\u00f4ne<\/a> sont intervenus vers 8h15.<\/p>\n<p>Pas d\u2019impact sur la circulation<\/p>\n<p class=\" wall-content\">Sur cette intervention, \u00e0 proximit\u00e9 de l\u2019\u00e9changeur des <a href=\"https:\/\/actu.fr\/provence-alpes-cote-d-azur\/les-pennes-mirabeau_13071\" rel=\"nofollow noopener\" target=\"_blank\">Pennes-Mirabeau<\/a> entre l\u2019A7 et l\u2019A51, les secours ont fait savoir qu\u2019ils avaient mobilis\u00e9 <strong>quatre engins et douze personnels<\/strong>.<\/p>\n<p class=\" wall-content\">Malgr\u00e9 des perturbations annonc\u00e9es sur Waze, ils avertissent \u00e9galement qu\u2019il n\u2019y a \u00ab\u2009<strong>aucun impact sur la circulation<\/strong>\u2009\u00bb puisque \u00ab\u2009la victime est tomb\u00e9e sur la bande d\u2019arr\u00eat d\u2019urgence.\u2009\u00bb<\/p>\n<p class=\" wall-content\">Suivez toute l\u2019actualit\u00e9 de vos villes et m\u00e9dias favoris en vous inscrivant \u00e0 <a href=\"https:\/\/moncompte.actu.fr\" title=\"D\u00e9couvez Mon Actu\" rel=\"nofollow noopener\" data-trk=\"{&quot;cta&quot;:{&quot;action&quot;:&quot;https:\\\/\\\/moncompte.actu.fr&quot;,&quot;category&quot;:&quot;mon compte&quot;,&quot;from&quot;:&quot;article footer&quot;,&quot;name&quot;:&quot;Mon actu&quot;,&quot;type&quot;:&quot;cta&quot;}}\" target=\"_blank\">Mon Actu<\/a>.<\/p>\n<ul class=\"ac-article-tag wall-content\">\n<li><a href=\"https:\/\/actu.fr\/tag\/autoroute-7-a7\" data-trk=\"{&quot;cta&quot;:{&quot;action&quot;:&quot;Autoroute 7 (A7)&quot;,&quot;category&quot;:&quot;tag&quot;,&quot;from&quot;:&quot;article footer&quot;,&quot;name&quot;:&quot;Autoroute 7 (A7)&quot;,&quot;type&quot;:&quot;cta&quot;}}\" rel=\"nofollow noopener\" target=\"_blank\">#Autoroute 7 (A7)<\/a><\/li>\n<li><a href=\"https:\/\/actu.fr\/tag\/pompiers\" data-trk=\"{&quot;cta&quot;:{&quot;action&quot;:&quot;Pompiers&quot;,&quot;category&quot;:&quot;tag&quot;,&quot;from&quot;:&quot;article footer&quot;,&quot;name&quot;:&quot;Pompiers&quot;,&quot;type&quot;:&quot;cta&quot;}}\" rel=\"nofollow noopener\" target=\"_blank\">#Pompiers<\/a><\/li>\n<\/ul>\n","protected":false},"excerpt":{"rendered":"Par Thomas Blanc Publi\u00e9 le 14 ao\u00fbt 2025 \u00e0 9h48 C\u2019est un bien triste spectacle auquel ont pu&hellip;\n","protected":false},"author":2,"featured_media":318222,"comment_status":"","ping_status":"","sticky":false,"template":"","format":"standard","meta":{"footnotes":""},"categories":[2814],"tags":[1111,11,6423,1777,674,118,1011,27,884,12,1311,882,25],"class_list":{"0":"post-318221","1":"post","2":"type-post","3":"status-publish","4":"format-standard","5":"has-post-thumbnail","7":"category-marseille","8":"tag-actu","9":"tag-actualites","10":"tag-autoroute-7-a7","11":"tag-eu","12":"tag-europe","13":"tag-faits-divers","14":"tag-fr","15":"tag-france","16":"tag-marseille","17":"tag-news","18":"tag-pompiers","19":"tag-provence-alpes-cote-dazur","20":"tag-republique-francaise"},"share_on_mastodon":{"url":"https:\/\/pubeurope.com\/@fr\/115026269659325339","error":""},"_links":{"self":[{"href":"https:\/\/www.europesays.com\/fr\/wp-json\/wp\/v2\/posts\/318221","targetHints":{"allow":["GET"]}}],"collection":[{"href":"https:\/\/www.europesays.com\/fr\/wp-json\/wp\/v2\/posts"}],"about":[{"href":"https:\/\/www.europesays.com\/fr\/wp-json\/wp\/v2\/types\/post"}],"author":[{"embeddable":true,"href":"https:\/\/www.europesays.com\/fr\/wp-json\/wp\/v2\/users\/2"}],"replies":[{"embeddable":true,"href":"https:\/\/www.europesays.com\/fr\/wp-json\/wp\/v2\/comments?post=318221"}],"version-history":[{"count":0,"href":"https:\/\/www.europesays.com\/fr\/wp-json\/wp\/v2\/posts\/318221\/revisions"}],"wp:featuredmedia":[{"embeddable":true,"href":"https:\/\/www.europesays.com\/fr\/wp-json\/wp\/v2\/media\/318222"}],"wp:attachment":[{"href":"https:\/\/www.europesays.com\/fr\/wp-json\/wp\/v2\/media?parent=318221"}],"wp:term":[{"taxonomy":"category","embeddable":true,"href":"https:\/\/www.europesays.com\/fr\/wp-json\/wp\/v2\/categories?post=318221"},{"taxonomy":"post_tag","embeddable":true,"href":"https:\/\/www.europesays.com\/fr\/wp-json\/wp\/v2\/tags?post=318221"}],"curies":[{"name":"wp","href":"https:\/\/api.w.org\/{rel}","templated":true}]}}